{"id":147639,"date":"2025-03-16T00:31:11","date_gmt":"2025-03-15T21:31:11","guid":{"rendered":"https:\/\/www.tgrthaber.com\/mavikadin\/?p=147639"},"modified":"2025-03-16T00:39:54","modified_gmt":"2025-03-15T21:39:54","slug":"pinar-deniz-paylasti-kaan-yildirim-baldizi-hurinin-pasta-dukkaninda","status":"publish","type":"post","link":"https:\/\/www.tgrthaber.com\/mavikadin\/pinar-deniz-paylasti-kaan-yildirim-baldizi-hurinin-pasta-dukkaninda\/","title":{"rendered":"P\u0131nar Deniz payla\u015ft\u0131! Kaan Y\u0131ld\u0131r\u0131m bald\u0131z\u0131 H\u00fcri\u2019nin pasta d\u00fckkan\u0131nda\u2026"},"content":{"rendered":"<p>G\u00fczel oyuncu P\u0131nar Deniz do\u011fum yapmas\u0131na az bir zaman kala ablas\u0131n\u0131n pastac\u0131 d\u00fckkann\u0131ndan bir kare payla\u015ft\u0131. E\u015fi Kaan Y\u0131ld\u0131r\u0131m\u2019\u0131n P\u0131nar Deniz\u2019in ablas\u0131 H\u00fcri Deniz\u2019in pasta se\u00e7erken ki hallerini \u201cM\u00fc\u015fteri sevinci\u201d notuyla payla\u015ft\u0131. P\u0131nar Deniz\u2019in payla\u015f\u0131m\u0131 takip\u00e7ileri taraf\u0131ndan yo\u011fun ilgi g\u00f6rd\u00fc.<\/p>\n<h3>PINAR DEN\u0130Z\u2019\u0130N KARES\u0130NDEN KAAN YILDIRIM<\/h3>\n<p>\u00dcnl\u00fc oyuncu P\u0131nar Deniz ve Kaan Y\u0131ld\u0131r\u0131m, anne ve baba olmak i\u00e7in g\u00fcn say\u0131yor. Do\u011fum yapmas\u0131na \u00e7ok az bir zaman kalan P\u0131nar Deniz, hamilelik s\u00fcrecini gezerek, dinlenerek bazen de \u00f6zel markalar\u0131n \u00e7ekimlerine giderek \u00e7al\u0131\u015fmaya devam ediyor. Sosyal medyas\u0131nda uzun s\u00fcredir payla\u015f\u0131m yapmayan g\u00fczel oyuncu P\u0131nar Deniz\u2019den e\u015fi Kaan Y\u0131ld\u0131r\u0131m ve ablas\u0131 H\u00fcri Deniz\u2019de yer ald\u0131\u011f\u0131 bir kareyi payla\u015ft\u0131. Deniz, \u201cM\u00fc\u015fteri sevinci\u201d notu ile payla\u015ft\u0131\u011f\u0131 foto\u011fraf dakikalar i\u00e7erisinde takip\u00e7ileri taraf\u0131ndan be\u011feni toplad\u0131.<\/p>\n<p><img loading=\"lazy\" decoding=\"async\" class=\"alignnone wp-image-147646\" src=\"https:\/\/www.tgrthaber.com\/mavikadin\/wp-content\/uploads\/Pinar-Denizden-esi-Kaan-Yildirim-ve-ablasi-Huri-Deniz-2-300x169.jpg\" alt=\"P\u0131nar Deniz\u2019den e\u015fi Kaan Y\u0131ld\u0131r\u0131m ve ablas\u0131 H\u00fcri Deniz\" width=\"1208\" height=\"680\" title=\"\" srcset=\"https:\/\/www.tgrthaber.com\/mavikadin\/wp-content\/uploads\/Pinar-Denizden-esi-Kaan-Yildirim-ve-ablasi-Huri-Deniz-2-300x169.jpg 300w, https:\/\/www.tgrthaber.com\/mavikadin\/wp-content\/uploads\/Pinar-Denizden-esi-Kaan-Yildirim-ve-ablasi-Huri-Deniz-2-1024x576.jpg 1024w, https:\/\/www.tgrthaber.com\/mavikadin\/wp-content\/uploads\/Pinar-Denizden-esi-Kaan-Yildirim-ve-ablasi-Huri-Deniz-2-768x432.jpg 768w, https:\/\/www.tgrthaber.com\/mavikadin\/wp-content\/uploads\/Pinar-Denizden-esi-Kaan-Yildirim-ve-ablasi-Huri-Deniz-2-1536x864.jpg 1536w, https:\/\/www.tgrthaber.com\/mavikadin\/wp-content\/uploads\/Pinar-Denizden-esi-Kaan-Yildirim-ve-ablasi-Huri-Deniz-2.jpg 1920w\" sizes=\"(max-width: 1208px) 100vw, 1208px\" \/><\/p>\n<hr \/>\n<p>Yarg\u0131 dizisindeki performans\u0131 ile geni\u015f bir hedef kitleye ula\u015fan P\u0131nar Deniz, ge\u00e7ti\u011fimiz y\u0131l Eyl\u00fcl\u2019de \u0130talya\u2019n\u0131n ba\u015fkenti Roma\u2019da Kaan Y\u0131ld\u0131r\u0131m\u2019la d\u00fcnya evinde girdi. Mutluluklar\u0131 ve sevgilerini sosyal medyada payla\u015ft\u0131klar\u0131 foto\u011fraflarla her daim dile getiren \u00e7ift, d\u00fcnyaya gelecek ilk bebeklerini kuca\u011f\u0131na alacaklar\u0131 i\u00e7in heyecanl\u0131lar.<\/p>\n<p><img loading=\"lazy\" decoding=\"async\" class=\"alignnone wp-image-147648\" src=\"https:\/\/www.tgrthaber.com\/mavikadin\/wp-content\/uploads\/pinar-deniz-ve-kaan-yildirim-300x169.jpg\" alt=\"p\u0131nar deniz ve kaan y\u0131ld\u0131r\u0131m\" width=\"1208\" height=\"680\" title=\"\" srcset=\"https:\/\/www.tgrthaber.com\/mavikadin\/wp-content\/uploads\/pinar-deniz-ve-kaan-yildirim-300x169.jpg 300w, https:\/\/www.tgrthaber.com\/mavikadin\/wp-content\/uploads\/pinar-deniz-ve-kaan-yildirim-1024x576.jpg 1024w, https:\/\/www.tgrthaber.com\/mavikadin\/wp-content\/uploads\/pinar-deniz-ve-kaan-yildirim-768x432.jpg 768w, https:\/\/www.tgrthaber.com\/mavikadin\/wp-content\/uploads\/pinar-deniz-ve-kaan-yildirim-1536x864.jpg 1536w, https:\/\/www.tgrthaber.com\/mavikadin\/wp-content\/uploads\/pinar-deniz-ve-kaan-yildirim.jpg 1920w\" sizes=\"(max-width: 1208px) 100vw, 1208px\" \/><\/p>\n<hr \/>\n<p>Erkek bebek bekleyen P\u0131nar Deniz, hamilelik s\u00fcrecini rahat ve sorunsuz bir \u015fekilde ge\u00e7irdi\u011fini dile getirmi\u015fti. Karn\u0131 burnunda olan g\u00fczel oyuncu P\u0131nar Deniz, \u00fcnl\u00fc bir marka i\u00e7in objektifin kar\u015f\u0131s\u0131na ge\u00e7ip pozlar vermi\u015fti. Deniz\u2019in o pozlar\u0131 sosyal medyada be\u011feni ya\u011fmuruna tutulmu\u015ftu.<\/p>\n<p><img loading=\"lazy\" decoding=\"async\" class=\"alignnone wp-image-147654\" src=\"https:\/\/www.tgrthaber.com\/mavikadin\/wp-content\/uploads\/pinar-deniz-canimiz-tatli-cekmistir-300x169.jpg\" alt=\"p\u0131nar deniz can\u0131m\u0131z tatl\u0131 \u00e7ekmi\u015ftir\" width=\"1208\" height=\"680\" title=\"\" srcset=\"https:\/\/www.tgrthaber.com\/mavikadin\/wp-content\/uploads\/pinar-deniz-canimiz-tatli-cekmistir-300x169.jpg 300w, https:\/\/www.tgrthaber.com\/mavikadin\/wp-content\/uploads\/pinar-deniz-canimiz-tatli-cekmistir-1024x576.jpg 1024w, https:\/\/www.tgrthaber.com\/mavikadin\/wp-content\/uploads\/pinar-deniz-canimiz-tatli-cekmistir-768x432.jpg 768w, https:\/\/www.tgrthaber.com\/mavikadin\/wp-content\/uploads\/pinar-deniz-canimiz-tatli-cekmistir-1536x864.jpg 1536w, https:\/\/www.tgrthaber.com\/mavikadin\/wp-content\/uploads\/pinar-deniz-canimiz-tatli-cekmistir.jpg 1920w\" sizes=\"(max-width: 1208px) 100vw, 1208px\" \/><\/p>\n<hr \/>\n<p>Hamilelik s\u00fcrecini g\u00f6zlerden uzak ya\u015fayan \u00fcnl\u00fc oyuncu P\u0131nar Deniz, \u201cCan\u0131m\u0131z tatl\u0131 \u00e7ekmi\u015ftir\u201d notuyla karn\u0131 burnunda bir karesini payla\u015farak, hamilelik s\u00fcrecinin iyi ge\u00e7ti\u011fini sevenleriyle ve takip\u00e7ileriyle payla\u015fm\u0131\u015ft\u0131. P\u0131nar Deniz\u2019in hamileli\u011fi boyunca instagram\u0131nda payla\u015ft\u0131\u011f\u0131 foto\u011fraflardaki do\u011fal g\u00fczelli\u011fi sosyal medyada g\u00fcndem oldu.<\/p>\n","protected":false},"excerpt":{"rendered":"<p>G\u00fczel oyuncu P\u0131nar Deniz do\u011fum yapmas\u0131na az bir zaman kala ablas\u0131n\u0131n pastac\u0131 d\u00fckkann\u0131ndan bir kare payla\u015ft\u0131. E\u015fi Kaan Y\u0131ld\u0131r\u0131m\u2019\u0131n P\u0131nar Deniz\u2019in ablas\u0131 H\u00fcri Deniz\u2019in pasta se\u00e7erken ki hallerini \u201cM\u00fc\u015fteri sevinci\u201d notuyla payla\u015ft\u0131. P\u0131nar Deniz\u2019in payla\u015f\u0131m\u0131 takip\u00e7ileri taraf\u0131ndan yo\u011fun ilgi g\u00f6rd\u00fc. <\/p>\n","protected":false},"author":10,"featured_media":147649,"comment_status":"closed","ping_status":"closed","sticky":false,"template":"","format":"standard","meta":{"rank_math_lock_modified_date":false,"footnotes":""},"categories":[76],"tags":[2943,133,2218,2335],"class_list":["post-147639","post","type-post","status-publish","format-standard","has-post-thumbnail","hentry","category-magazin","tag-kaan-yildirim","tag-magazin","tag-magazin-haberleri","tag-pinar-deniz"],"_links":{"self":[{"href":"https:\/\/www.tgrthaber.com\/mavikadin\/wp-json\/wp\/v2\/posts\/147639"}],"collection":[{"href":"https:\/\/www.tgrthaber.com\/mavikadin\/wp-json\/wp\/v2\/posts"}],"about":[{"href":"https:\/\/www.tgrthaber.com\/mavikadin\/wp-json\/wp\/v2\/types\/post"}],"author":[{"embeddable":true,"href":"https:\/\/www.tgrthaber.com\/mavikadin\/wp-json\/wp\/v2\/users\/10"}],"replies":[{"embeddable":true,"href":"https:\/\/www.tgrthaber.com\/mavikadin\/wp-json\/wp\/v2\/comments?post=147639"}],"version-history":[{"count":2,"href":"https:\/\/www.tgrthaber.com\/mavikadin\/wp-json\/wp\/v2\/posts\/147639\/revisions"}],"predecessor-version":[{"id":147656,"href":"https:\/\/www.tgrthaber.com\/mavikadin\/wp-json\/wp\/v2\/posts\/147639\/revisions\/147656"}],"wp:featuredmedia":[{"embeddable":true,"href":"https:\/\/www.tgrthaber.com\/mavikadin\/wp-json\/wp\/v2\/media\/147649"}],"wp:attachment":[{"href":"https:\/\/www.tgrthaber.com\/mavikadin\/wp-json\/wp\/v2\/media?parent=147639"}],"wp:term":[{"taxonomy":"category","embeddable":true,"href":"https:\/\/www.tgrthaber.com\/mavikadin\/wp-json\/wp\/v2\/categories?post=147639"},{"taxonomy":"post_tag","embeddable":true,"href":"https:\/\/www.tgrthaber.com\/mavikadin\/wp-json\/wp\/v2\/tags?post=147639"}],"curies":[{"name":"wp","href":"https:\/\/api.w.org\/{rel}","templated":true}]}}