{"id":147677,"date":"2025-03-16T01:58:37","date_gmt":"2025-03-15T22:58:37","guid":{"rendered":"https:\/\/www.tgrthaber.com\/mavikadin\/?p=147677"},"modified":"2025-03-16T01:58:37","modified_gmt":"2025-03-15T22:58:37","slug":"yaren-leylek-olayi-ne-yaren-leylek-hangi-sehirde","status":"publish","type":"post","link":"https:\/\/www.tgrthaber.com\/mavikadin\/yaren-leylek-olayi-ne-yaren-leylek-hangi-sehirde\/","title":{"rendered":"Yaren Leylek olay\u0131 ne? Yaren Leylek hangi \u015fehirde?"},"content":{"rendered":"<p>Her y\u0131l Mart ay\u0131nda Bursa&#8217;n\u0131n Eskikaraa\u011fa\u00e7 k\u00f6y\u00fcne g\u00f6\u00e7 eden ve alt\u0131 ay k\u00f6ydeki yuvas\u0131nda kalan Yaren, 2010&#8217;dan beri k\u00f6ye her geldi\u011finde, Uluabat G\u00f6l\u00fc&#8217;nde bal\u0131k\u00e7\u0131 Adem Y\u0131lmaz&#8217;\u0131n kay\u0131\u011f\u0131na konuyor. Her y\u0131l oldu\u011fu gibi bu y\u0131l da Yaren Leylek, Eskikaraa\u011fa\u00e7 k\u00f6y\u00fcndeki dostu Adem Y\u0131lmaz&#8217;\u0131 14. kez ziyarete geldi.<\/p>\n<h3>YAREN LEYLEK HANG\u0130 \u015eEH\u0130RDE?<\/h3>\n<p>Yaren Leylek, Bursa&#8217;n\u0131n Karacabey il\u00e7esinin Eskikaraa\u011fa\u00e7 k\u00f6y\u00fcnde bal\u0131k\u00e7\u0131 Adem Y\u0131lmaz ile kurdu\u011fu dostlukla bilinir.<\/p>\n<p><img loading=\"lazy\" decoding=\"async\" class=\"alignnone wp-image-147681\" src=\"https:\/\/www.tgrthaber.com\/mavikadin\/wp-content\/uploads\/yaren-leylek-olayi-300x169.jpg\" alt=\"yaren leylek olay\u0131\" width=\"1208\" height=\"680\" title=\"\" srcset=\"https:\/\/www.tgrthaber.com\/mavikadin\/wp-content\/uploads\/yaren-leylek-olayi-300x169.jpg 300w, https:\/\/www.tgrthaber.com\/mavikadin\/wp-content\/uploads\/yaren-leylek-olayi-1024x576.jpg 1024w, https:\/\/www.tgrthaber.com\/mavikadin\/wp-content\/uploads\/yaren-leylek-olayi-768x432.jpg 768w, https:\/\/www.tgrthaber.com\/mavikadin\/wp-content\/uploads\/yaren-leylek-olayi-1536x864.jpg 1536w, https:\/\/www.tgrthaber.com\/mavikadin\/wp-content\/uploads\/yaren-leylek-olayi.jpg 1920w\" sizes=\"(max-width: 1208px) 100vw, 1208px\" \/><\/p>\n<hr \/>\n<h3>YAREN LEYLEK OLAYI<\/h3>\n<p>Yaren Leylek\u2019in tahmini olarak 2007 veya 2008 do\u011fumlu oldu\u011fu iddia ediliyor. Mart ay\u0131nda Uluabat G\u00f6l\u00fc k\u0131y\u0131s\u0131nda bulunan ve Eskikaraa\u011fa\u00e7 k\u00f6y\u00fcne g\u00f6\u00e7 eden Yaren Leylek alt\u0131 ay boyunca, k\u00f6ydeki yuvas\u0131nda kal\u0131p Nisan ay\u0131 i\u00e7erisinde de kulu\u00e7ka d\u00f6nemine ge\u00e7er. K\u00f6y, Bursa&#8217;n\u0131n Avrupa Leylek K\u00f6yleri Birli\u011fi \u00fcyesi olan tek k\u00f6y\u00fcd\u00fcr. &#8220;Yaren&#8221; ad\u0131, k\u00f6y\u00fcn muhtar\u0131 R\u0131dvan \u00c7etin taraf\u0131ndan verilmi\u015f. R\u0131dvan \u00c7etin, \u201c Leyle\u011fin di\u015fi mi erkek mi oldu\u011funu bilmedi\u011fini, her iki cinse de uygun olsun diye Yaren ad\u0131n\u0131 verdi\u011fini a\u00e7\u0131klam\u0131\u015ft\u0131. Yaren TDK\u2019da &#8220;arkada\u015f&#8221;, &#8220;dost&#8221;, &#8220;yolda\u015f&#8221; anlam\u0131na gelir.<\/p>\n<p>Mart 2010\u2019dan beri Yaren Leylek, Eskikaraa\u011fa\u00e7 k\u00f6y\u00fcne her geli\u015finde, sabahlar\u0131 bal\u0131k\u00e7\u0131l\u0131k yapan Adem Y\u0131lmaz\u2019\u0131n Karacabey-Adem adl\u0131 sandal\u0131na konar ve onunla birlikte bal\u0131\u011fa \u00e7\u0131kar. Y\u0131lmaz, sabah ezan\u0131ndan sonra bal\u0131\u011fa \u00e7\u0131kar ve Yaren Leylek sandal\u0131na konarak onunla birlikte bal\u0131k avlamaya \u00e7\u0131kar. \u00a0Adem Y\u0131lmaz, kay\u0131\u011f\u0131n\u0131 veya rengini de\u011fi\u015ftirse de Yaren Leyle\u011fi, her zaman geldi\u011fini ve onu gagas\u0131ndaki lekeden ay\u0131rt edebildi\u011fini a\u00e7\u0131klam\u0131\u015ft\u0131.<\/p>\n<p><img loading=\"lazy\" decoding=\"async\" class=\"alignnone wp-image-147682\" src=\"https:\/\/www.tgrthaber.com\/mavikadin\/wp-content\/uploads\/yaren-leylek-ilk-fotografini-ceken-kisi-kim-300x169.jpg\" alt=\"yaren leylek ilk foto\u011fraf\u0131n\u0131 \u00e7eken ki\u015fi kim\" width=\"1208\" height=\"680\" title=\"\" srcset=\"https:\/\/www.tgrthaber.com\/mavikadin\/wp-content\/uploads\/yaren-leylek-ilk-fotografini-ceken-kisi-kim-300x169.jpg 300w, https:\/\/www.tgrthaber.com\/mavikadin\/wp-content\/uploads\/yaren-leylek-ilk-fotografini-ceken-kisi-kim-1024x576.jpg 1024w, https:\/\/www.tgrthaber.com\/mavikadin\/wp-content\/uploads\/yaren-leylek-ilk-fotografini-ceken-kisi-kim-768x432.jpg 768w, https:\/\/www.tgrthaber.com\/mavikadin\/wp-content\/uploads\/yaren-leylek-ilk-fotografini-ceken-kisi-kim-1536x864.jpg 1536w, https:\/\/www.tgrthaber.com\/mavikadin\/wp-content\/uploads\/yaren-leylek-ilk-fotografini-ceken-kisi-kim.jpg 1920w\" sizes=\"(max-width: 1208px) 100vw, 1208px\" \/><\/p>\n<hr \/>\n<h3>YAREN LEYLEK\u2019\u0130N \u0130LK FOTO\u011eRAFINI \u00c7EKEN K\u0130\u015e\u0130 K\u0130M?<\/h3>\n<p>Do\u011fa foto\u011fraf\u00e7\u0131s\u0131 olan Alper T\u00fcyde\u015f taraf\u0131ndan 2016 y\u0131l\u0131nda Yaren Leylek\u2019in foto\u011fraflar\u0131 \u00e7ekildi. \u201cBir leyle\u011fin insanla yak\u0131n temas kurmas\u0131 nadirdi\u201d s\u00f6zleriyle payla\u015f\u0131m\u0131 yapmas\u0131n\u0131n ard\u0131ndan sosyal medyada an\u0131nda viral oldu.<\/p>\n<p><img loading=\"lazy\" decoding=\"async\" class=\"alignnone wp-image-147683\" src=\"https:\/\/www.tgrthaber.com\/mavikadin\/wp-content\/uploads\/yaren-leylek-belgeseli-300x169.jpg\" alt=\"yaren leylek belgeseli\" width=\"1208\" height=\"680\" title=\"\" srcset=\"https:\/\/www.tgrthaber.com\/mavikadin\/wp-content\/uploads\/yaren-leylek-belgeseli-300x169.jpg 300w, https:\/\/www.tgrthaber.com\/mavikadin\/wp-content\/uploads\/yaren-leylek-belgeseli-1024x576.jpg 1024w, https:\/\/www.tgrthaber.com\/mavikadin\/wp-content\/uploads\/yaren-leylek-belgeseli-768x432.jpg 768w, https:\/\/www.tgrthaber.com\/mavikadin\/wp-content\/uploads\/yaren-leylek-belgeseli-1536x864.jpg 1536w, https:\/\/www.tgrthaber.com\/mavikadin\/wp-content\/uploads\/yaren-leylek-belgeseli.jpg 1920w\" sizes=\"(max-width: 1208px) 100vw, 1208px\" \/><\/p>\n<hr \/>\n<h3>YAREN LEYLEK BELGESEL\u0130 YAPILDI<\/h3>\n<p>2019&#8217;da \u2018Bir leylek ile bir insan aras\u0131ndaki dostluk\u2019 belgesel yap\u0131mc\u0131s\u0131 Burak Do\u011fansoysal&#8217;\u0131n ifadesiyle &#8220;Do\u011fan\u0131n ve insan\u0131n bir arada, uyum i\u00e7inde ya\u015famas\u0131n\u0131n m\u00fcmk\u00fcn oldu\u011fu&#8221; masals\u0131 bir dille anlatma karar\u0131 ald\u0131. Yaren, belgesel film \u00e7ekildi\u011fi s\u0131rada sandala e\u015fi Nazl\u0131\u2019y\u0131 da getirdi. E\u015fine \u2018Nazl\u0131\u2019 ad\u0131 verildi.<\/p>\n<p>Yaren ile Nazl\u0131&#8217;n\u0131n internet kullan\u0131c\u0131lar\u0131 taraf\u0131ndan 7 g\u00fcn 24 saat canl\u0131 izlenildi. Karacabey Belediyesi taraf\u0131ndan yuvalar\u0131na yak\u0131n bir yere kamera yerle\u015ftirilerek, belediye taraf\u0131ndan olu\u015fturan bir web sitesi arac\u0131l\u0131\u011f\u0131yla canl\u0131 yay\u0131n yap\u0131ld\u0131. Yaren ile Nazl\u0131&#8217;n\u0131n 2021 y\u0131l\u0131 Mart ay\u0131nda yuvalar\u0131nda bulu\u015fmalar\u0131, Haziran ay\u0131nda Yaren&#8217;in yavrular\u0131n\u0131 ya\u011f\u0131\u015ftan korudu\u011fu anlar internet \u00fczerinden canl\u0131 olarak verildi.<\/p>\n<p><img loading=\"lazy\" decoding=\"async\" class=\"alignnone wp-image-147684\" src=\"https:\/\/www.tgrthaber.com\/mavikadin\/wp-content\/uploads\/yaren-leylek-ulusal-basin-300x169.jpg\" alt=\"yaren leylek ulusal bas\u0131n\" width=\"1208\" height=\"680\" title=\"\" srcset=\"https:\/\/www.tgrthaber.com\/mavikadin\/wp-content\/uploads\/yaren-leylek-ulusal-basin-300x169.jpg 300w, https:\/\/www.tgrthaber.com\/mavikadin\/wp-content\/uploads\/yaren-leylek-ulusal-basin-1024x576.jpg 1024w, https:\/\/www.tgrthaber.com\/mavikadin\/wp-content\/uploads\/yaren-leylek-ulusal-basin-768x432.jpg 768w, https:\/\/www.tgrthaber.com\/mavikadin\/wp-content\/uploads\/yaren-leylek-ulusal-basin-1536x864.jpg 1536w, https:\/\/www.tgrthaber.com\/mavikadin\/wp-content\/uploads\/yaren-leylek-ulusal-basin.jpg 1920w\" sizes=\"(max-width: 1208px) 100vw, 1208px\" \/><\/p>\n<hr \/>\n<h3>YAREN LEYLEK ULUSAL BASINDA DA YER ALDI<\/h3>\n<p>Yaren Leylek ve bal\u0131k\u00e7\u0131 Adem Y\u0131lmaz&#8217;\u0131n \u00f6yk\u00fcs\u00fc, 2019&#8217;daki belgeselin yan\u0131 s\u0131ra 2023&#8217;te bir macera \u00e7ocuk filmine, 2024 y\u0131l\u0131nda The New York Times gazetesine konu oldu.<\/p>\n","protected":false},"excerpt":{"rendered":"<p>Her y\u0131l Mart ay\u0131nda Bursa&#8217;n\u0131n Eskikaraa\u011fa\u00e7 k\u00f6y\u00fcne g\u00f6\u00e7 eden ve alt\u0131 ay k\u00f6ydeki yuvas\u0131nda kalan Yaren, 2010&#8217;dan beri k\u00f6ye her geldi\u011finde, Uluabat G\u00f6l\u00fc&#8217;nde bal\u0131k\u00e7\u0131 Adem Y\u0131lmaz&#8217;\u0131n kay\u0131\u011f\u0131na konuyor. Her y\u0131l oldu\u011fu gibi bu y\u0131l da Yaren Leylek, Eskikaraa\u011fa\u00e7 k\u00f6y\u00fcndeki dostu Adem Y\u0131lmaz&#8217;\u0131 14. kez ziyarete geldi. <\/p>\n","protected":false},"author":10,"featured_media":147680,"comment_status":"closed","ping_status":"closed","sticky":false,"template":"","format":"standard","meta":{"rank_math_lock_modified_date":false,"footnotes":""},"categories":[101],"tags":[247,14386,14387,14385,14388,14384],"class_list":["post-147677","post","type-post","status-publish","format-standard","has-post-thumbnail","hentry","category-kesfet","tag-kesfet","tag-yaren-leylek-belgeseli","tag-yaren-leylek-ceken-ilk-fotografci","tag-yaren-leylek-olayi","tag-yaren-leylek-ulusal-basin","tag-yaren-leylek-yasadigi-sehir"],"_links":{"self":[{"href":"https:\/\/www.tgrthaber.com\/mavikadin\/wp-json\/wp\/v2\/posts\/147677"}],"collection":[{"href":"https:\/\/www.tgrthaber.com\/mavikadin\/wp-json\/wp\/v2\/posts"}],"about":[{"href":"https:\/\/www.tgrthaber.com\/mavikadin\/wp-json\/wp\/v2\/types\/post"}],"author":[{"embeddable":true,"href":"https:\/\/www.tgrthaber.com\/mavikadin\/wp-json\/wp\/v2\/users\/10"}],"replies":[{"embeddable":true,"href":"https:\/\/www.tgrthaber.com\/mavikadin\/wp-json\/wp\/v2\/comments?post=147677"}],"version-history":[{"count":2,"href":"https:\/\/www.tgrthaber.com\/mavikadin\/wp-json\/wp\/v2\/posts\/147677\/revisions"}],"predecessor-version":[{"id":147686,"href":"https:\/\/www.tgrthaber.com\/mavikadin\/wp-json\/wp\/v2\/posts\/147677\/revisions\/147686"}],"wp:featuredmedia":[{"embeddable":true,"href":"https:\/\/www.tgrthaber.com\/mavikadin\/wp-json\/wp\/v2\/media\/147680"}],"wp:attachment":[{"href":"https:\/\/www.tgrthaber.com\/mavikadin\/wp-json\/wp\/v2\/media?parent=147677"}],"wp:term":[{"taxonomy":"category","embeddable":true,"href":"https:\/\/www.tgrthaber.com\/mavikadin\/wp-json\/wp\/v2\/categories?post=147677"},{"taxonomy":"post_tag","embeddable":true,"href":"https:\/\/www.tgrthaber.com\/mavikadin\/wp-json\/wp\/v2\/tags?post=147677"}],"curies":[{"name":"wp","href":"https:\/\/api.w.org\/{rel}","templated":true}]}}