{"id":147902,"date":"2025-03-16T14:42:59","date_gmt":"2025-03-16T11:42:59","guid":{"rendered":"https:\/\/www.tgrthaber.com\/mavikadin\/?p=147902"},"modified":"2025-03-16T15:23:02","modified_gmt":"2025-03-16T12:23:02","slug":"yillar-sonra-ayni-poz-cagatay-ulusoydan-kardesiyle-duygusal-paylasim-sosyal-medyadan-begeni-yagdi","status":"publish","type":"post","link":"https:\/\/www.tgrthaber.com\/mavikadin\/yillar-sonra-ayni-poz-cagatay-ulusoydan-kardesiyle-duygusal-paylasim-sosyal-medyadan-begeni-yagdi\/","title":{"rendered":"Y\u0131llar sonra ayn\u0131 poz! \u00c7a\u011fatay Ulusoy\u2019dan karde\u015fiyle duygusal payla\u015f\u0131m! Sosyal medyadan be\u011feni ya\u011fd\u0131"},"content":{"rendered":"<p class=\"p1\">\u00dcnl\u00fc oyuncu \u00c7a\u011fatay Ulusoy, kariyerinde yeni bir sayfa a\u00e7arken sosyal medya payla\u015f\u0131m\u0131yla da dikkat \u00e7ekti. \u00d6zel hayat\u0131n\u0131 g\u00f6zlerden uzak ya\u015famay\u0131 tercih eden \u00fcnl\u00fc isim, karde\u015fi Atalay Ulusoy\u2019un do\u011fum g\u00fcn\u00fcn\u00fc kutlamak i\u00e7in yapt\u0131\u011f\u0131 payla\u015f\u0131mla g\u00fcndem oldu.\u00a0 \u0130kilinin samimi foto\u011fraflar\u0131 sosyal medyada b\u00fcy\u00fck be\u011feni toplarken, do\u011fum g\u00fcn\u00fc mesaj\u0131 da dikkatlerden ka\u00e7mad\u0131. 27 y\u0131l sonra ayn\u0131 pozu veren ikilinin payla\u015f\u0131m\u0131na be\u011feni ya\u011fd\u0131.<\/p>\n<h3>\u00c7A\u011eATAY ULUSOY&#8217;DAN YILLAR SONRA KARDE\u015e\u0130YLE AYNI DO\u011eUM G\u00dcN\u00dc POZU<\/h3>\n<p class=\"p1\">Modellikten oyunculu\u011fa ge\u00e7i\u015f yapan ve k\u0131sa s\u00fcrede b\u00fcy\u00fck bir \u00e7\u0131k\u0131\u015f yakalayan \u00c7a\u011fatay Ulusoy, Medcezir, \u0130\u00e7erde, Terzi gibi projelerdeki ba\u015far\u0131l\u0131 performans\u0131yla geni\u015f bir hayran kitlesine ula\u015ft\u0131. Son olarak Gaddar dizisinde izleyici kar\u015f\u0131s\u0131na \u00e7\u0131kan \u00fcnl\u00fc oyuncu, yeni dizisi E\u015fref R\u00fcya ile ekrana d\u00f6nmeye haz\u0131rlan\u0131yor. Dizide, Demet \u00d6zdemir ile birlikte rol alacak olan Ulusoy\u2019un bu projedeki performans\u0131 \u015fimdiden merak konusu haline geldi.<\/p>\n<p><img loading=\"lazy\" decoding=\"async\" class=\"alignnone wp-image-147903 \" src=\"https:\/\/www.tgrthaber.com\/mavikadin\/wp-content\/uploads\/Ekran-Resmi-2025-03-16-13.12.32-1.png\" alt=\"\" width=\"982\" height=\"1335\" title=\"\" srcset=\"https:\/\/www.tgrthaber.com\/mavikadin\/wp-content\/uploads\/Ekran-Resmi-2025-03-16-13.12.32-1.png 556w, https:\/\/www.tgrthaber.com\/mavikadin\/wp-content\/uploads\/Ekran-Resmi-2025-03-16-13.12.32-1-221x300.png 221w\" sizes=\"(max-width: 982px) 100vw, 982px\" \/><\/p>\n<hr \/>\n<p class=\"p1\">\u00d6zel hayat\u0131n\u0131 genellikle g\u00f6zlerden uzak tutan oyuncu, zaman zaman a\u015fk hayat\u0131yla da g\u00fcndeme geliyor. Bu kez magazin d\u00fcnyas\u0131na konu olan \u015fey a\u015fk hayat\u0131 de\u011fil, aile ba\u011flar\u0131 oldu. \u00c7a\u011fatay Ulusoy, karde\u015fi Atalay Ulusoy\u2019un 27. ya\u015f g\u00fcn\u00fcn\u00fc kutlamak i\u00e7in sosyal medya hesab\u0131ndan nostaljik bir foto\u011fraf payla\u015ft\u0131. \u00c7ocukluk y\u0131llar\u0131na ait karelerin yan\u0131 s\u0131ra, ikilinin y\u0131llar sonra verdikleri yeni pozlar da dikkat \u00e7ekti. \u201cDo\u011fum g\u00fcn\u00fcn kutlu olsun bro!\u201d notuyla yap\u0131lan payla\u015f\u0131m, k\u0131sa s\u00fcrede binlerce be\u011feni ve yorum ald\u0131.<\/p>\n<p><img loading=\"lazy\" decoding=\"async\" class=\"alignnone wp-image-147904 \" src=\"https:\/\/www.tgrthaber.com\/mavikadin\/wp-content\/uploads\/Ekran-Resmi-2025-03-16-14.34.50-878x1024.png\" alt=\"\" width=\"989\" height=\"1153\" title=\"\" srcset=\"https:\/\/www.tgrthaber.com\/mavikadin\/wp-content\/uploads\/Ekran-Resmi-2025-03-16-14.34.50-878x1024.png 878w, https:\/\/www.tgrthaber.com\/mavikadin\/wp-content\/uploads\/Ekran-Resmi-2025-03-16-14.34.50-257x300.png 257w, https:\/\/www.tgrthaber.com\/mavikadin\/wp-content\/uploads\/Ekran-Resmi-2025-03-16-14.34.50-768x896.png 768w, https:\/\/www.tgrthaber.com\/mavikadin\/wp-content\/uploads\/Ekran-Resmi-2025-03-16-14.34.50.png 1260w\" sizes=\"(max-width: 989px) 100vw, 989px\" \/><\/p>\n<hr \/>\n<p class=\"p1\">Ulusoy\u2019un, karde\u015fiyle olan g\u00fc\u00e7l\u00fc ba\u011f\u0131 takip\u00e7ileri taraf\u0131ndan be\u011feniyle kar\u015f\u0131land\u0131. Aralar\u0131ndaki ya\u015f fark\u0131na ra\u011fmen olduk\u00e7a yak\u0131n olduklar\u0131 bilinen iki karde\u015fin, zaman zaman birlikte vakit ge\u00e7irdi\u011fi ancak bunu kameralardan uzak tuttu\u011fu da biliniyor. Oyuncunun bu samimi payla\u015f\u0131m\u0131, hayranlar\u0131n\u0131 hem duyguland\u0131rd\u0131 hem de \u015fa\u015f\u0131rtt\u0131.<\/p>\n<p><img loading=\"lazy\" decoding=\"async\" class=\"alignnone wp-image-147905 \" src=\"https:\/\/www.tgrthaber.com\/mavikadin\/wp-content\/uploads\/Ekran-Resmi-2025-03-16-14.36.07.png\" alt=\"\" width=\"991\" height=\"806\" title=\"\" srcset=\"https:\/\/www.tgrthaber.com\/mavikadin\/wp-content\/uploads\/Ekran-Resmi-2025-03-16-14.36.07.png 880w, https:\/\/www.tgrthaber.com\/mavikadin\/wp-content\/uploads\/Ekran-Resmi-2025-03-16-14.36.07-300x244.png 300w, https:\/\/www.tgrthaber.com\/mavikadin\/wp-content\/uploads\/Ekran-Resmi-2025-03-16-14.36.07-768x625.png 768w\" sizes=\"(max-width: 991px) 100vw, 991px\" \/><\/p>\n<hr \/>\n<h3>\u00c7A\u011eATAY ULUSOY K\u0130MD\u0130R?<\/h3>\n<p class=\"p1\">\u00c7a\u011fatay Ulusoy, 23 Eyl\u00fcl 1990\u2019da \u0130stanbul\u2019da do\u011fdu. Kariyerine modellikle ad\u0131m atan Ulusoy, 2010 y\u0131l\u0131nda Best Model of Turkey yar\u0131\u015fmas\u0131n\u0131 kazand\u0131. Ard\u0131ndan, \u0130stanbul \u00dcniversitesi\u2019nde e\u011fitim al\u0131rken oyunculuk derslerine ba\u015flad\u0131. Vahide Per\u00e7in ve Altan G\u00f6rd\u00fcm\u2019\u00fcn sanat okulunda e\u011fitim g\u00f6rerek yeteneklerini geli\u015ftirdi.\u00a0 \u201cAnadolu Kartallar\u0131\u201d filminde ba\u015frol oynad\u0131. \u201cMedcezir\u201d dizisindeki Yaman Koper rol\u00fcyle b\u00fcy\u00fck bir hayran kitlesine ula\u015ft\u0131. Sinemada ise \u201cDelibal\u201d filmiyle dikkat \u00e7ekti ve \u00e7e\u015fitli markalar\u0131n reklam y\u00fcz\u00fc oldu.<\/p>\n","protected":false},"excerpt":{"rendered":"<p>Ba\u015far\u0131l\u0131 oyuncu \u00c7a\u011fatay Ulusoy, yeni projeleriyle g\u00fcndemdeyken yapt\u0131\u011f\u0131 duygusal payla\u015f\u0131mla hayranlar\u0131n\u0131 \u015fa\u015f\u0131rtt\u0131. Karde\u015fi Atalay Ulusoy\u2019un do\u011fum g\u00fcn\u00fcn\u00fc kutlayan oyuncu, y\u0131llar \u00f6nce \u00e7ekilen bir foto\u011fraf\u0131 yeniden canland\u0131rd\u0131. \u0130kilinin samimi karesi b\u00fcy\u00fck ilgi g\u00f6rd\u00fc ve k\u0131sa s\u00fcrede sosyal medyada g\u00fcndem oldu.<\/p>\n","protected":false},"author":16,"featured_media":147907,"comment_status":"closed","ping_status":"closed","sticky":false,"template":"","format":"standard","meta":{"rank_math_lock_modified_date":false,"footnotes":""},"categories":[76],"tags":[14446,14445,14447],"class_list":["post-147902","post","type-post","status-publish","format-standard","has-post-thumbnail","hentry","category-magazin","tag-cagatay-ulusoy-atalay-ulusoy-dogum-gunu","tag-cagatay-ulusoy-kardesi-atalay-ulusoy-dogum-gunu-pozu","tag-cagatay-ulusoy-kimdir"],"_links":{"self":[{"href":"https:\/\/www.tgrthaber.com\/mavikadin\/wp-json\/wp\/v2\/posts\/147902"}],"collection":[{"href":"https:\/\/www.tgrthaber.com\/mavikadin\/wp-json\/wp\/v2\/posts"}],"about":[{"href":"https:\/\/www.tgrthaber.com\/mavikadin\/wp-json\/wp\/v2\/types\/post"}],"author":[{"embeddable":true,"href":"https:\/\/www.tgrthaber.com\/mavikadin\/wp-json\/wp\/v2\/users\/16"}],"replies":[{"embeddable":true,"href":"https:\/\/www.tgrthaber.com\/mavikadin\/wp-json\/wp\/v2\/comments?post=147902"}],"version-history":[{"count":3,"href":"https:\/\/www.tgrthaber.com\/mavikadin\/wp-json\/wp\/v2\/posts\/147902\/revisions"}],"predecessor-version":[{"id":147919,"href":"https:\/\/www.tgrthaber.com\/mavikadin\/wp-json\/wp\/v2\/posts\/147902\/revisions\/147919"}],"wp:featuredmedia":[{"embeddable":true,"href":"https:\/\/www.tgrthaber.com\/mavikadin\/wp-json\/wp\/v2\/media\/147907"}],"wp:attachment":[{"href":"https:\/\/www.tgrthaber.com\/mavikadin\/wp-json\/wp\/v2\/media?parent=147902"}],"wp:term":[{"taxonomy":"category","embeddable":true,"href":"https:\/\/www.tgrthaber.com\/mavikadin\/wp-json\/wp\/v2\/categories?post=147902"},{"taxonomy":"post_tag","embeddable":true,"href":"https:\/\/www.tgrthaber.com\/mavikadin\/wp-json\/wp\/v2\/tags?post=147902"}],"curies":[{"name":"wp","href":"https:\/\/api.w.org\/{rel}","templated":true}]}}