{"id":147941,"date":"2025-03-16T16:35:24","date_gmt":"2025-03-16T13:35:24","guid":{"rendered":"https:\/\/www.tgrthaber.com\/mavikadin\/?p=147941"},"modified":"2025-03-16T16:36:22","modified_gmt":"2025-03-16T13:36:22","slug":"oyuncu-hazal-caglardan-futbolcu-sevgilisi-samet-akaydina-ovgu-dolu-sozler-seni-her-seyden-cok-seviyorum","status":"publish","type":"post","link":"https:\/\/www.tgrthaber.com\/mavikadin\/oyuncu-hazal-caglardan-futbolcu-sevgilisi-samet-akaydina-ovgu-dolu-sozler-seni-her-seyden-cok-seviyorum\/","title":{"rendered":"Oyuncu Hazal \u00c7a\u011flar\u2019dan futbolcu sevgilisi Samet Akayd\u0131n\u2019a \u00f6vg\u00fc dolu s\u00f6zler! &#8220;Seni her \u015feyden \u00e7ok seviyorum&#8221;"},"content":{"rendered":"<p>Ba\u015far\u0131l\u0131 oyuncu Hazal \u00c7a\u011flar ve \u00fcnl\u00fc futbolcu Samet Akayd\u0131n\u2019\u0131n uzun zamand\u0131r g\u00f6zlerden uzak a\u015fk ya\u015fad\u0131\u011f\u0131 ortaya \u00e7\u0131km\u0131\u015ft\u0131. Yeni bir a\u015fka yelken a\u00e7an ikili sevgili olduklar\u0131n\u0131 duyurmu\u015f ve \u00e7iftten ilk payla\u015f\u0131m gelmi\u015fti. \u00c7i\u00e7e\u011fi burnunda \u00e7iftten Hazal \u00c7a\u011flar, futbolcu sevgilisi Samet Akayd\u0131n\u2019a \u00f6vg\u00fc dolu s\u00f6zler ya\u011fd\u0131rd\u0131. Hazal \u00c7a\u011flar, sevgilisiyle olan foto\u011fraf\u0131n\u0131 sosyal medya hesab\u0131ndan payla\u015ft\u0131\u2026<\/p>\n<h3>OYUNCU HAZAL \u00c7A\u011eLAR\u2019DAN FUTBOLCU SEVG\u0130L\u0130S\u0130 SAMET AKAYDIN\u2019A \u00d6VG\u00dc DOLU S\u00d6ZLER!<\/h3>\n<p>G\u00f6n\u00fcl Da\u011f\u0131 dizisinin Asuman\u2019\u0131 oyuncu Hazal \u00c7a\u011flar, futbolcu sevgilisi Samet Akayd\u0131n\u2019a \u00f6vg\u00fc dolu s\u00f6zler ya\u011fd\u0131rd\u0131. Kas\u0131m ay\u0131n\u0131n ba\u015flar\u0131nda a\u015fk ya\u015fad\u0131klar\u0131 iddia edilen \u00c7a\u011flar ve Akayd\u0131n \u00e7ifti, yeni y\u0131la girmeden a\u015fklar\u0131n\u0131 itiraf etmi\u015f ve birlikte foto\u011fraf payla\u015fm\u0131\u015ft\u0131. A\u015fklar\u0131n\u0131 daha \u00e7ok g\u00f6zlerden uzak ya\u015famay\u0131 tercih eden ikili, mutluluk pozlar\u0131n\u0131 sosyal medya hesaplar\u0131 \u00fczerinden takip\u00e7ileriyle payla\u015fm\u0131\u015ft\u0131.<\/p>\n<p><img loading=\"lazy\" decoding=\"async\" class=\"alignnone wp-image-147943\" src=\"https:\/\/www.tgrthaber.com\/mavikadin\/wp-content\/uploads\/Hazal-Caglar-1024x576.jpg\" alt=\"Oyuncu Hazal \u00c7a\u011flar\u2019dan futbolcu sevgilisi Samet Akayd\u0131n\u2019a \u00f6vg\u00fc dolu s\u00f6zler! \" width=\"1208\" height=\"680\" title=\"\" srcset=\"https:\/\/www.tgrthaber.com\/mavikadin\/wp-content\/uploads\/Hazal-Caglar-1024x576.jpg 1024w, https:\/\/www.tgrthaber.com\/mavikadin\/wp-content\/uploads\/Hazal-Caglar-300x169.jpg 300w, https:\/\/www.tgrthaber.com\/mavikadin\/wp-content\/uploads\/Hazal-Caglar-768x432.jpg 768w, https:\/\/www.tgrthaber.com\/mavikadin\/wp-content\/uploads\/Hazal-Caglar-1536x864.jpg 1536w, https:\/\/www.tgrthaber.com\/mavikadin\/wp-content\/uploads\/Hazal-Caglar.jpg 1600w\" sizes=\"(max-width: 1208px) 100vw, 1208px\" \/><\/p>\n<hr \/>\n<p>\u015eimdilerde \u00c7aykur Rizespor futbol kul\u00fcb\u00fcnde top ko\u015fturan Samet Akayd\u0131n, ba\u015far\u0131l\u0131 oyuncu Hazal \u00c7a\u011flar\u2019a olan a\u015fk\u0131n\u0131 Instagram \u00fczerinden yapt\u0131\u011f\u0131 yorumla duyurmu\u015ftu. \u00c7a\u011flar\u2019\u0131n foto\u011fraf\u0131n\u0131 kalp emojisi atan Akayd\u0131n, adeta oyuncuya olan a\u015fk\u0131n\u0131 itiraf etmi\u015fti. Ya\u015fad\u0131klar\u0131 s\u00fcrpriz a\u015fkla herkesi \u015fa\u015fk\u0131na \u00e7eviren ikiliden yeni bir payla\u015f\u0131m geldi. Oyuncu \u00c7a\u011flar, sosyal medya hesab\u0131ndan yapt\u0131\u011f\u0131 payla\u015f\u0131mla, futbolcu sevgilisi Samet Akayd\u0131n\u2019a \u00f6vg\u00fc dolu s\u00f6zler ya\u011fd\u0131rd\u0131.<\/p>\n<p><img loading=\"lazy\" decoding=\"async\" class=\"alignnone wp-image-147944\" src=\"https:\/\/www.tgrthaber.com\/mavikadin\/wp-content\/uploads\/Hazal-Caglar-3-1024x576.jpg\" alt=\"Oyuncu Hazal \u00c7a\u011flar\u2019dan futbolcu sevgilisi Samet Akayd\u0131n\u2019a \u00f6vg\u00fc dolu s\u00f6zler! \" width=\"1208\" height=\"680\" title=\"\" srcset=\"https:\/\/www.tgrthaber.com\/mavikadin\/wp-content\/uploads\/Hazal-Caglar-3-1024x576.jpg 1024w, https:\/\/www.tgrthaber.com\/mavikadin\/wp-content\/uploads\/Hazal-Caglar-3-300x169.jpg 300w, https:\/\/www.tgrthaber.com\/mavikadin\/wp-content\/uploads\/Hazal-Caglar-3-768x432.jpg 768w, https:\/\/www.tgrthaber.com\/mavikadin\/wp-content\/uploads\/Hazal-Caglar-3-1536x864.jpg 1536w, https:\/\/www.tgrthaber.com\/mavikadin\/wp-content\/uploads\/Hazal-Caglar-3.jpg 1600w\" sizes=\"(max-width: 1208px) 100vw, 1208px\" \/><\/p>\n<hr \/>\n<h3>\u201cSEN\u0130 HER \u015eEYDEN \u00c7OK SEV\u0130YORUM\u201d<\/h3>\n<p>\u0130li\u015fkilerini g\u00f6zlerden uzak ya\u015famay\u0131 tercih eden Hazal \u00c7a\u011flar ve Samet Akayd\u0131n \u00e7ifti, \u015fimdilerde birlikte payla\u015f\u0131m yapmaktan \u00e7ekinmiyor. Sosyal medyada yapt\u0131klar\u0131 yorumla\u015fmalarla a\u015fklar\u0131n\u0131 itiraf eden ikiliden ge\u00e7ti\u011fimiz aylarda foto\u011fraf gelmi\u015f ve a\u015fk belgelenmi\u015fti. Son zamanlarda ya\u015fad\u0131klar\u0131 a\u015fkla g\u00fcndeme gelen \u00e7i\u00e7e\u011fi burnunda \u00e7iftten yeni payla\u015f\u0131m geldi.<\/p>\n<p><img loading=\"lazy\" decoding=\"async\" class=\"alignnone wp-image-147945\" src=\"https:\/\/www.tgrthaber.com\/mavikadin\/wp-content\/uploads\/Hazal-Caglar-2-1024x576.jpg\" alt=\"Oyuncu Hazal \u00c7a\u011flar\u2019dan futbolcu sevgilisi Samet Akayd\u0131n\u2019a \u00f6vg\u00fc dolu s\u00f6zler! \" width=\"1208\" height=\"680\" title=\"\" srcset=\"https:\/\/www.tgrthaber.com\/mavikadin\/wp-content\/uploads\/Hazal-Caglar-2-1024x576.jpg 1024w, https:\/\/www.tgrthaber.com\/mavikadin\/wp-content\/uploads\/Hazal-Caglar-2-300x169.jpg 300w, https:\/\/www.tgrthaber.com\/mavikadin\/wp-content\/uploads\/Hazal-Caglar-2-768x432.jpg 768w, https:\/\/www.tgrthaber.com\/mavikadin\/wp-content\/uploads\/Hazal-Caglar-2-1536x864.jpg 1536w, https:\/\/www.tgrthaber.com\/mavikadin\/wp-content\/uploads\/Hazal-Caglar-2.jpg 1600w\" sizes=\"(max-width: 1208px) 100vw, 1208px\" \/><\/p>\n<hr \/>\n<p>A\u015fklar\u0131n\u0131 takip\u00e7ileriyle de payla\u015fmay\u0131 ihmal etmeyen Hazal \u00c7a\u011flar ve Samet Akayd\u0131n \u00e7ifti, sosyal medya kullan\u0131c\u0131lar\u0131 taraf\u0131ndan da be\u011feni toplam\u0131\u015ft\u0131. Ba\u015far\u0131l\u0131 oyuncu \u00c7a\u011flar, bu kez sosyal medya hesab\u0131ndan yapt\u0131\u011f\u0131 payla\u015f\u0131mla futbolcu sevgilisi Akayd\u0131n\u2019\u0131n do\u011fum g\u00fcn\u00fcn\u00fc kutlad\u0131. \u00c7a\u011flar, Instagram hesab\u0131ndan yapt\u0131\u011f\u0131 payla\u015f\u0131mda sevgilisine \u00f6vg\u00fcler ya\u011fd\u0131rd\u0131. \u00c7a\u011flar, Akayd\u0131n ile \u00e7\u0131kt\u0131klar\u0131 romantik yemekten payla\u015ft\u0131\u011f\u0131 foto\u011fraf\u0131n alt\u0131na: \u201cSeni her \u015feyden \u00e7ok seviyorum&#8230; Nice mutlu y\u0131llara, birlikte, el ele\u201d notunu d\u00fc\u015ft\u00fc.<\/p>\n","protected":false},"excerpt":{"rendered":"<p>G\u00f6n\u00fcl Da\u011f\u0131 dizisinin Asuman\u2019\u0131 Hazal \u00c7a\u011flar futbolcu sevgilisi Samet Akayd\u0131n\u2019\u0131n do\u011fum g\u00fcn\u00fcn\u00fc bak\u0131n nas\u0131l kutlad\u0131. \u0130\u015fte Hazal \u00c7a\u011flar\u2019dan Samet Akayd\u0131n\u2019a \u00f6vg\u00fc dolu s\u00f6zler\u2026 <\/p>\n","protected":false},"author":26,"featured_media":147942,"comment_status":"closed","ping_status":"closed","sticky":false,"template":"","format":"standard","meta":{"rank_math_lock_modified_date":false,"footnotes":""},"categories":[76],"tags":[5413,133,2218,5414],"class_list":["post-147941","post","type-post","status-publish","format-standard","has-post-thumbnail","hentry","category-magazin","tag-hazal-caglar","tag-magazin","tag-magazin-haberleri","tag-samet-akaydin"],"_links":{"self":[{"href":"https:\/\/www.tgrthaber.com\/mavikadin\/wp-json\/wp\/v2\/posts\/147941"}],"collection":[{"href":"https:\/\/www.tgrthaber.com\/mavikadin\/wp-json\/wp\/v2\/posts"}],"about":[{"href":"https:\/\/www.tgrthaber.com\/mavikadin\/wp-json\/wp\/v2\/types\/post"}],"author":[{"embeddable":true,"href":"https:\/\/www.tgrthaber.com\/mavikadin\/wp-json\/wp\/v2\/users\/26"}],"replies":[{"embeddable":true,"href":"https:\/\/www.tgrthaber.com\/mavikadin\/wp-json\/wp\/v2\/comments?post=147941"}],"version-history":[{"count":1,"href":"https:\/\/www.tgrthaber.com\/mavikadin\/wp-json\/wp\/v2\/posts\/147941\/revisions"}],"predecessor-version":[{"id":147946,"href":"https:\/\/www.tgrthaber.com\/mavikadin\/wp-json\/wp\/v2\/posts\/147941\/revisions\/147946"}],"wp:featuredmedia":[{"embeddable":true,"href":"https:\/\/www.tgrthaber.com\/mavikadin\/wp-json\/wp\/v2\/media\/147942"}],"wp:attachment":[{"href":"https:\/\/www.tgrthaber.com\/mavikadin\/wp-json\/wp\/v2\/media?parent=147941"}],"wp:term":[{"taxonomy":"category","embeddable":true,"href":"https:\/\/www.tgrthaber.com\/mavikadin\/wp-json\/wp\/v2\/categories?post=147941"},{"taxonomy":"post_tag","embeddable":true,"href":"https:\/\/www.tgrthaber.com\/mavikadin\/wp-json\/wp\/v2\/tags?post=147941"}],"curies":[{"name":"wp","href":"https:\/\/api.w.org\/{rel}","templated":true}]}}