{"id":148002,"date":"2025-03-16T23:57:22","date_gmt":"2025-03-16T20:57:22","guid":{"rendered":"https:\/\/www.tgrthaber.com\/mavikadin\/?p=148002"},"modified":"2025-03-16T23:57:22","modified_gmt":"2025-03-16T20:57:22","slug":"caz-muzisyen-kerem-gorsev-neconun-kizi-zeynep-ozyilmazel-ile-evleniyor","status":"publish","type":"post","link":"https:\/\/www.tgrthaber.com\/mavikadin\/caz-muzisyen-kerem-gorsev-neconun-kizi-zeynep-ozyilmazel-ile-evleniyor\/","title":{"rendered":"Caz m\u00fczisyen Kerem G\u00f6rsev Neco&#8217;nun k\u0131z\u0131 Zeynep \u00d6zy\u0131lmazel ile evleniyor!"},"content":{"rendered":"<p>\u00dcnl\u00fc caz m\u00fczisyen Kerem G\u00f6rsev, kendisi gibi m\u00fczisyen olan Neco\u2019nun b\u00fcy\u00fck k\u0131z\u0131 Zeynep \u00d6zy\u0131lmazel ile evleniyor.<\/p>\n<h3>KEREM G\u00d6RSEV NECO\u2019NUN KIZI ZEYNEP \u00d6ZYILMAZEL \u0130LE EVLEN\u0130YOR<\/h3>\n<p>\u00dcnl\u00fc \u015fark\u0131c\u0131 Neco\u2019nun b\u00fcy\u00fck k\u0131z\u0131 olan Zeynep \u00d6zy\u0131lmazel, caz m\u00fczisyeni olan Kerem G\u00f6rsev ile evlilik karar\u0131 ald\u0131. \u00dcnl\u00fc m\u00fczisyen Kerem G\u00f6rsev Ni\u015fanta\u015f\u0131\u2019nda g\u00f6r\u00fcnt\u00fclendi. Snob Magazin haberine g\u00f6re, konserlerinin sold-out oldu\u011funu ve sezonu 24 Nisan\u2019da yapaca\u011f\u0131 konser ile bitirece\u011fi s\u00f6yledi. Yaz sezonu i\u00e7inse Bodrum\u2019da sahne alaca\u011f\u0131n\u0131 s\u00f6yleyen m\u00fczisyen, konserleri ve turneleri hakk\u0131nda k\u0131sa bilgiler verdi. 7 senedir Bodrum\u2019da ya\u015fad\u0131\u011f\u0131n\u0131 ve ekimden sonra \u0130stanbul\u2019a yerle\u015fece\u011finin haberini veren G\u00f6rsev, ni\u015fanland\u0131\u011f\u0131n\u0131 belirtti.<\/p>\n<p><img loading=\"lazy\" decoding=\"async\" class=\"alignnone wp-image-148008\" src=\"https:\/\/www.tgrthaber.com\/mavikadin\/wp-content\/uploads\/haber-gorselleri-fotoshop-2025-03-16T235331.977-1024x576.jpg\" alt=\"\" width=\"1208\" height=\"680\" title=\"\" srcset=\"https:\/\/www.tgrthaber.com\/mavikadin\/wp-content\/uploads\/haber-gorselleri-fotoshop-2025-03-16T235331.977-1024x576.jpg 1024w, https:\/\/www.tgrthaber.com\/mavikadin\/wp-content\/uploads\/haber-gorselleri-fotoshop-2025-03-16T235331.977-300x169.jpg 300w, https:\/\/www.tgrthaber.com\/mavikadin\/wp-content\/uploads\/haber-gorselleri-fotoshop-2025-03-16T235331.977-768x432.jpg 768w, https:\/\/www.tgrthaber.com\/mavikadin\/wp-content\/uploads\/haber-gorselleri-fotoshop-2025-03-16T235331.977-1536x864.jpg 1536w, https:\/\/www.tgrthaber.com\/mavikadin\/wp-content\/uploads\/haber-gorselleri-fotoshop-2025-03-16T235331.977.jpg 1600w\" sizes=\"(max-width: 1208px) 100vw, 1208px\" \/><\/p>\n<hr \/>\n<p>Neco\u2019nun b\u00fcy\u00fck k\u0131z\u0131 olan Zeynep \u00d6zy\u0131lmazel ile yaz ay\u0131nda d\u00fc\u011f\u00fcnleri olaca\u011f\u0131n\u0131n bilgisini verdi. D\u00fc\u011f\u00fcn hakk\u0131nda k\u00fc\u00e7\u00fck bir kutlama olaca\u011f\u0131n\u0131 ve yaz aylar\u0131nda d\u00fcnyevine gireceklerini s\u00f6yledi. Bas\u0131n mensuplar\u0131n\u0131n \u201cNeco Bey ile konu\u015ftunuz mu?\u201d soruna ise \u201cZeynep&#8217;i zaten 20 sene k\u00fcs\u00fcrd\u00fcr tan\u0131yorum. Keyifli bir hik\u00e2ye oldu. Neco&#8217;yu en son TV8&#8217;de program\u0131m vard\u0131 orada ve Bodrum&#8217;da yat liman\u0131nda g\u00f6rm\u00fc\u015ft\u00fcm. Biliyordur herhalde ni\u015fan\u0131&#8230; Ben s\u00f6ylemedim.\u201d s\u00f6zleri ile cevaplad\u0131.<\/p>\n<h3><img loading=\"lazy\" decoding=\"async\" class=\"alignnone wp-image-148009\" src=\"https:\/\/www.tgrthaber.com\/mavikadin\/wp-content\/uploads\/haber-gorselleri-fotoshop-2025-03-16T235316.804-1024x576.jpg\" alt=\"\" width=\"1208\" height=\"680\" title=\"\" srcset=\"https:\/\/www.tgrthaber.com\/mavikadin\/wp-content\/uploads\/haber-gorselleri-fotoshop-2025-03-16T235316.804-1024x576.jpg 1024w, https:\/\/www.tgrthaber.com\/mavikadin\/wp-content\/uploads\/haber-gorselleri-fotoshop-2025-03-16T235316.804-300x169.jpg 300w, https:\/\/www.tgrthaber.com\/mavikadin\/wp-content\/uploads\/haber-gorselleri-fotoshop-2025-03-16T235316.804-768x432.jpg 768w, https:\/\/www.tgrthaber.com\/mavikadin\/wp-content\/uploads\/haber-gorselleri-fotoshop-2025-03-16T235316.804-1536x864.jpg 1536w, https:\/\/www.tgrthaber.com\/mavikadin\/wp-content\/uploads\/haber-gorselleri-fotoshop-2025-03-16T235316.804.jpg 1600w\" sizes=\"(max-width: 1208px) 100vw, 1208px\" \/><\/h3>\n<hr \/>\n<h3>N\u0130\u015eANLISINA \u015eARKI YAPTI\u011eINI S\u00d6YLED\u0130<\/h3>\n<p>\u00dcnl\u00fc caz m\u00fczisyeni kendi aralar\u0131nda y\u00fcz\u00fck takt\u0131klar\u0131n\u0131 ve onun i\u00e7in \u00f6nemli olan\u0131n kalben hissetti\u011finin pe\u015finde ko\u015farsan oldu\u011funu s\u00f6yledi. Ba\u015f\u0131ndan iki evlilik ge\u00e7ti\u011fini ve asl\u0131nda tekrardan bir evlilik aray\u0131\u015f\u0131nda olmad\u0131\u011f\u0131n\u0131 da dile getirdi. Ancak Zeynep \u00d6zy\u0131lmazel\u2019in zarif bir insan oldu\u011funu ve onunla evlenmek istedi\u011fini ifade etti. Ya\u015f fark\u0131n\u0131n sorulmas\u0131 \u00fczerine aralar\u0131nda bulunan 17 ya\u015f\u0131 \u00e7ok bulmad\u0131\u011f\u0131n\u0131 ve \u00d6zy\u0131lmazel\u2019in kendisi gibi m\u00fczisyen oldu\u011funun cevab\u0131n\u0131 verdi. Ni\u015fanl\u0131s\u0131na 4 tane \u015fark\u0131 yapt\u0131\u011f\u0131n\u0131 ve yeni alb\u00fcm\u00fcn\u00fc Zeynep \u00d6zy\u0131lmazel ad\u0131na sundu\u011funu s\u00f6yledi.<\/p>\n<h3><img loading=\"lazy\" decoding=\"async\" class=\"alignnone wp-image-148012\" src=\"https:\/\/www.tgrthaber.com\/mavikadin\/wp-content\/uploads\/haber-gorselleri-fotoshop-2025-03-16T235253.014-1024x576.jpg\" alt=\"\" width=\"1208\" height=\"680\" title=\"\" srcset=\"https:\/\/www.tgrthaber.com\/mavikadin\/wp-content\/uploads\/haber-gorselleri-fotoshop-2025-03-16T235253.014-1024x576.jpg 1024w, https:\/\/www.tgrthaber.com\/mavikadin\/wp-content\/uploads\/haber-gorselleri-fotoshop-2025-03-16T235253.014-300x169.jpg 300w, https:\/\/www.tgrthaber.com\/mavikadin\/wp-content\/uploads\/haber-gorselleri-fotoshop-2025-03-16T235253.014-768x432.jpg 768w, https:\/\/www.tgrthaber.com\/mavikadin\/wp-content\/uploads\/haber-gorselleri-fotoshop-2025-03-16T235253.014-1536x864.jpg 1536w, https:\/\/www.tgrthaber.com\/mavikadin\/wp-content\/uploads\/haber-gorselleri-fotoshop-2025-03-16T235253.014.jpg 1600w\" sizes=\"(max-width: 1208px) 100vw, 1208px\" \/><\/h3>\n<hr \/>\n<h3>KEREM G\u00d6RSEV K\u0130MD\u0130R<\/h3>\n<p>Caz m\u00fczisyeni olan Kerem G\u00f6rsev, 28 Haziran 1961 y\u0131l\u0131nda d\u00fcnyaya geldi. E\u011fitimini \u0130stanbul Devlet Konservatuar\u0131\u2019nda tamamlad\u0131. \u0130lk beste denemelerine 1990 y\u0131llar\u0131nda ba\u015flayan G\u00f6rsev, 1994 y\u0131l\u0131nda ilk alb\u00fcm\u00fc olan \u201cHands and Lips\u201din kay\u0131tlar\u0131n\u0131 bitirdi. D\u00fcnyaca \u00fcnl\u00fc isimlerle birlikte \u00e7al\u0131\u015fan sanat\u00e7\u0131, \u015fimdilerde 63 ya\u015f\u0131ndad\u0131r.<\/p>\n","protected":false},"excerpt":{"rendered":"<p>\u00dcnl\u00fc caz m\u00fczisyen Kerem G\u00f6rsev, kendisi gibi m\u00fczisyen olan Neco\u2019nun b\u00fcy\u00fck k\u0131z\u0131 Zeynep \u00d6zy\u0131lmazel ile evleniyor.<\/p>\n","protected":false},"author":34,"featured_media":148012,"comment_status":"closed","ping_status":"closed","sticky":false,"template":"","format":"standard","meta":{"rank_math_lock_modified_date":false,"footnotes":""},"categories":[76],"tags":[14473,14470,14472,14471],"class_list":["post-148002","post","type-post","status-publish","format-standard","has-post-thumbnail","hentry","category-magazin","tag-caz-muzisyeni-kerem-gorsev","tag-kerem-gorsev","tag-neco-ozyilmazel","tag-zeynep-ozyilmazel"],"_links":{"self":[{"href":"https:\/\/www.tgrthaber.com\/mavikadin\/wp-json\/wp\/v2\/posts\/148002"}],"collection":[{"href":"https:\/\/www.tgrthaber.com\/mavikadin\/wp-json\/wp\/v2\/posts"}],"about":[{"href":"https:\/\/www.tgrthaber.com\/mavikadin\/wp-json\/wp\/v2\/types\/post"}],"author":[{"embeddable":true,"href":"https:\/\/www.tgrthaber.com\/mavikadin\/wp-json\/wp\/v2\/users\/34"}],"replies":[{"embeddable":true,"href":"https:\/\/www.tgrthaber.com\/mavikadin\/wp-json\/wp\/v2\/comments?post=148002"}],"version-history":[{"count":2,"href":"https:\/\/www.tgrthaber.com\/mavikadin\/wp-json\/wp\/v2\/posts\/148002\/revisions"}],"predecessor-version":[{"id":148015,"href":"https:\/\/www.tgrthaber.com\/mavikadin\/wp-json\/wp\/v2\/posts\/148002\/revisions\/148015"}],"wp:featuredmedia":[{"embeddable":true,"href":"https:\/\/www.tgrthaber.com\/mavikadin\/wp-json\/wp\/v2\/media\/148012"}],"wp:attachment":[{"href":"https:\/\/www.tgrthaber.com\/mavikadin\/wp-json\/wp\/v2\/media?parent=148002"}],"wp:term":[{"taxonomy":"category","embeddable":true,"href":"https:\/\/www.tgrthaber.com\/mavikadin\/wp-json\/wp\/v2\/categories?post=148002"},{"taxonomy":"post_tag","embeddable":true,"href":"https:\/\/www.tgrthaber.com\/mavikadin\/wp-json\/wp\/v2\/tags?post=148002"}],"curies":[{"name":"wp","href":"https:\/\/api.w.org\/{rel}","templated":true}]}}