{"id":148197,"date":"2025-03-17T13:53:00","date_gmt":"2025-03-17T10:53:00","guid":{"rendered":"https:\/\/www.tgrthaber.com\/mavikadin\/?p=148197"},"modified":"2025-03-17T16:17:08","modified_gmt":"2025-03-17T13:17:08","slug":"tam-3-malzemeyle-yipranmis-saclard","status":"publish","type":"post","link":"https:\/\/www.tgrthaber.com\/mavikadin\/tam-3-malzemeyle-yipranmis-saclard\/","title":{"rendered":"Tam 3 malzemeyle y\u0131pranm\u0131\u015f sa\u00e7lara veda edin! Ke\u00e7e gibi sa\u00e7lara son"},"content":{"rendered":"<p>Daha parlak ve daha canl\u0131 sa\u00e7lara sahip olmak isteyenler i\u00e7in y\u00fczy\u0131l\u0131n en iyi kar\u0131\u015f\u0131m\u0131n\u0131 bulduk. Antik M\u0131s\u0131rl\u0131 sultanlar\u0131n parlak ve canl\u0131 sa\u00e7lar\u0131n\u0131n s\u0131rr\u0131 olan bu kar\u0131\u015f\u0131m sayesinde ke\u00e7e gibi sa\u00e7larla vedala\u015f\u0131n.<\/p>\n<h3>TAM 3 MALZEMEYLE YIPRANMI\u015e SA\u00c7LARA VEDA ED\u0130N!<\/h3>\n<p>Evde kendi y\u00f6ntemlerinizle yapaca\u011f\u0131n\u0131z 3 malzemeli sa\u00e7 bak\u0131m \u00fcr\u00fcn\u00fc sa\u00e7lar\u0131n adeta ke\u00e7e gibi g\u00f6r\u00fcnmesini engeller. Daha parlak ve canl\u0131 sa\u00e7lar\u0131n olu\u015fmas\u0131 i\u00e7in bir kasenin i\u00e7ine bir yemek ka\u015f\u0131\u011f\u0131 Hindistan cevizi ya\u011f\u0131 ekleyin. Ard\u0131ndan i\u00e7ine bir damla badem ya\u011f\u0131 ve portakal ya\u011f\u0131 ekleyin. Sa\u00e7lar\u0131n\u0131z hen\u00fcz kirliyken bu kar\u0131\u015f\u0131m\u0131 sa\u00e7 diplerinize s\u00fcr\u00fcn. Sa\u00e7lar\u0131n\u0131zda 30 dakika beklettikten sonra \u0131l\u0131k suyla durulay\u0131n \u00fczerine \u015fampuan tarz\u0131 kozmetik \u00fcr\u00fcnler d\u00f6kmeyin.<\/p>\n<p><img loading=\"lazy\" decoding=\"async\" class=\"alignnone size-full wp-image-148266\" src=\"https:\/\/www.tgrthaber.com\/mavikadin\/wp-content\/uploads\/Adsiz-tasarim-52-1.png\" alt=\"\" width=\"1208\" height=\"680\" title=\"\" srcset=\"https:\/\/www.tgrthaber.com\/mavikadin\/wp-content\/uploads\/Adsiz-tasarim-52-1.png 1208w, https:\/\/www.tgrthaber.com\/mavikadin\/wp-content\/uploads\/Adsiz-tasarim-52-1-300x169.png 300w, https:\/\/www.tgrthaber.com\/mavikadin\/wp-content\/uploads\/Adsiz-tasarim-52-1-1024x576.png 1024w, https:\/\/www.tgrthaber.com\/mavikadin\/wp-content\/uploads\/Adsiz-tasarim-52-1-768x432.png 768w\" sizes=\"(max-width: 1208px) 100vw, 1208px\" \/><\/p>\n<hr \/>\n<p>\u00d6te yandan keratin, shea ya\u011f\u0131 veya argan ya\u011f\u0131 gibi i\u00e7eriklere sahip \u00fcr\u00fcnleri aray\u0131n. Bu i\u00e7erikler hasarl\u0131 sa\u00e7 tellerini onarmaya, nem eklemeye ve sa\u00e7 g\u00fcc\u00fcn\u00fc art\u0131rmaya yard\u0131mc\u0131 olur.<\/p>\n<h3>KE\u00c7E G\u0130B\u0130 SA\u00c7LARA SON<\/h3>\n<p>Bal, zeytinya\u011f\u0131 veya Hindistan cevizi ya\u011f\u0131 gibi i\u00e7eriklerle kendi sa\u00e7 maskenizi yapabilirsiniz. Kar\u0131\u015f\u0131m\u0131 sa\u00e7\u0131n\u0131za uygulay\u0131n ve durulamadan \u00f6nce 20-30 dakika bekletin. Sa\u00e7lar\u0131n\u0131z\u0131 mutlaka sa\u00e7 kurutma makinesiyle d\u00fczle\u015ftirici ve ma\u015fa kullan\u0131m\u0131n\u0131 s\u0131n\u0131rlay\u0131n. Kullanman\u0131z gerekiyorsa \u00f6nce bir \u0131s\u0131 koruyucu uygulay\u0131n. S\u00fclfat i\u00e7ermeyen \u015fampuanlar kullan\u0131n. S\u00fclfatlar sa\u00e7\u0131n\u0131z\u0131n do\u011fal ya\u011flar\u0131n\u0131 yok ederek daha fazla kurulu\u011fa yol a\u00e7abilir.<\/p>\n<p><img loading=\"lazy\" decoding=\"async\" class=\"alignnone size-full wp-image-148267\" src=\"https:\/\/www.tgrthaber.com\/mavikadin\/wp-content\/uploads\/Adsiz-tasarim-53-1.png\" alt=\"\" width=\"1208\" height=\"680\" title=\"\" srcset=\"https:\/\/www.tgrthaber.com\/mavikadin\/wp-content\/uploads\/Adsiz-tasarim-53-1.png 1208w, https:\/\/www.tgrthaber.com\/mavikadin\/wp-content\/uploads\/Adsiz-tasarim-53-1-300x169.png 300w, https:\/\/www.tgrthaber.com\/mavikadin\/wp-content\/uploads\/Adsiz-tasarim-53-1-1024x576.png 1024w, https:\/\/www.tgrthaber.com\/mavikadin\/wp-content\/uploads\/Adsiz-tasarim-53-1-768x432.png 768w\" sizes=\"(max-width: 1208px) 100vw, 1208px\" \/><\/p>\n<hr \/>\n<p>Her haftada bir sa\u00e7lar\u0131n\u0131z\u0131 d\u00fczenli olarak kestirin. K\u0131r\u0131k u\u00e7lar\u0131n giderilmesine ve hasar\u0131n sa\u00e7 \u015faft\u0131na yay\u0131lmas\u0131n\u0131n \u00f6nlenmesine yard\u0131mc\u0131 olabilir. Nemi hapseden ve sa\u00e7\u0131n\u0131z\u0131 g\u00fcn boyu koruyan sa\u00e7ta kalan sa\u00e7 kremleri kullan\u0131n.<\/p>\n<p>Daha fazla k\u0131r\u0131lmay\u0131 \u00f6nlemek i\u00e7in \u0131slakken sa\u00e7\u0131n\u0131z\u0131 nazik\u00e7e a\u00e7mak i\u00e7in her zaman geni\u015f di\u015fli bir tarak veya parmaklar\u0131n\u0131z\u0131 kullan\u0131n. Sa\u00e7\u0131n\u0131z\u0131 asla du\u015f ald\u0131\u011f\u0131n\u0131z s\u0131rada taramay\u0131n. Sa\u00e7lar\u0131n\u0131z\u0131n incelmesine neden olur. Ayr\u0131ca sa\u00e7lar\u0131n\u0131za do\u011frudan sprey s\u0131kmay\u0131n spreyi avucunuzun i\u00e7ine s\u0131k\u0131p ovalay\u0131n o s\u0131cakl\u0131kla sa\u00e7 u\u00e7lar\u0131n\u0131za s\u00fcr\u00fcn.<\/p>\n","protected":false},"excerpt":{"rendered":"<p>Derinlemesine zarara u\u011fram\u0131\u015f sa\u00e7lar\u0131n k\u00f6keninde olu\u015fan hasar sa\u00e7 u\u00e7lar\u0131na kadar etkilere neden olur. Sa\u00e7lar\u0131n a\u015f\u0131r\u0131 boyanmas\u0131 v\u00fccuttaki vitaminsizlik gibi durumlar h\u0131zl\u0131 y\u0131pranmaya  ve d\u00f6k\u00fclmeye yol a\u00e7ar. Bunu engellemenin en etkili yolu sa\u00e7lar\u0131n daha g\u00fcr \u00e7\u0131kmas\u0131n\u0131 sa\u011flayan 3 malzemeli kar\u0131\u015f\u0131md\u0131r. <\/p>\n","protected":false},"author":24,"featured_media":148265,"comment_status":"closed","ping_status":"closed","sticky":false,"template":"","format":"standard","meta":{"rank_math_lock_modified_date":false,"footnotes":""},"categories":[101,166],"tags":[8148,14527],"class_list":["post-148197","post","type-post","status-publish","format-standard","has-post-thumbnail","hentry","category-kesfet","category-sac-bakimi-sac-uzatma","tag-yipranmis-sac","tag-yipranmis-saclar-icin-maske"],"_links":{"self":[{"href":"https:\/\/www.tgrthaber.com\/mavikadin\/wp-json\/wp\/v2\/posts\/148197"}],"collection":[{"href":"https:\/\/www.tgrthaber.com\/mavikadin\/wp-json\/wp\/v2\/posts"}],"about":[{"href":"https:\/\/www.tgrthaber.com\/mavikadin\/wp-json\/wp\/v2\/types\/post"}],"author":[{"embeddable":true,"href":"https:\/\/www.tgrthaber.com\/mavikadin\/wp-json\/wp\/v2\/users\/24"}],"replies":[{"embeddable":true,"href":"https:\/\/www.tgrthaber.com\/mavikadin\/wp-json\/wp\/v2\/comments?post=148197"}],"version-history":[{"count":4,"href":"https:\/\/www.tgrthaber.com\/mavikadin\/wp-json\/wp\/v2\/posts\/148197\/revisions"}],"predecessor-version":[{"id":148268,"href":"https:\/\/www.tgrthaber.com\/mavikadin\/wp-json\/wp\/v2\/posts\/148197\/revisions\/148268"}],"wp:featuredmedia":[{"embeddable":true,"href":"https:\/\/www.tgrthaber.com\/mavikadin\/wp-json\/wp\/v2\/media\/148265"}],"wp:attachment":[{"href":"https:\/\/www.tgrthaber.com\/mavikadin\/wp-json\/wp\/v2\/media?parent=148197"}],"wp:term":[{"taxonomy":"category","embeddable":true,"href":"https:\/\/www.tgrthaber.com\/mavikadin\/wp-json\/wp\/v2\/categories?post=148197"},{"taxonomy":"post_tag","embeddable":true,"href":"https:\/\/www.tgrthaber.com\/mavikadin\/wp-json\/wp\/v2\/tags?post=148197"}],"curies":[{"name":"wp","href":"https:\/\/api.w.org\/{rel}","templated":true}]}}