{"id":148305,"date":"2025-03-17T19:42:47","date_gmt":"2025-03-17T16:42:47","guid":{"rendered":"https:\/\/www.tgrthaber.com\/mavikadin\/?p=148305"},"modified":"2025-03-17T19:42:47","modified_gmt":"2025-03-17T16:42:47","slug":"vefasini-gosterdi-mahsun-kirmizigul-kiziyla-edip-akbayramin-mezarini-ziyaret-edip-dua-etti","status":"publish","type":"post","link":"https:\/\/www.tgrthaber.com\/mavikadin\/vefasini-gosterdi-mahsun-kirmizigul-kiziyla-edip-akbayramin-mezarini-ziyaret-edip-dua-etti\/","title":{"rendered":"Vefas\u0131n\u0131 g\u00f6sterdi! Mahsun K\u0131rm\u0131z\u0131g\u00fcl, k\u0131z\u0131yla Edip Akbayram\u2019\u0131n mezar\u0131n\u0131 ziyaret edip, dua etti!"},"content":{"rendered":"<p class=\"p2\">Pe\u015f pe\u015fe ya\u015fad\u0131\u011f\u0131 kay\u0131plarla b\u00fcy\u00fck bir \u00fcz\u00fcnt\u00fc ya\u015fayan Mahsun K\u0131rm\u0131z\u0131g\u00fcl, \u00f6nce annesini, ard\u0131ndan da iki yak\u0131n dostunu kaybetti. Bu ac\u0131lardan biri de Edip Akbayram\u2019\u0131n vefat\u0131yd\u0131. Yurt d\u0131\u015f\u0131ndan d\u00f6ner d\u00f6nmez k\u0131z\u0131 Lavin\u2019le birlikte Edip Akbayram\u2019\u0131n mezar\u0131n\u0131 ziyaret eden K\u0131rm\u0131z\u0131g\u00fcl, burada uzun s\u00fcre dua etti. Mezar ba\u015f\u0131nda duygusal anlar ya\u015fayan sanat\u00e7\u0131n\u0131n bu ziyareti, sevenlerini derinden etkiledi. K\u0131rm\u0131z\u0131g\u00fcl\u2019\u00fcn dostlar\u0131na olan ba\u011fl\u0131l\u0131\u011f\u0131 ve vefas\u0131 sosyal medyada b\u00fcy\u00fck takdir toplad\u0131. Sanat\u00e7\u0131n\u0131n h\u00fcz\u00fcnl\u00fc anlar\u0131, ona destek olan hayranlar\u0131 taraf\u0131ndan da payla\u015f\u0131l\u0131rken, bu \u00f6zel ziyaret g\u00fcndem oldu.<\/p>\n<h3>MAHSUN KIRMIZIG\u00dcL, ED\u0130P AKBAYRAM&#8217;I UNUTMADI! KIZIYLA MEZARINI Z\u0130YARET ETT\u0130<\/h3>\n<p class=\"p1\">Mahsun K\u0131rm\u0131z\u0131g\u00fcl, arka arkaya ya\u015fad\u0131\u011f\u0131 kay\u0131plar\u0131n ard\u0131ndan derin bir \u00fcz\u00fcnt\u00fc ya\u015f\u0131yor. \u00d6nce annesini, sonra iki yak\u0131n arkada\u015f\u0131n\u0131 yitiren sanat\u00e7\u0131, ya\u015fad\u0131\u011f\u0131 kay\u0131plarla sars\u0131ld\u0131. Yurtd\u0131\u015f\u0131ndan d\u00f6nd\u00fckten sonra k\u0131z\u0131 Lavin\u2019i de yan\u0131na alarak usta sanat\u00e7\u0131 Edip Akbayram\u2019\u0131n kabrine giden K\u0131rm\u0131z\u0131g\u00fcl, burada uzun s\u00fcre dua etti.<\/p>\n<div style=\"width: 640px;\" class=\"wp-video\"><!--[if lt IE 9]><script>document.createElement('video');<\/script><![endif]-->\n<video class=\"wp-video-shortcode\" id=\"video-148305-1\" width=\"640\" height=\"361\" preload=\"metadata\" controls=\"controls\"><source type=\"video\/mp4\" src=\"https:\/\/www.tgrthaber.com\/mavikadin\/wp-content\/uploads\/edip.mp4?_=1\" \/><a href=\"https:\/\/www.tgrthaber.com\/mavikadin\/wp-content\/uploads\/edip.mp4\">https:\/\/www.tgrthaber.com\/mavikadin\/wp-content\/uploads\/edip.mp4<\/a><\/video><\/div>\n<p class=\"p1\">Bu anlaml\u0131 ziyaret, onu sevenler taraf\u0131ndan da b\u00fcy\u00fck ilgi g\u00f6rd\u00fc. Sanat\u00e7\u0131n\u0131n vefak\u00e2r tavr\u0131 ve dostlar\u0131na olan ba\u011fl\u0131l\u0131\u011f\u0131 sosyal medyada takdir toplarken, mezar ba\u015f\u0131ndaki h\u00fcz\u00fcnl\u00fc g\u00f6r\u00fcnt\u00fcleri hayranlar\u0131 taraf\u0131ndan payla\u015f\u0131larak g\u00fcndem oldu. Mahsun K\u0131rm\u0131z\u0131g\u00fcl&#8217;\u00fcn Edip Akbayram&#8217;\u0131n mezar\u0131 ba\u015f\u0131ndaki g\u00f6r\u00fcnt\u00fcleri payla\u015f\u0131p, d\u00fc\u015ft\u00fc\u011f\u00fc not da dikkat \u00e7ekti. K\u0131rm\u0131z\u0131g\u00fcl&#8217;\u00fcn payla\u015f\u0131m\u0131na takip\u00e7ileri be\u011feni ve yorum ya\u011fd\u0131rd\u0131.<\/p>\n<p><img loading=\"lazy\" decoding=\"async\" class=\"alignnone wp-image-148307 \" src=\"https:\/\/www.tgrthaber.com\/mavikadin\/wp-content\/uploads\/Ekran-Resmi-2025-03-17-19.32.34.png\" alt=\"\" width=\"973\" height=\"593\" title=\"\" srcset=\"https:\/\/www.tgrthaber.com\/mavikadin\/wp-content\/uploads\/Ekran-Resmi-2025-03-17-19.32.34.png 876w, https:\/\/www.tgrthaber.com\/mavikadin\/wp-content\/uploads\/Ekran-Resmi-2025-03-17-19.32.34-300x183.png 300w, https:\/\/www.tgrthaber.com\/mavikadin\/wp-content\/uploads\/Ekran-Resmi-2025-03-17-19.32.34-768x468.png 768w\" sizes=\"(max-width: 973px) 100vw, 973px\" \/><\/p>\n<hr \/>\n<h3>ED\u0130P AKBAYRAM K\u0130MD\u0130R, NEDEN \u00d6LD\u00dc?<\/h3>\n<p class=\"p1\">T\u00fcrk m\u00fczi\u011finin efsane isimlerinden Edip Akbayram, uzun s\u00fcredir tedavi g\u00f6rd\u00fc\u011f\u00fc hastanede, 75 ya\u015f\u0131nda hayata veda etti. Sanat\u00e7\u0131, zat\u00fcrre nedeniyle kald\u0131r\u0131ld\u0131\u011f\u0131 Haydarpa\u015fa Numune Hastanesi\u2019nde i\u00e7 kanama ge\u00e7irerek yo\u011fun bak\u0131ma al\u0131nm\u0131\u015ft\u0131. 4 Ocak 2025\u2019ten beri s\u00fcren tedavi s\u00fcrecine ra\u011fmen, \u00e7oklu organ yetmezli\u011fi nedeniyle ya\u015fam\u0131n\u0131 yitirdi. 29 Aral\u0131k 1950\u2019de Gaziantep\u2019te d\u00fcnyaya gelen Akbayram, k\u00fc\u00e7\u00fck ya\u015fta \u00e7ocuk felci ge\u00e7irdi. M\u00fczik kariyerine lise y\u0131llar\u0131nda ba\u015flayan sanat\u00e7\u0131, halk m\u00fczi\u011fini modern t\u0131n\u0131larla birle\u015ftirerek unutulmaz eserler verdi.<\/p>\n<p><img loading=\"lazy\" decoding=\"async\" class=\"alignnone wp-image-148308 \" src=\"https:\/\/www.tgrthaber.com\/mavikadin\/wp-content\/uploads\/Ekran-Resmi-2025-03-17-19.33.41.png\" alt=\"\" width=\"968\" height=\"605\" title=\"\" srcset=\"https:\/\/www.tgrthaber.com\/mavikadin\/wp-content\/uploads\/Ekran-Resmi-2025-03-17-19.33.41.png 874w, https:\/\/www.tgrthaber.com\/mavikadin\/wp-content\/uploads\/Ekran-Resmi-2025-03-17-19.33.41-300x187.png 300w, https:\/\/www.tgrthaber.com\/mavikadin\/wp-content\/uploads\/Ekran-Resmi-2025-03-17-19.33.41-768x480.png 768w\" sizes=\"(max-width: 968px) 100vw, 968px\" \/><\/p>\n<hr \/>\n<p class=\"p1\">M\u00fczik kariyerine gen\u00e7 ya\u015flarda ba\u015flayan Edip Akbayram, ilk pla\u011f\u0131n\u0131 Siyah \u00d6r\u00fcmcekler adl\u0131 grubuyla \u00e7\u0131kard\u0131. Bu plak, \u201cSiyah \u00d6r\u00fcmcekler-Gaziantep Orkestras\u0131\u201d ve \u201cEdip Akbayram ve Siyah \u00d6r\u00fcmcekler\u201d isimleriyle iki farkl\u0131 versiyonda yay\u0131mland\u0131. 1972\u2019de, A\u015f\u0131k Veysel\u2019in \u015fiirinden ilham alarak besteledi\u011fi \u201cK\u00fckredi \u00c7imenler\u201d ile b\u00fcy\u00fck bir \u00e7\u0131k\u0131\u015f yakalad\u0131 ve Alt\u0131n Mikrofon yar\u0131\u015fmas\u0131yla \u00fclke \u00e7ap\u0131nda tan\u0131nan bir sanat\u00e7\u0131 haline geldi.<\/p>\n","protected":false},"excerpt":{"rendered":"<p>Ya\u015fad\u0131\u011f\u0131 ard\u0131 ard\u0131na kay\u0131plarla derin bir h\u00fczne bo\u011fulan Mahsun K\u0131rm\u0131z\u0131g\u00fcl, annesinin ve iki dostunun ard\u0131ndan Edip Akbayram\u2019\u0131 da kaybetmenin ac\u0131s\u0131n\u0131 ya\u015fad\u0131. Yurt d\u0131\u015f\u0131ndan d\u00f6ner d\u00f6nmez k\u0131z\u0131 Lavin ile Akbayram\u2019\u0131n mezar\u0131na giden sanat\u00e7\u0131, uzun s\u00fcre dua etti. Vefas\u0131 b\u00fcy\u00fck yank\u0131 uyand\u0131rd\u0131.<\/p>\n","protected":false},"author":16,"featured_media":148309,"comment_status":"closed","ping_status":"closed","sticky":false,"template":"","format":"standard","meta":{"rank_math_lock_modified_date":false,"footnotes":""},"categories":[76],"tags":[14535,14537,14536],"class_list":["post-148305","post","type-post","status-publish","format-standard","has-post-thumbnail","hentry","category-magazin","tag-edip-akbayram-mahsun-kirmizigul","tag-edip-akbayram-mahsun-kirmizigul-kizi-lavin-mezar-ziyaret","tag-edip-akbayram-mahsun-kirmizigul-mezar-ziyaret"],"_links":{"self":[{"href":"https:\/\/www.tgrthaber.com\/mavikadin\/wp-json\/wp\/v2\/posts\/148305"}],"collection":[{"href":"https:\/\/www.tgrthaber.com\/mavikadin\/wp-json\/wp\/v2\/posts"}],"about":[{"href":"https:\/\/www.tgrthaber.com\/mavikadin\/wp-json\/wp\/v2\/types\/post"}],"author":[{"embeddable":true,"href":"https:\/\/www.tgrthaber.com\/mavikadin\/wp-json\/wp\/v2\/users\/16"}],"replies":[{"embeddable":true,"href":"https:\/\/www.tgrthaber.com\/mavikadin\/wp-json\/wp\/v2\/comments?post=148305"}],"version-history":[{"count":1,"href":"https:\/\/www.tgrthaber.com\/mavikadin\/wp-json\/wp\/v2\/posts\/148305\/revisions"}],"predecessor-version":[{"id":148310,"href":"https:\/\/www.tgrthaber.com\/mavikadin\/wp-json\/wp\/v2\/posts\/148305\/revisions\/148310"}],"wp:featuredmedia":[{"embeddable":true,"href":"https:\/\/www.tgrthaber.com\/mavikadin\/wp-json\/wp\/v2\/media\/148309"}],"wp:attachment":[{"href":"https:\/\/www.tgrthaber.com\/mavikadin\/wp-json\/wp\/v2\/media?parent=148305"}],"wp:term":[{"taxonomy":"category","embeddable":true,"href":"https:\/\/www.tgrthaber.com\/mavikadin\/wp-json\/wp\/v2\/categories?post=148305"},{"taxonomy":"post_tag","embeddable":true,"href":"https:\/\/www.tgrthaber.com\/mavikadin\/wp-json\/wp\/v2\/tags?post=148305"}],"curies":[{"name":"wp","href":"https:\/\/api.w.org\/{rel}","templated":true}]}}