{"id":148311,"date":"2025-03-17T20:32:36","date_gmt":"2025-03-17T17:32:36","guid":{"rendered":"https:\/\/www.tgrthaber.com\/mavikadin\/?p=148311"},"modified":"2025-03-17T20:32:36","modified_gmt":"2025-03-17T17:32:36","slug":"entube-edilmisti-tanyelinin-esi-ve-oglu-pes-pese-yogun-bakimdan-paylasti-sosyal-medyadan-yorum-yagdi","status":"publish","type":"post","link":"https:\/\/www.tgrthaber.com\/mavikadin\/entube-edilmisti-tanyelinin-esi-ve-oglu-pes-pese-yogun-bakimdan-paylasti-sosyal-medyadan-yorum-yagdi\/","title":{"rendered":"Ent\u00fcbe edilmi\u015fti! Tanyeli&#8217;nin e\u015fi ve o\u011flu pe\u015f pe\u015fe yo\u011fun bak\u0131mdan payla\u015ft\u0131! Sosyal medyadan yorum ya\u011fd\u0131"},"content":{"rendered":"<p class=\"p1\">\u00dcnl\u00fc oryantal Tanyeli, pankreas kanseriyle m\u00fccadelesine devam ederken, sa\u011fl\u0131k durumu ciddile\u015fti ve ent\u00fcbe edilerek yo\u011fun bak\u0131ma al\u0131nd\u0131. Sanat\u00e7\u0131n\u0131n e\u015fi \u0130lker S\u00fcnneli ve o\u011flu Taylan, hastanede yo\u011fun bak\u0131m kap\u0131s\u0131nda endi\u015feyle bekliyor. Aile \u00fcyelerinin duygusal payla\u015f\u0131mlar\u0131 ise sosyal meydada g\u00fcndem olmaya devam ediyor. Son olarak Tanyeli&#8217;nin e\u015fi \u0130lker S\u00fcnneli ve o\u011flu Taylan&#8217;\u0131n yo\u011fun bak\u0131m kap\u0131s\u0131nda payla\u015ft\u0131\u011f\u0131 foto\u011fraf g\u00fcndem oldu. \u0130kilinin payla\u015f\u0131mlar\u0131na sosyal medyadan &#8216;Allah \u015fifa versin&#8217; &#8216; \u0130yile\u015fecek biz inan\u0131yoruz&#8217; \u015feklinde dua ve destek mesajlar\u0131 ya\u011fd\u0131.<\/p>\n<h3>TANYEL\u0130&#8217;N\u0130N E\u015e\u0130 \u0130LKER S\u00dcNN\u0130L\u0130&#8217;DEN YO\u011eUN BAKIM KAPISINDA PAYLA\u015eIM<\/h3>\n<p class=\"p1\">Pankreas kanseriyle uzun s\u00fcredir m\u00fccadele eden Tanyeli, durumu a\u011f\u0131rla\u015f\u0131nca ent\u00fcbe edilerek yo\u011fun bak\u0131ma al\u0131nd\u0131. Sanat\u00e7\u0131n\u0131n e\u015fi \u0130lker S\u00fcnneli ve o\u011flu Taylan, hastanenin yo\u011fun bak\u0131m kap\u0131s\u0131nda endi\u015fe i\u00e7inde bekliyor. Aile \u00fcyeleri, duygusal payla\u015f\u0131mlar yaparak Tanyeli\u2019ye olan sevgilerini ve moral dileklerini takip\u00e7ileriyle payla\u015fmaya devam ediyor. Tanyeli\u2019nin bu zor zamanlar\u0131nda, \u00fcnl\u00fc isimler de sosyal medya \u00fczerinden ona destek oluyor. Oyuncu Gonca Vuslateri, Safiye Soyman ve di\u011fer yak\u0131n dostlar\u0131, sanat\u00e7\u0131n\u0131n iyile\u015fmesi i\u00e7in dualar\u0131n\u0131 ve iyi dileklerini eksik etmiyorlar.<\/p>\n<p><img loading=\"lazy\" decoding=\"async\" class=\"alignnone wp-image-148318 \" src=\"https:\/\/www.tgrthaber.com\/mavikadin\/wp-content\/uploads\/Ekran-Resmi-2025-03-17-20.16.42-620x1024.png\" alt=\"\" width=\"972\" height=\"1605\" title=\"\" srcset=\"https:\/\/www.tgrthaber.com\/mavikadin\/wp-content\/uploads\/Ekran-Resmi-2025-03-17-20.16.42-620x1024.png 620w, https:\/\/www.tgrthaber.com\/mavikadin\/wp-content\/uploads\/Ekran-Resmi-2025-03-17-20.16.42-182x300.png 182w, https:\/\/www.tgrthaber.com\/mavikadin\/wp-content\/uploads\/Ekran-Resmi-2025-03-17-20.16.42-768x1267.png 768w, https:\/\/www.tgrthaber.com\/mavikadin\/wp-content\/uploads\/Ekran-Resmi-2025-03-17-20.16.42.png 898w\" sizes=\"(max-width: 972px) 100vw, 972px\" \/><\/p>\n<hr \/>\n<p class=\"p1\">Oryantal Tanyeli, son payla\u015f\u0131m\u0131nda &#8220;Cevap verebilecek durumda olmuyorum hakk\u0131n\u0131z\u0131 helal edin. A\u011fr\u0131m \u00e7ok ve \u00f6yle tek tek yazacak, konu\u015facak g\u00fcc\u00fcm olmuyor. Allah&#8217;a emanet olun bana en g\u00fczel hediye dualar\u0131n\u0131z&#8221; ifadelerini kullanm\u0131\u015ft\u0131. Sa\u011fl\u0131k durumu a\u011f\u0131rla\u015fan ve ent\u00fcbe edilen Tanyeli&#8217;nin\u00a0e\u015fi \u0130lker S\u00fcnnili yo\u011fun bak\u0131m kap\u0131s\u0131nda bekledi\u011fi anlar\u0131, \u2018Bir kap\u0131 d\u00fc\u015f\u00fcn\u00fcn a\u00e7\u0131ld\u0131\u011f\u0131nda nefesiniz duruyor, kapand\u0131\u011f\u0131nda ruhunuz gidiyor\u2019 notuyla payla\u015ft\u0131.<\/p>\n<h3 class=\"p1\">O\u011eLU TAYLAN DA YO\u011eUN BAKIM KAPISINDAN PAYLA\u015eTI<\/h3>\n<p class=\"p1\">\u00d6te yandan Tanyeli&#8217;nin o\u011flu Taylan&#8217;dan da duygusal bir payla\u015f\u0131m geldi. Taylan, \u2018Baz\u0131lar\u0131 i\u00e7in ac\u0131 bir dayan\u0131\u015fma de\u011fil, bir sahne\u2019 payla\u015f\u0131m\u0131 ile y\u00fcrek burktu.<\/p>\n<p><img loading=\"lazy\" decoding=\"async\" class=\"alignnone wp-image-148320 size-large\" src=\"https:\/\/www.tgrthaber.com\/mavikadin\/wp-content\/uploads\/Ekran-Resmi-2025-03-17-20.27.03-1024x1015.png\" alt=\"\" width=\"1024\" height=\"1015\" title=\"\" srcset=\"https:\/\/www.tgrthaber.com\/mavikadin\/wp-content\/uploads\/Ekran-Resmi-2025-03-17-20.27.03-1024x1015.png 1024w, https:\/\/www.tgrthaber.com\/mavikadin\/wp-content\/uploads\/Ekran-Resmi-2025-03-17-20.27.03-300x297.png 300w, https:\/\/www.tgrthaber.com\/mavikadin\/wp-content\/uploads\/Ekran-Resmi-2025-03-17-20.27.03-150x150.png 150w, https:\/\/www.tgrthaber.com\/mavikadin\/wp-content\/uploads\/Ekran-Resmi-2025-03-17-20.27.03-768x761.png 768w, https:\/\/www.tgrthaber.com\/mavikadin\/wp-content\/uploads\/Ekran-Resmi-2025-03-17-20.27.03.png 1328w\" sizes=\"(max-width: 1024px) 100vw, 1024px\" \/><\/p>\n<hr \/>\n<h3>TANYEL\u0130 K\u0130MD\u0130R?<\/h3>\n<p class=\"p1\">\u00d6znur Kral olarak d\u00fcnyaya gelen ve sahne ad\u0131yla Tanyeli olarak tan\u0131nan sanat\u00e7\u0131, 51 ya\u015f\u0131nda ve \u0130zmir do\u011fumludur. Ailesi, anne ve babas\u0131n\u0131n teyze \u00e7ocuklar\u0131 olmas\u0131ndan dolay\u0131, Tanyeli\u2019nin \u00e7ocuklu\u011fu zorlu bir d\u00f6nemi kapsar. Hen\u00fcz iki ya\u015f\u0131nda iken ailesi da\u011f\u0131lm\u0131\u015f ve kendisini \u00c7ocuk Esirgeme Kurumu\u2019nda bulmu\u015ftur. \u0130lk evlili\u011fini 14 ya\u015f\u0131nda ger\u00e7ekle\u015ftiren Tanyeli, 15 ya\u015f\u0131nda ise o\u011flu Taylan\u2019\u0131 d\u00fcnyaya getirmi\u015ftir. Bu erken ya\u015flarda ya\u015fad\u0131\u011f\u0131 zorluklar, onun hayat\u0131nda iz b\u0131rakm\u0131\u015f olsa da sanat yolunda g\u00fc\u00e7l\u00fc bir ad\u0131m atmas\u0131na engel olmam\u0131\u015ft\u0131r.<\/p>\n<p class=\"p1\">\n","protected":false},"excerpt":{"rendered":"<p>Tanyeli, pankreas kanseriyle zorlu bir m\u00fccadele verirken, sa\u011fl\u0131k durumu h\u0131zla k\u00f6t\u00fcle\u015fti ve ent\u00fcbe edilerek yo\u011fun bak\u0131ma al\u0131nd\u0131. E\u015fi \u0130lker S\u00fcnnili ve o\u011flu Taylan, hastanede sabah ak\u015fam endi\u015fe i\u00e7inde beklerken, duygusal payla\u015f\u0131mlar\u0131 sosyal medyada b\u00fcy\u00fck yank\u0131 uyand\u0131rd\u0131. Hayranlar\u0131, \u201cAllah \u015fifa versin\u201d ve \u201c\u0130yile\u015fecek, biz inan\u0131yoruz\u201d gibi mesajlarla destek mesajlar\u0131 ya\u011fd\u0131rd\u0131. <\/p>\n","protected":false},"author":16,"featured_media":148322,"comment_status":"closed","ping_status":"closed","sticky":false,"template":"","format":"standard","meta":{"rank_math_lock_modified_date":false,"footnotes":""},"categories":[76],"tags":[14543,14236,14544],"class_list":["post-148311","post","type-post","status-publish","format-standard","has-post-thumbnail","hentry","category-magazin","tag-tanyeli-esi-ilker-sunneli-yogun-bakim-paylasim","tag-tanyeli-kimdir","tag-tanyeli-oglu-taylan-yogun-bakim-paylasim"],"_links":{"self":[{"href":"https:\/\/www.tgrthaber.com\/mavikadin\/wp-json\/wp\/v2\/posts\/148311"}],"collection":[{"href":"https:\/\/www.tgrthaber.com\/mavikadin\/wp-json\/wp\/v2\/posts"}],"about":[{"href":"https:\/\/www.tgrthaber.com\/mavikadin\/wp-json\/wp\/v2\/types\/post"}],"author":[{"embeddable":true,"href":"https:\/\/www.tgrthaber.com\/mavikadin\/wp-json\/wp\/v2\/users\/16"}],"replies":[{"embeddable":true,"href":"https:\/\/www.tgrthaber.com\/mavikadin\/wp-json\/wp\/v2\/comments?post=148311"}],"version-history":[{"count":2,"href":"https:\/\/www.tgrthaber.com\/mavikadin\/wp-json\/wp\/v2\/posts\/148311\/revisions"}],"predecessor-version":[{"id":148324,"href":"https:\/\/www.tgrthaber.com\/mavikadin\/wp-json\/wp\/v2\/posts\/148311\/revisions\/148324"}],"wp:featuredmedia":[{"embeddable":true,"href":"https:\/\/www.tgrthaber.com\/mavikadin\/wp-json\/wp\/v2\/media\/148322"}],"wp:attachment":[{"href":"https:\/\/www.tgrthaber.com\/mavikadin\/wp-json\/wp\/v2\/media?parent=148311"}],"wp:term":[{"taxonomy":"category","embeddable":true,"href":"https:\/\/www.tgrthaber.com\/mavikadin\/wp-json\/wp\/v2\/categories?post=148311"},{"taxonomy":"post_tag","embeddable":true,"href":"https:\/\/www.tgrthaber.com\/mavikadin\/wp-json\/wp\/v2\/tags?post=148311"}],"curies":[{"name":"wp","href":"https:\/\/api.w.org\/{rel}","templated":true}]}}