{"id":148325,"date":"2025-03-17T20:48:02","date_gmt":"2025-03-17T17:48:02","guid":{"rendered":"https:\/\/www.tgrthaber.com\/mavikadin\/?p=148325"},"modified":"2025-03-17T20:48:02","modified_gmt":"2025-03-17T17:48:02","slug":"anne-olmasina-sayili-gunler-kalan-karsudan-karni-burnunda-yeni-pozlar","status":"publish","type":"post","link":"https:\/\/www.tgrthaber.com\/mavikadin\/anne-olmasina-sayili-gunler-kalan-karsudan-karni-burnunda-yeni-pozlar\/","title":{"rendered":"Anne olmas\u0131na say\u0131l\u0131 g\u00fcnler kalan Karsu\u2019dan karn\u0131 burnunda yeni pozlar"},"content":{"rendered":"<p>\u015eark\u0131lar\u0131 ve sesi ile b\u00fcy\u00fcleyen Karsu, anne olmas\u0131na say\u0131l\u0131 g\u00fcnler kald\u0131. \u00dcnl\u00fc \u015fark\u0131c\u0131 hamileli\u011fin son g\u00fcnlerini iyi de\u011ferlendiriyor. Bu \u00f6zel zamanlar\u0131n tad\u0131n\u0131 \u00e7\u0131kar\u0131yor. \u0130lk kez anne olacak olan Karsu, ge\u00e7ti\u011fimiz g\u00fcnlerde baby shower partisi d\u00fczenlemi\u015fti. Hollandal\u0131 sevgilisi Mike Schrama ile d\u00fcnyaevine giren Karsu, karn\u0131 burnunda yeni pozlar\u0131n\u0131 takip\u00e7ileriyle payla\u015ft\u0131.<\/p>\n<h3>KARSU ANNE OLMAYA G\u00dcN SAYIYOR<\/h3>\n<p>T\u00fcrk as\u0131ll\u0131 Hollandal\u0131 piyanist ve besteci Karsu D\u00f6nmez, Mike Schrama ile evlendi. Bu evlilikten k\u0131sa bir zaman sonra hamile oldu\u011funu duyurmu\u015ftu. \u00dcnl\u00fc isim \u00e7ocuklar\u0131 olaca\u011f\u0131 haberini, \u201cKalplerimiz a\u015fkla dolup ta\u015f\u0131yor. Seni kollar\u0131m\u0131za almak i\u00e7in sab\u0131rs\u0131zlan\u0131yoruz k\u00fc\u00e7\u00fck bebek!\u201d s\u00f6zleriyle duyurmu\u015ftu. Bebe\u011fi i\u00e7in baby shower partisi d\u00fczenleyen D\u00f6nmez, &#8220;Sevgili ailemle baby shower. Hepiniz benim i\u00e7in d\u00fcnyas\u0131n\u0131z&#8221; payla\u015f\u0131m\u0131nda bulundu.<\/p>\n<p><img loading=\"lazy\" decoding=\"async\" class=\"alignnone wp-image-148328\" src=\"https:\/\/www.tgrthaber.com\/mavikadin\/wp-content\/uploads\/karsu-donmez-300x169.jpeg\" alt=\"\" width=\"1280\" height=\"720\" title=\"\" srcset=\"https:\/\/www.tgrthaber.com\/mavikadin\/wp-content\/uploads\/karsu-donmez-300x169.jpeg 300w, https:\/\/www.tgrthaber.com\/mavikadin\/wp-content\/uploads\/karsu-donmez-768x432.jpeg 768w, https:\/\/www.tgrthaber.com\/mavikadin\/wp-content\/uploads\/karsu-donmez.jpeg 830w\" sizes=\"(max-width: 1280px) 100vw, 1280px\" \/><\/p>\n<hr \/>\n<h3>KARSU\u2019DAN KARNI BURNUNDA YEN\u0130 POZ<\/h3>\n<p>\u015eimdilerde anne olmaya g\u00fcn sayan 34 ya\u015f\u0131ndaki Karsu D\u00f6nmez, , Mike Schrama ile evlili\u011finde bir o\u011flu olaca\u011f\u0131n\u0131 hayranlar\u0131yla payla\u015ft\u0131. \u00dcnl\u00fc \u015fark\u0131c\u0131, ge\u00e7en temmuz ay\u0131nda evlenmi\u015fti.<\/p>\n<p><img loading=\"lazy\" decoding=\"async\" class=\"alignnone wp-image-148329\" src=\"https:\/\/www.tgrthaber.com\/mavikadin\/wp-content\/uploads\/karsu-1-199x300.webp\" alt=\"\" width=\"1280\" height=\"1931\" title=\"\" srcset=\"https:\/\/www.tgrthaber.com\/mavikadin\/wp-content\/uploads\/karsu-1-199x300.webp 199w, https:\/\/www.tgrthaber.com\/mavikadin\/wp-content\/uploads\/karsu-1.webp 523w\" sizes=\"(max-width: 1280px) 100vw, 1280px\" \/><\/p>\n<hr \/>\n<p>Anne olman\u0131n heyecan\u0131n\u0131 ya\u015fayan Karsu, bu \u00f6zel g\u00fcn i\u00e7in Instagram&#8217;da yeni pozlar payla\u015ft\u0131. \u015eark\u0131c\u0131, sosyal medya payla\u015f\u0131m\u0131nda \u015fu s\u00f6zlere yer verdi:<\/p>\n<p>&#8220;Anne olmak \u00fczere oldu\u011fuma h\u00e2l\u00e2 inanam\u0131yorum. Son haftalara girerken, bu ger\u00e7ek giderek daha da i\u00e7ime i\u015fliyor\u2014hayat\u0131m, tahmin bile edemeyece\u011fim \u015fekillerde de\u011fi\u015fmek \u00fczere.<\/p>\n<p>Zaman farkl\u0131 akacak, enerjim yeni y\u00f6nlere kayacak, \u00f6nceliklerim ve hedeflerim de\u011fi\u015fecek. Ama her \u015feyden \u00f6nemlisi, SEVG\u0130 daha \u00f6nce hi\u00e7 hissetmedi\u011fim \u015fekilde b\u00fcy\u00fcyecek.<\/p>\n<p>Zaten yeterince \u00e7\u0131lg\u0131n olan hayat\u0131m\u0131n bu yeni b\u00f6l\u00fcm\u00fc heyecan verici ve \u00e7ok g\u00fczel, ama d\u00fcr\u00fcst olmak gerekirse biraz da \u00fcrk\u00fct\u00fcc\u00fc. Yine de kalbimde biliyorum ki bu, hayat\u0131m\u0131n en inan\u0131lmaz yolculu\u011fu olacak.&#8221;<\/p>\n<p><img loading=\"lazy\" decoding=\"async\" class=\"alignnone wp-image-148327\" src=\"https:\/\/www.tgrthaber.com\/mavikadin\/wp-content\/uploads\/karsu-4-200x300.webp\" alt=\"\" width=\"1280\" height=\"1917\" title=\"\" srcset=\"https:\/\/www.tgrthaber.com\/mavikadin\/wp-content\/uploads\/karsu-4-200x300.webp 200w, https:\/\/www.tgrthaber.com\/mavikadin\/wp-content\/uploads\/karsu-4.webp 500w\" sizes=\"(max-width: 1280px) 100vw, 1280px\" \/><\/p>\n<hr \/>\n<h3>KARSU D\u00d6NMEZ K\u0130MD\u0130R?<\/h3>\n<p>19 Nisan 1990 y\u0131l\u0131nda Amsterdam&#8217;da d\u00fcnyaya geldi. Karsu, T\u00fcrk ezgileriyle yorumlad\u0131\u011f\u0131 m\u00fczik tarz\u0131 caz pop tarz\u0131 ile geni\u015f kitlelerce tan\u0131nm\u0131\u015ft\u0131r.<\/p>\n","protected":false},"excerpt":{"rendered":"<p>Karsu\u2019dan karn\u0131 burnunda yeni pozlarla geldi. Bu g\u00fczel ve \u00f6zel anlar\u0131 takip\u00e7ileri ile payla\u015fan \u00fcnl\u00fc \u015fark\u0131c\u0131 hayranlar\u0131ndan b\u00fcy\u00fck be\u011feni toplad\u0131. \u0130\u015fte ba\u015far\u0131l\u0131 sanat\u00e7\u0131 Karsu&#8217;dan o pozlar&#8230;<\/p>\n","protected":false},"author":33,"featured_media":148330,"comment_status":"closed","ping_status":"closed","sticky":false,"template":"","format":"standard","meta":{"rank_math_lock_modified_date":false,"footnotes":""},"categories":[76],"tags":[4919,2740],"class_list":["post-148325","post","type-post","status-publish","format-standard","has-post-thumbnail","hentry","category-magazin","tag-hamile","tag-karsu-donmez"],"_links":{"self":[{"href":"https:\/\/www.tgrthaber.com\/mavikadin\/wp-json\/wp\/v2\/posts\/148325"}],"collection":[{"href":"https:\/\/www.tgrthaber.com\/mavikadin\/wp-json\/wp\/v2\/posts"}],"about":[{"href":"https:\/\/www.tgrthaber.com\/mavikadin\/wp-json\/wp\/v2\/types\/post"}],"author":[{"embeddable":true,"href":"https:\/\/www.tgrthaber.com\/mavikadin\/wp-json\/wp\/v2\/users\/33"}],"replies":[{"embeddable":true,"href":"https:\/\/www.tgrthaber.com\/mavikadin\/wp-json\/wp\/v2\/comments?post=148325"}],"version-history":[{"count":1,"href":"https:\/\/www.tgrthaber.com\/mavikadin\/wp-json\/wp\/v2\/posts\/148325\/revisions"}],"predecessor-version":[{"id":148339,"href":"https:\/\/www.tgrthaber.com\/mavikadin\/wp-json\/wp\/v2\/posts\/148325\/revisions\/148339"}],"wp:featuredmedia":[{"embeddable":true,"href":"https:\/\/www.tgrthaber.com\/mavikadin\/wp-json\/wp\/v2\/media\/148330"}],"wp:attachment":[{"href":"https:\/\/www.tgrthaber.com\/mavikadin\/wp-json\/wp\/v2\/media?parent=148325"}],"wp:term":[{"taxonomy":"category","embeddable":true,"href":"https:\/\/www.tgrthaber.com\/mavikadin\/wp-json\/wp\/v2\/categories?post=148325"},{"taxonomy":"post_tag","embeddable":true,"href":"https:\/\/www.tgrthaber.com\/mavikadin\/wp-json\/wp\/v2\/tags?post=148325"}],"curies":[{"name":"wp","href":"https:\/\/api.w.org\/{rel}","templated":true}]}}