{"id":148331,"date":"2025-03-17T21:05:52","date_gmt":"2025-03-17T18:05:52","guid":{"rendered":"https:\/\/www.tgrthaber.com\/mavikadin\/?p=148331"},"modified":"2025-03-17T21:11:12","modified_gmt":"2025-03-17T18:11:12","slug":"kim-sae-ronun-babasindan-yeni-aciklama-olumu-guney-koreyi-ayaga-kaldirdi","status":"publish","type":"post","link":"https:\/\/www.tgrthaber.com\/mavikadin\/kim-sae-ronun-babasindan-yeni-aciklama-olumu-guney-koreyi-ayaga-kaldirdi\/","title":{"rendered":"Kim Sae Ron&#8217;un babas\u0131ndan yeni a\u00e7\u0131klama! \u00d6l\u00fcm\u00fc G\u00fcney Kore&#8217;yi aya\u011fa kald\u0131rd\u0131!"},"content":{"rendered":"<p class=\"p1\">16 \u015eubat 2025\u2019te, \u00fcnl\u00fc oyuncu Kim Sae Ron evinde \u00f6l\u00fc bulundu ve bu trajik olay, G\u00fcney Kore\u2019deki hayranlar\u0131 ve yak\u0131nlar\u0131n\u0131 derinden sarst\u0131. Kim Sae Ron\u2019un ani \u00f6l\u00fcm\u00fc, \u00fclke \u00e7ap\u0131nda b\u00fcy\u00fck yank\u0131 uyand\u0131rd\u0131. Bu olay\u0131n ard\u0131ndan, Kim Sae Ron\u2019un babas\u0131ndan dikkat \u00e7ekici bir a\u00e7\u0131klama geldi. Babas\u0131, \u015firketin Kim Sae Ron ile ileti\u015fime ge\u00e7meden \u00f6nce paray\u0131 talep etti\u011fi, bu bor\u00e7 talebinin yaln\u0131zca hukuki bir prosed\u00fcr oldu\u011fu konusunda ise kendisine herhangi bir bilgi verilmedi\u011fini a\u00e7\u0131klad\u0131. .Kim Sae Ron\u2019un, \u015firket yetkilileriyle ileti\u015fim kurmak i\u00e7in bir\u00e7ok kez denemelerde bulundu\u011fu ancak ba\u015far\u0131l\u0131 olamad\u0131\u011f\u0131 aktar\u0131ld\u0131. Son olarak dikkatleri \u00fczerine \u00e7ekmek amac\u0131yla, \u00fcnl\u00fc oyuncu Kon Soo Hyun ile foto\u011fraf\u0131n\u0131 payla\u015ft\u0131\u011f\u0131n\u0131 a\u00e7\u0131klad\u0131.<\/p>\n<h3>K\u0130M SAE RON&#8217;UN \u00d6L\u00dcM\u00dc G\u00dcNEY KORE&#8217;Y\u0130 AYA\u011eA KALDIRDI<\/h3>\n<p class=\"p1\">Gen\u00e7 ve yetenekli oyuncu Kim Sae Ron\u2019un ani \u00f6l\u00fcm\u00fc, hem ailesini hem de geni\u015f bir hayran kitlesini derinden sarst\u0131. \u00dcnl\u00fc oyuncunun \u00f6l\u00fcm\u00fcn\u00fcn ard\u0131ndan, eski sevgilisi oldu\u011fu iddia edilen Kim Soo Hyun\u2019un sosyal medya payla\u015f\u0131mlar\u0131 b\u00fcy\u00fck yank\u0131 uyand\u0131rd\u0131. \u0130lgin\u00e7 bir \u015fekilde, Kim Soo Hyun\u2019un do\u011fum g\u00fcn\u00fcyle ayn\u0131 tarihe denk gelen bu trajik olay, kamuoyunun tepkisini toplad\u0131. Kim Soo Hyun\u2019un \u00f6l\u00fcm g\u00fcn\u00fc yapt\u0131\u011f\u0131 payla\u015f\u0131mlar, \u00f6zellikle hayranlar\u0131 taraf\u0131ndan olumsuz yorumlar ald\u0131.<\/p>\n<p><img loading=\"lazy\" decoding=\"async\" class=\"alignnone wp-image-148342 \" src=\"https:\/\/www.tgrthaber.com\/mavikadin\/wp-content\/uploads\/Ekran-Resmi-2025-03-17-21.02.30-931x1024.png\" alt=\"\" width=\"968\" height=\"1065\" title=\"\" srcset=\"https:\/\/www.tgrthaber.com\/mavikadin\/wp-content\/uploads\/Ekran-Resmi-2025-03-17-21.02.30-931x1024.png 931w, https:\/\/www.tgrthaber.com\/mavikadin\/wp-content\/uploads\/Ekran-Resmi-2025-03-17-21.02.30-273x300.png 273w, https:\/\/www.tgrthaber.com\/mavikadin\/wp-content\/uploads\/Ekran-Resmi-2025-03-17-21.02.30-768x845.png 768w, https:\/\/www.tgrthaber.com\/mavikadin\/wp-content\/uploads\/Ekran-Resmi-2025-03-17-21.02.30.png 1060w\" sizes=\"(max-width: 968px) 100vw, 968px\" \/><\/p>\n<hr \/>\n<h3 class=\"p1\">K\u0130M SOO HYUN&#8217;A YALVARARAK MESAJ ATMI\u015e<\/h3>\n<p class=\"p1\">Kim Sae Ron\u2019un \u00f6lmeden \u00f6nce Kim Soo Hyun\u2019a att\u0131\u011f\u0131 mesaj da ortaya \u00e7\u0131kt\u0131. \u00dcnl\u00fc oyuncu Kim Soo Hyun\u2019dan adeta yalvararak yard\u0131m istemesi y\u00fcrek burktu.<span class=\"Apple-converted-space\">\u00a0 <\/span>Kim Sae Ron\u2019un Kim Soo Hyun\u2019a g\u00f6nderdi\u011fi mesajda \u015fu ifadeler yer ald\u0131:<\/p>\n<p><img loading=\"lazy\" decoding=\"async\" class=\"alignnone wp-image-148343 size-large\" src=\"https:\/\/www.tgrthaber.com\/mavikadin\/wp-content\/uploads\/Ekran-Resmi-2025-03-17-21.02.23-1024x634.png\" alt=\"\" width=\"1024\" height=\"634\" title=\"\" srcset=\"https:\/\/www.tgrthaber.com\/mavikadin\/wp-content\/uploads\/Ekran-Resmi-2025-03-17-21.02.23-1024x634.png 1024w, https:\/\/www.tgrthaber.com\/mavikadin\/wp-content\/uploads\/Ekran-Resmi-2025-03-17-21.02.23-300x186.png 300w, https:\/\/www.tgrthaber.com\/mavikadin\/wp-content\/uploads\/Ekran-Resmi-2025-03-17-21.02.23-768x476.png 768w, https:\/\/www.tgrthaber.com\/mavikadin\/wp-content\/uploads\/Ekran-Resmi-2025-03-17-21.02.23-1536x952.png 1536w, https:\/\/www.tgrthaber.com\/mavikadin\/wp-content\/uploads\/Ekran-Resmi-2025-03-17-21.02.23.png 1698w\" sizes=\"(max-width: 1024px) 100vw, 1024px\" \/><\/p>\n<hr \/>\n<p class=\"p1\">\u201cOppa, ben Saeron. Yasal bildirimi ald\u0131m, beni dava etti\u011fini s\u00f6yl\u00fcyor. Bana bolca zaman verece\u011finizi s\u00f6ylediniz, bu y\u00fczden geri d\u00f6n\u00fc\u015f\u00fcm\u00fcze haz\u0131rlanmak i\u00e7in \u00e7ok \u00e7al\u0131\u015f\u0131yorum, \u00fcstlendi\u011fim her projeden kademeli olarak bir y\u00fczdeyi \u00f6demeyi planl\u0131yorum. Paray\u0131 geri \u00f6demeyece\u011fimi s\u00f6ylemiyorum, ancak \u015fu anda bende 700 milyon KRV isterseniz fiziksel olarak \u00f6deyemem. Ger\u00e7ekten dava a\u00e7mak zorunda m\u0131y\u0131z? L\u00fctfen beni kurtar\u0131n. Yalvar\u0131yorum l\u00fctfen bana biraz zaman verin.\u201d<\/p>\n<p><img loading=\"lazy\" decoding=\"async\" class=\"alignnone wp-image-148344 \" src=\"https:\/\/www.tgrthaber.com\/mavikadin\/wp-content\/uploads\/Ekran-Resmi-2025-03-17-21.02.38-892x1024.png\" alt=\"\" width=\"972\" height=\"1116\" title=\"\" srcset=\"https:\/\/www.tgrthaber.com\/mavikadin\/wp-content\/uploads\/Ekran-Resmi-2025-03-17-21.02.38-892x1024.png 892w, https:\/\/www.tgrthaber.com\/mavikadin\/wp-content\/uploads\/Ekran-Resmi-2025-03-17-21.02.38-261x300.png 261w, https:\/\/www.tgrthaber.com\/mavikadin\/wp-content\/uploads\/Ekran-Resmi-2025-03-17-21.02.38-768x882.png 768w, https:\/\/www.tgrthaber.com\/mavikadin\/wp-content\/uploads\/Ekran-Resmi-2025-03-17-21.02.38.png 1010w\" sizes=\"(max-width: 972px) 100vw, 972px\" \/><\/p>\n<hr \/>\n<h3>K\u0130M SAE RON&#8217;UN BABASINDAN A\u00c7IKLAMA GELD\u0130<\/h3>\n<p class=\"p1\">Kim Sae Ron\u2019un \u00f6l\u00fcm\u00fcn\u00fcn ard\u0131ndan, babas\u0131ndan \u00e7arp\u0131c\u0131 bir a\u00e7\u0131klama geldi. Kim Sae Ron\u2019un babas\u0131, \u015firketin, k\u0131z\u0131na bor\u00e7 talep ederken ona hi\u00e7 ula\u015fmad\u0131\u011f\u0131n\u0131 ve bu talebin sadece hukuki bir prosed\u00fcr olarak sunuldu\u011funun kendisine bildirilmedi\u011fini belirtti. Baba, k\u0131z\u0131n\u0131n \u015firket yetkilileriyle bir\u00e7ok kez ileti\u015fim kurmaya \u00e7al\u0131\u015ft\u0131\u011f\u0131n\u0131 ancak hi\u00e7bir zaman ba\u015far\u0131l\u0131 olamad\u0131\u011f\u0131n\u0131 vurgulad\u0131. Ayr\u0131ca, Kim Sae Ron\u2019un dikkatleri \u00fczerine \u00e7ekmek i\u00e7in Kon Soo Hyun ile birlikte bir foto\u011fraf payla\u015ft\u0131\u011f\u0131 da a\u00e7\u0131kland\u0131. Sosyal medya, babas\u0131n\u0131n a\u00e7\u0131klamalar\u0131n\u0131n ard\u0131ndan b\u00fcy\u00fck bir tepkiyle kar\u015f\u0131la\u015ft\u0131. Baz\u0131 sosyal medya kullan\u0131c\u0131lar\u0131, \u2018Bu ikili ili\u015fki ya\u015farken aile nerdeydi?\u2019, \u2018Ba\u015fta Kim Soo Hyun olmak \u00fczere t\u00fcm aile tutuklanmal\u0131\u2019, \u2018en ba\u015fta ailesi su\u00e7lu\u2019 \u015feklinde yorum ya\u011fd\u0131rd\u0131.<\/p>\n","protected":false},"excerpt":{"rendered":"<p>16 \u015eubat 2025\u2019te \u00fcnl\u00fc oyuncu Kim Sae Ron\u2019un evinde hayat\u0131n\u0131 kaybetmesi, G\u00fcney Kore\u2019yi derinden sarst\u0131. Bu trajik olay sonras\u0131 Kim Sae Ron\u2019un babas\u0131ndan dikkat \u00e7eken bir a\u00e7\u0131klama geldi. Babas\u0131, \u015firketin bor\u00e7 talep etmeden \u00f6nce k\u0131z\u0131yla irtibata ge\u00e7medi\u011fini ve bu s\u00fcrecin hukuki bir prosed\u00fcr oldu\u011funu belirtti.<\/p>\n","protected":false},"author":16,"featured_media":148345,"comment_status":"closed","ping_status":"closed","sticky":false,"template":"","format":"standard","meta":{"rank_math_lock_modified_date":false,"footnotes":""},"categories":[76],"tags":[14550,14551,14552],"class_list":["post-148331","post","type-post","status-publish","format-standard","has-post-thumbnail","hentry","category-magazin","tag-kim-sae-ron-babasi-aciklama","tag-kim-sae-ron-kim-soo-huyun-babasi-aciklama","tag-kim-sae-ron-kim-soo-hyun"],"_links":{"self":[{"href":"https:\/\/www.tgrthaber.com\/mavikadin\/wp-json\/wp\/v2\/posts\/148331"}],"collection":[{"href":"https:\/\/www.tgrthaber.com\/mavikadin\/wp-json\/wp\/v2\/posts"}],"about":[{"href":"https:\/\/www.tgrthaber.com\/mavikadin\/wp-json\/wp\/v2\/types\/post"}],"author":[{"embeddable":true,"href":"https:\/\/www.tgrthaber.com\/mavikadin\/wp-json\/wp\/v2\/users\/16"}],"replies":[{"embeddable":true,"href":"https:\/\/www.tgrthaber.com\/mavikadin\/wp-json\/wp\/v2\/comments?post=148331"}],"version-history":[{"count":2,"href":"https:\/\/www.tgrthaber.com\/mavikadin\/wp-json\/wp\/v2\/posts\/148331\/revisions"}],"predecessor-version":[{"id":148347,"href":"https:\/\/www.tgrthaber.com\/mavikadin\/wp-json\/wp\/v2\/posts\/148331\/revisions\/148347"}],"wp:featuredmedia":[{"embeddable":true,"href":"https:\/\/www.tgrthaber.com\/mavikadin\/wp-json\/wp\/v2\/media\/148345"}],"wp:attachment":[{"href":"https:\/\/www.tgrthaber.com\/mavikadin\/wp-json\/wp\/v2\/media?parent=148331"}],"wp:term":[{"taxonomy":"category","embeddable":true,"href":"https:\/\/www.tgrthaber.com\/mavikadin\/wp-json\/wp\/v2\/categories?post=148331"},{"taxonomy":"post_tag","embeddable":true,"href":"https:\/\/www.tgrthaber.com\/mavikadin\/wp-json\/wp\/v2\/tags?post=148331"}],"curies":[{"name":"wp","href":"https:\/\/api.w.org\/{rel}","templated":true}]}}