{"id":148428,"date":"2025-03-17T23:54:31","date_gmt":"2025-03-17T20:54:31","guid":{"rendered":"https:\/\/www.tgrthaber.com\/mavikadin\/?p=148428"},"modified":"2025-03-17T23:54:30","modified_gmt":"2025-03-17T20:54:30","slug":"arastirmalara-gore-telefonsuz-hayatta-beyin-yenileniyor-telefon-kullanimi-beyni-curutuyor-mu","status":"publish","type":"post","link":"https:\/\/www.tgrthaber.com\/mavikadin\/arastirmalara-gore-telefonsuz-hayatta-beyin-yenileniyor-telefon-kullanimi-beyni-curutuyor-mu\/","title":{"rendered":"Ara\u015ft\u0131rmalara g\u00f6re telefonsuz hayatta beyin yenileniyor! Telefon kullan\u0131m\u0131 beyni \u00e7\u00fcr\u00fct\u00fcyor mu?"},"content":{"rendered":"<p>G\u00fcn\u00fcm\u00fcz\u00fcn dijital \u00e7a\u011f\u0131nda ak\u0131ll\u0131 telefonlar g\u00fcnl\u00fck hayat\u0131m\u0131z\u0131n ayr\u0131lmaz bir par\u00e7as\u0131 haline geldi. Ancak, ortaya \u00e7\u0131kan ara\u015ft\u0131rmalar a\u015f\u0131r\u0131 ak\u0131ll\u0131 telefon kullan\u0131m\u0131n\u0131n beyin fonksiyonlar\u0131n\u0131 olumsuz etkileyebilece\u011fini, telefon kullan\u0131lmad\u0131\u011f\u0131 d\u00f6nemlerin ise beyin yenilenmesini kolayla\u015ft\u0131rabilece\u011fini \u00f6ne s\u00fcr\u00fcyor. Peki ak\u0131ll\u0131 telefonlar\u0131n yo\u011fun kullan\u0131m\u0131 beyne ger\u00e7ekten zarar veriyor mu, yoksa bu endi\u015feler abart\u0131l\u0131yor mu?<\/p>\n<h3>AKILLI TELEFON KULLANIMININ BEY\u0130N \u00dcZER\u0130NDEK\u0130 ETK\u0130S\u0130<\/h3>\n<p>Bilimsel \u00e7al\u0131\u015fmalar a\u015f\u0131r\u0131 ekran s\u00fcresini dikkat s\u00fcresinin azalmas\u0131, haf\u0131za zorluklar\u0131 ve duygusal refah\u0131n bozulmas\u0131 gibi \u00e7e\u015fitli bili\u015fsel sorunlarla ili\u015fkilendirmi\u015ftir. Dijital uyaranlara s\u00fcrekli maruz kalmak bilgi a\u015f\u0131r\u0131 y\u00fcklenmesine yol a\u00e7arak karma\u015f\u0131k g\u00f6revlere odaklanmay\u0131 zorla\u015ft\u0131rabilir. Dahas\u0131, artan ak\u0131ll\u0131 telefon kullan\u0131m\u0131 bili\u015fsel restorasyon ve genel sa\u011fl\u0131k i\u00e7in \u00e7ok \u00f6nemli olan bozulmu\u015f uyku d\u00fczenleriyle ili\u015fkilendirilmi\u015ftir.<\/p>\n<p><img loading=\"lazy\" decoding=\"async\" class=\"alignnone wp-image-148472\" src=\"https:\/\/www.tgrthaber.com\/mavikadin\/wp-content\/uploads\/3-460.png\" alt=\"\" width=\"1208\" height=\"680\" title=\"\" srcset=\"https:\/\/www.tgrthaber.com\/mavikadin\/wp-content\/uploads\/3-460.png 1280w, https:\/\/www.tgrthaber.com\/mavikadin\/wp-content\/uploads\/3-460-300x169.png 300w, https:\/\/www.tgrthaber.com\/mavikadin\/wp-content\/uploads\/3-460-1024x576.png 1024w, https:\/\/www.tgrthaber.com\/mavikadin\/wp-content\/uploads\/3-460-768x432.png 768w\" sizes=\"(max-width: 1208px) 100vw, 1208px\" \/><\/p>\n<hr \/>\n<p>Ara\u015ft\u0131rmalar ak\u0131ll\u0131 telefonlar\u0131n bili\u015fsel i\u015flevleri olumsuz etkileyebilece\u011fini g\u00f6stermektedir. \u00d6rne\u011fin, Journal of the Association for Consumer Research dergisinde yay\u0131nlanan bir \u00e7al\u0131\u015fma, ak\u0131ll\u0131 telefona eri\u015filebildi\u011fi her yerde, telefon kapal\u0131yken bile bili\u015fsel kapasitenin \u00f6nemli \u00f6l\u00e7\u00fcde azald\u0131\u011f\u0131n\u0131 bulmu\u015ftur. Ayr\u0131ca, a\u015f\u0131r\u0131 ak\u0131ll\u0131 telefon kullan\u0131m\u0131 bili\u015fsel kontrol ve y\u00f6netici i\u015flevden sorumlu temel beyin a\u011flar\u0131ndaki g\u00fcc\u00fcn azalmas\u0131yla ili\u015fkilidir.<\/p>\n<p><img loading=\"lazy\" decoding=\"async\" class=\"alignnone wp-image-148474\" src=\"https:\/\/www.tgrthaber.com\/mavikadin\/wp-content\/uploads\/4-378.png\" alt=\"\" width=\"1208\" height=\"680\" title=\"\" srcset=\"https:\/\/www.tgrthaber.com\/mavikadin\/wp-content\/uploads\/4-378.png 1280w, https:\/\/www.tgrthaber.com\/mavikadin\/wp-content\/uploads\/4-378-300x169.png 300w, https:\/\/www.tgrthaber.com\/mavikadin\/wp-content\/uploads\/4-378-1024x576.png 1024w, https:\/\/www.tgrthaber.com\/mavikadin\/wp-content\/uploads\/4-378-768x432.png 768w\" sizes=\"(max-width: 1208px) 100vw, 1208px\" \/><\/p>\n<hr \/>\n<h3>BEY\u0130N TELEFON OLMADAN \u0130Y\u0130LE\u015e\u0130R M\u0130?<\/h3>\n<p>Dijital detoks \u00fczerine yap\u0131lan ara\u015ft\u0131rmalar (ak\u0131ll\u0131 telefon kullan\u0131m\u0131n\u0131n azald\u0131\u011f\u0131 veya hi\u00e7 kullan\u0131lmad\u0131\u011f\u0131 d\u00f6nemler) beyin sa\u011fl\u0131\u011f\u0131yla ilgili \u00fcmit verici sonu\u00e7lar ortaya koymaktad\u0131r. Sistematik bir inceleme, dijital detoksun bili\u015fsel kaynaklar\u0131n yenilenmesine olanak sa\u011flad\u0131\u011f\u0131n\u0131, potansiyel olarak n\u00f6rotransmitter d\u00fczenlemesini etkiledi\u011fini ve depresif duygular\u0131n azalmas\u0131na katk\u0131da bulundu\u011funu g\u00f6stermektedir. Dahas\u0131, yeni bir dil \u00f6\u011frenmek gibi aktivitelere kat\u0131lman\u0131n beyin esnekli\u011fini ve bili\u015fsel i\u015flevleri geli\u015ftirdi\u011fi g\u00f6sterilmi\u015ftir.<\/p>\n<p><img loading=\"lazy\" decoding=\"async\" class=\"alignnone wp-image-148471\" src=\"https:\/\/www.tgrthaber.com\/mavikadin\/wp-content\/uploads\/2-465.png\" alt=\"\" width=\"1208\" height=\"680\" title=\"\" srcset=\"https:\/\/www.tgrthaber.com\/mavikadin\/wp-content\/uploads\/2-465.png 1280w, https:\/\/www.tgrthaber.com\/mavikadin\/wp-content\/uploads\/2-465-300x169.png 300w, https:\/\/www.tgrthaber.com\/mavikadin\/wp-content\/uploads\/2-465-1024x576.png 1024w, https:\/\/www.tgrthaber.com\/mavikadin\/wp-content\/uploads\/2-465-768x432.png 768w\" sizes=\"(max-width: 1208px) 100vw, 1208px\" \/><\/p>\n<hr \/>\n<h3>AKILLI TELEFONLAR GER\u00c7EKTEN BEYN\u0130 &#8220;\u00c7\u00dcR\u00dcT\u00dcYOR&#8221;MU?<\/h3>\n<p>&#8220;\u00c7\u00fcr\u00fcme&#8221; terimi bir abart\u0131 olsa da, a\u015f\u0131r\u0131 ak\u0131ll\u0131 telefon kullan\u0131m\u0131n\u0131n bili\u015fsel performans\u0131 engelleyebilece\u011fine dair kan\u0131tlar vard\u0131r. Ancak, dijital molalarla birle\u015ftirilen orta d\u00fczeyde ve dikkatli telefon kullan\u0131m\u0131 sa\u011fl\u0131kl\u0131 bir dengeyi korumaya yard\u0131mc\u0131 olabilir. Uzmanlar ekran s\u00fcresi s\u0131n\u0131rlar\u0131 koymay\u0131, y\u00fcz y\u00fcze etkile\u015fimlere \u00f6ncelik vermeyi ve okuma, egzersiz yapma ve meditasyon gibi beyin i\u015flevini uyaran aktivitelerde bulunmay\u0131 \u00f6neriyor. Bu uygulamalar beyin sa\u011fl\u0131\u011f\u0131n\u0131 destekleyebilir ve uzun s\u00fcreli ak\u0131ll\u0131 telefon kullan\u0131m\u0131yla ili\u015fkili olas\u0131 olumsuz etkileri azaltabilir.<\/p>\n<p>Ak\u0131ll\u0131 telefon kullan\u0131m\u0131 ile beyin sa\u011fl\u0131\u011f\u0131 aras\u0131ndaki ili\u015fki karma\u015f\u0131kt\u0131r. A\u015f\u0131r\u0131 kullan\u0131m bili\u015fsel gerilemeye yol a\u00e7abilirken, telefonsuz d\u00f6nemleri dahil etmek zihinsel berrakl\u0131\u011f\u0131 geri kazand\u0131rmaya ve genel beyin i\u015flevini geli\u015ftirmeye yard\u0131mc\u0131 olabilir. Dijital \u00e7a\u011fda bili\u015fsel refah\u0131 korumak i\u00e7in teknoloji kullan\u0131m\u0131 ile beyin sa\u011fl\u0131\u011f\u0131n\u0131 destekleyen aktiviteler aras\u0131nda bir denge kurmak esast\u0131r.<\/p>\n","protected":false},"excerpt":{"rendered":"<p>Modern toplumumuzda ak\u0131ll\u0131 telefonlar, g\u00fcnl\u00fck ya\u015fam\u0131n \u00e7e\u015fitli y\u00f6nlerine sorunsuz bir \u015fekilde entegre olan vazge\u00e7ilmez ara\u00e7lar haline geldi. Anl\u0131k ileti\u015fimi kolayla\u015ft\u0131rmaktan \u00e7ok \u00e7e\u015fitli bilgilere eri\u015fim sa\u011flamaya kadar, bu cihazlar \u00e7ok say\u0131da kolayl\u0131k sunuyor. Ancak, kullan\u0131mlar\u0131 giderek yayg\u0131nla\u015ft\u0131k\u00e7a, bili\u015fsel i\u015flevler ve genel beyin sa\u011fl\u0131\u011f\u0131 \u00fczerindeki potansiyel etkileri konusunda endi\u015feler ortaya \u00e7\u0131kt\u0131. Haberimizde, ak\u0131ll\u0131 telefon kullan\u0131m\u0131n\u0131n beyin \u00fczerindeki etkilerini tart\u0131\u015f\u0131p, olas\u0131 olumsuz sonu\u00e7lar\u0131 \u00f6nlemenin bir yolu olarak dijital detoks kavram\u0131n\u0131 inceliyor ve uzun s\u00fcreli ak\u0131ll\u0131 telefon kullan\u0131m\u0131n\u0131n bili\u015fsel gerilemeye yol a\u00e7\u0131p a\u00e7mayaca\u011f\u0131n\u0131 inceleyece\u011fiz. \u0130\u015fte detaylar&#8230;<\/p>\n","protected":false},"author":28,"featured_media":148470,"comment_status":"closed","ping_status":"closed","sticky":false,"template":"","format":"standard","meta":{"rank_math_lock_modified_date":true,"footnotes":""},"categories":[101],"tags":[14585,14587,14586,92,14584],"class_list":["post-148428","post","type-post","status-publish","format-standard","has-post-thumbnail","hentry","category-kesfet","tag-akilli-telefon-zararlari","tag-dijital-cag","tag-dijital-cagda-insan-beyni","tag-telefon","tag-telefonsuz-hayat"],"_links":{"self":[{"href":"https:\/\/www.tgrthaber.com\/mavikadin\/wp-json\/wp\/v2\/posts\/148428"}],"collection":[{"href":"https:\/\/www.tgrthaber.com\/mavikadin\/wp-json\/wp\/v2\/posts"}],"about":[{"href":"https:\/\/www.tgrthaber.com\/mavikadin\/wp-json\/wp\/v2\/types\/post"}],"author":[{"embeddable":true,"href":"https:\/\/www.tgrthaber.com\/mavikadin\/wp-json\/wp\/v2\/users\/28"}],"replies":[{"embeddable":true,"href":"https:\/\/www.tgrthaber.com\/mavikadin\/wp-json\/wp\/v2\/comments?post=148428"}],"version-history":[{"count":1,"href":"https:\/\/www.tgrthaber.com\/mavikadin\/wp-json\/wp\/v2\/posts\/148428\/revisions"}],"predecessor-version":[{"id":148481,"href":"https:\/\/www.tgrthaber.com\/mavikadin\/wp-json\/wp\/v2\/posts\/148428\/revisions\/148481"}],"wp:featuredmedia":[{"embeddable":true,"href":"https:\/\/www.tgrthaber.com\/mavikadin\/wp-json\/wp\/v2\/media\/148470"}],"wp:attachment":[{"href":"https:\/\/www.tgrthaber.com\/mavikadin\/wp-json\/wp\/v2\/media?parent=148428"}],"wp:term":[{"taxonomy":"category","embeddable":true,"href":"https:\/\/www.tgrthaber.com\/mavikadin\/wp-json\/wp\/v2\/categories?post=148428"},{"taxonomy":"post_tag","embeddable":true,"href":"https:\/\/www.tgrthaber.com\/mavikadin\/wp-json\/wp\/v2\/tags?post=148428"}],"curies":[{"name":"wp","href":"https:\/\/api.w.org\/{rel}","templated":true}]}}