{"id":148503,"date":"2025-03-18T00:50:40","date_gmt":"2025-03-17T21:50:40","guid":{"rendered":"https:\/\/www.tgrthaber.com\/mavikadin\/?p=148503"},"modified":"2025-03-18T00:59:48","modified_gmt":"2025-03-17T21:59:48","slug":"tanyeli-cenaze-toreni-ne-zaman-cenaze-toreni-nerede-yapilacak-nereye-defnedilecek","status":"publish","type":"post","link":"https:\/\/www.tgrthaber.com\/mavikadin\/tanyeli-cenaze-toreni-ne-zaman-cenaze-toreni-nerede-yapilacak-nereye-defnedilecek\/","title":{"rendered":"Tanyeli cenaze t\u00f6reni ne zaman? Cenaze t\u00f6reni nerede yap\u0131lacak? Nereye defnedilecek?"},"content":{"rendered":"<p>Tanyeli\u2019nin \u00f6l\u00fcm\u00fc, sanat camias\u0131n\u0131 derinden etkiledi. Deniz Seki, Sibel Can, Arma\u011fan \u00c7a\u011flayan, Ebru G\u00fcnde\u015f ve di\u011fer sanat\u00e7\u0131 dostlar\u0131 Instagram\u2019da, Tanyeli\u2019nin vefat\u0131n\u0131n ard\u0131ndan ya\u015fad\u0131klar\u0131 derin \u00fcz\u00fcnt\u00fc ve ac\u0131y\u0131 payla\u015ft\u0131lar. Peki, Tanyeli cenaze t\u00f6reni ne zaman? Cenaze t\u00f6reni nerede yap\u0131lacak? Nereye defnedilecek?<\/p>\n<h3>TANYEL\u0130 CENAZES\u0130 NE ZAMAN DEFNED\u0130LECEK?<\/h3>\n<p>Tanyeli\u2019nin cenaze tarihi ile ilgili e\u015fi \u0130lker S\u00fcnneli taraf\u0131ndan hen\u00fcz resmi olarak bir a\u00e7\u0131klanma yap\u0131lmad\u0131. Ailesi ve yak\u0131n \u00e7evresindeki herkes duyar duymaz hastaneye ak\u0131n etti. 17 Mart 2025 Pazartesi ak\u015fam\u0131 hayata g\u00f6zlerini yuman Tanyeli\u2019nin cenaze i\u015flemleri e\u015fi ve hastane personeli aras\u0131nda g\u00f6r\u00fc\u015fmeler yap\u0131ld\u0131\u011f\u0131 tahmin ediliyor. Tanyeli sevenlerin sosyal medya platformlar\u0131nda \u201cTanyeli cenazesi ne zaman?\u201d sorular\u0131 aranmaya ba\u015flan\u0131rken, Tanyeli\u2019 yar\u0131n \u00f6\u011flen Zincirlikuyu&#8217;da k\u0131l\u0131nacak cenaze namaz\u0131n\u0131n ard\u0131ndan vasiyeti \u00fczerine Bodrum&#8217;a annesinin yan\u0131na defnedilecek.<\/p>\n<p><img loading=\"lazy\" decoding=\"async\" class=\"alignnone wp-image-148489\" src=\"https:\/\/www.tgrthaber.com\/mavikadin\/wp-content\/uploads\/ddddd-300x169.png\" alt=\"tanyeli \" width=\"1208\" height=\"682\" title=\"\" srcset=\"https:\/\/www.tgrthaber.com\/mavikadin\/wp-content\/uploads\/ddddd-300x169.png 300w, https:\/\/www.tgrthaber.com\/mavikadin\/wp-content\/uploads\/ddddd-1024x578.png 1024w, https:\/\/www.tgrthaber.com\/mavikadin\/wp-content\/uploads\/ddddd-768x433.png 768w, https:\/\/www.tgrthaber.com\/mavikadin\/wp-content\/uploads\/ddddd.png 1350w\" sizes=\"(max-width: 1208px) 100vw, 1208px\" \/><\/p>\n<hr \/>\n<h3>TANYEL\u0130 CENAZES\u0130 NE ZAMAN?<\/h3>\n<p>Tanyeli, di\u011fer ad\u0131yla \u00d6znur Kral, 2.5 y\u0131ld\u0131r pankreas kanseri ile hastanede m\u00fccadele ediyordu. Ya\u015fad\u0131\u011f\u0131 enfeksiyon sonucu bir s\u00fcre kimseyle g\u00f6r\u00fc\u015fmeden tedavisi devam eden Tanyeli, toparland\u0131\u011f\u0131n\u0131 ve doktorunun belki de bir iki g\u00fcne \u00e7\u0131kabilece\u011fini sosyal medya hesab\u0131ndan sevenlerine duyurmu\u015ftu. Sevenleri ve ailesi hastaneden \u00e7\u0131kmas\u0131 beklenirken, bir anda yo\u011fun bak\u0131ma al\u0131narak ent\u00fcbe oldu\u011fu haberi geldi. Ge\u00e7ti\u011fimiz g\u00fcn tansiyon de\u011ferlerinin normale d\u00f6nd\u00fc\u011f\u00fcn\u00fcn durumunun iyiye gitti\u011fini s\u00f6yleyen \u0130lker S\u00fcnneli, her zaman bir mucize var diyerek payla\u015f\u0131mlar yapm\u0131\u015ft\u0131.<\/p>\n<p>54 ya\u015f\u0131ndaki Tanyeli, 17 Mart 2025\u2019te tedavi g\u00f6rd\u00fc\u011f\u00fc hastanede hayata veda etti. Sanat camias\u0131ndaki arkada\u015flar\u0131, dostlar\u0131 \u00f6l\u00fcm haberini duyar duymaz hastaneye gittiler ve sosyal medya hesaplar\u0131ndan ba\u015f sa\u011fl\u0131\u011f\u0131 dilediler. Tanyeli\u2019nin cenazesi vasiyeti \u00fczerine Bodrum&#8217;a annesinin yan\u0131na defnedilecek.<\/p>\n<p><img loading=\"lazy\" decoding=\"async\" class=\"alignnone wp-image-148465\" src=\"https:\/\/www.tgrthaber.com\/mavikadin\/wp-content\/uploads\/Ekran-Resmi-2025-03-17-23.48.08-300x178.png\" alt=\"tanyeli cenazesi ne zaman\" width=\"1208\" height=\"717\" title=\"\" srcset=\"https:\/\/www.tgrthaber.com\/mavikadin\/wp-content\/uploads\/Ekran-Resmi-2025-03-17-23.48.08-300x178.png 300w, https:\/\/www.tgrthaber.com\/mavikadin\/wp-content\/uploads\/Ekran-Resmi-2025-03-17-23.48.08-768x456.png 768w, https:\/\/www.tgrthaber.com\/mavikadin\/wp-content\/uploads\/Ekran-Resmi-2025-03-17-23.48.08.png 950w\" sizes=\"(max-width: 1208px) 100vw, 1208px\" \/><\/p>\n<hr \/>\n<h3>\u201cYORULDUM DEM\u0130\u015eT\u0130\u201d<\/h3>\n<p>Tanyeli, 2.5 y\u0131ld\u0131r tedavi g\u00f6rd\u00fc\u011f\u00fc pankreas kanserine yenik d\u00fc\u015ft\u00fc. 54 ya\u015f\u0131nda hayata veda eden Tanyeli, \u201cYoruldum\u201d demi\u015fti. Hastanede yorulmas\u0131na ra\u011fmen sava\u015fmaya ve umudunu kaybetmemeye kar\u015f\u0131 g\u00fc\u00e7l\u00fc ve inan\u00e7l\u0131yd\u0131.<\/p>\n","protected":false},"excerpt":{"rendered":"<p>Tanyeli\u2019nin \u00f6l\u00fcm\u00fc, sanat camias\u0131n\u0131 derinden etkiledi. Deniz Seki, Sibel Can, Arma\u011fan \u00c7a\u011flayan, Ebru G\u00fcnde\u015f ve di\u011fer sanat\u00e7\u0131 dostlar\u0131 Instagram\u2019da, Tanyeli\u2019nin vefat\u0131n\u0131n ard\u0131ndan ya\u015fad\u0131klar\u0131 derin \u00fcz\u00fcnt\u00fc ve ac\u0131y\u0131 payla\u015ft\u0131lar. Peki, Tanyeli cenaze t\u00f6reni ne zaman? Cenaze t\u00f6reni nerede yap\u0131lacak? Nereye defnedilecek?<\/p>\n","protected":false},"author":10,"featured_media":148506,"comment_status":"closed","ping_status":"closed","sticky":false,"template":"","format":"standard","meta":{"rank_math_lock_modified_date":false,"footnotes":""},"categories":[76],"tags":[133,2218,464,14596,14597],"class_list":["post-148503","post","type-post","status-publish","format-standard","has-post-thumbnail","hentry","category-magazin","tag-magazin","tag-magazin-haberleri","tag-tanyeli","tag-tanyeli-cenaze-toreni","tag-tanyeli-nereye-defnedilecek"],"_links":{"self":[{"href":"https:\/\/www.tgrthaber.com\/mavikadin\/wp-json\/wp\/v2\/posts\/148503"}],"collection":[{"href":"https:\/\/www.tgrthaber.com\/mavikadin\/wp-json\/wp\/v2\/posts"}],"about":[{"href":"https:\/\/www.tgrthaber.com\/mavikadin\/wp-json\/wp\/v2\/types\/post"}],"author":[{"embeddable":true,"href":"https:\/\/www.tgrthaber.com\/mavikadin\/wp-json\/wp\/v2\/users\/10"}],"replies":[{"embeddable":true,"href":"https:\/\/www.tgrthaber.com\/mavikadin\/wp-json\/wp\/v2\/comments?post=148503"}],"version-history":[{"count":5,"href":"https:\/\/www.tgrthaber.com\/mavikadin\/wp-json\/wp\/v2\/posts\/148503\/revisions"}],"predecessor-version":[{"id":148525,"href":"https:\/\/www.tgrthaber.com\/mavikadin\/wp-json\/wp\/v2\/posts\/148503\/revisions\/148525"}],"wp:featuredmedia":[{"embeddable":true,"href":"https:\/\/www.tgrthaber.com\/mavikadin\/wp-json\/wp\/v2\/media\/148506"}],"wp:attachment":[{"href":"https:\/\/www.tgrthaber.com\/mavikadin\/wp-json\/wp\/v2\/media?parent=148503"}],"wp:term":[{"taxonomy":"category","embeddable":true,"href":"https:\/\/www.tgrthaber.com\/mavikadin\/wp-json\/wp\/v2\/categories?post=148503"},{"taxonomy":"post_tag","embeddable":true,"href":"https:\/\/www.tgrthaber.com\/mavikadin\/wp-json\/wp\/v2\/tags?post=148503"}],"curies":[{"name":"wp","href":"https:\/\/api.w.org\/{rel}","templated":true}]}}