{"id":148514,"date":"2025-03-18T01:11:22","date_gmt":"2025-03-17T22:11:22","guid":{"rendered":"https:\/\/www.tgrthaber.com\/mavikadin\/?p=148514"},"modified":"2025-03-18T01:11:22","modified_gmt":"2025-03-17T22:11:22","slug":"nursel-ergin-kanser-nedeniyle-saclarini-kazittigi-videosuna-elestiriler-yagdi-unlu-sunucu-acti-agzini-yumdu-gozunu","status":"publish","type":"post","link":"https:\/\/www.tgrthaber.com\/mavikadin\/nursel-ergin-kanser-nedeniyle-saclarini-kazittigi-videosuna-elestiriler-yagdi-unlu-sunucu-acti-agzini-yumdu-gozunu\/","title":{"rendered":"Nursel Ergin kanser nedeniyle sa\u00e7lar\u0131n\u0131 kaz\u0131tt\u0131\u011f\u0131 videosuna ele\u015ftiriler ya\u011fd\u0131! \u00dcnl\u00fc sunucu a\u00e7t\u0131 a\u011fz\u0131n\u0131 yumdu g\u00f6z\u00fcn\u00fc"},"content":{"rendered":"<p>\u00dcnl\u00fc T\u00fcrk televizyon sunucusu Nursel Ergin aylard\u0131r kanserle m\u00fccadele ediyor ve tedavisinin bir par\u00e7as\u0131 olarak yak\u0131n zamanda sa\u00e7\u0131n\u0131 kaz\u0131tt\u0131. Bu an\u0131n duygusal bir videosunu sosyal medyada payla\u015ft\u0131 ancak yaln\u0131zca destek almak yerine baz\u0131 kullan\u0131c\u0131lardan sert ele\u015ftirilerle de kar\u015f\u0131la\u015ft\u0131. Zorluklara kar\u015f\u0131 her zaman g\u00fc\u00e7l\u00fc kalmay\u0131 ba\u015faran Ergin, tepkilere g\u00fc\u00e7l\u00fc ifadelerle yan\u0131t vererek, b\u00f6ylesine zor bir zamanda olumsuzlu\u011fa tahamm\u00fcl etmeyece\u011fini a\u00e7\u0131k\u00e7a belirtti.<\/p>\n<h3>&#8220;ASLA MAGAZ\u0130N KONUSU OLMAK \u0130STEMED\u0130M&#8221;<\/h3>\n<p>S\u0131cak ki\u015fili\u011fi ve ba\u015far\u0131l\u0131 televizyon kariyeriyle tan\u0131nan Ergin, hastal\u0131kla sava\u015ft\u0131\u011f\u0131 anlardan kalma bir videoyu payla\u015ft\u0131ktan sonra tepkilere maruz kald\u0131. Sa\u00e7lar\u0131n\u0131 kaz\u0131tt\u0131\u011f\u0131 video sonras\u0131 gelen ele\u015ftirilere yan\u0131t olarak, amac\u0131n\u0131n asla medyas\u0131n\u0131n ilgisini \u00e7ekmek olmad\u0131\u011f\u0131n\u0131 belirtti. Gelen yan\u0131tlara tepki olarak sosyal medya hesab\u0131ndan \u015fu s\u00f6zleri payla\u015ft\u0131:<\/p>\n<p>\u201cTelefonum hi\u00e7 susmuyor. \u0130stesem her g\u00fcn farkl\u0131 bir TV program\u0131nda veya platformda olabilirdim ama bu benim \u00f6nceli\u011fim de\u011fil. Kalbime en \u00e7ok g\u00fcveniyorum. Her zaman nezaket se\u00e7erim ve ba\u015fkalar\u0131n\u0131n mutlulu\u011funu kendi mutlulu\u011fumdan daha \u00e7ok d\u00fc\u015f\u00fcn\u00fcr\u00fcm&#8221; diye yazd\u0131 sosyal medya payla\u015f\u0131m\u0131nda.<\/p>\n<p><img loading=\"lazy\" decoding=\"async\" class=\"alignnone wp-image-148532\" src=\"https:\/\/www.tgrthaber.com\/mavikadin\/wp-content\/uploads\/2-467.png\" alt=\"\" width=\"1208\" height=\"680\" title=\"\" srcset=\"https:\/\/www.tgrthaber.com\/mavikadin\/wp-content\/uploads\/2-467.png 1280w, https:\/\/www.tgrthaber.com\/mavikadin\/wp-content\/uploads\/2-467-300x169.png 300w, https:\/\/www.tgrthaber.com\/mavikadin\/wp-content\/uploads\/2-467-1024x576.png 1024w, https:\/\/www.tgrthaber.com\/mavikadin\/wp-content\/uploads\/2-467-768x432.png 768w\" sizes=\"(max-width: 1208px) 100vw, 1208px\" \/><\/p>\n<hr \/>\n<h3>&#8220;\u00c7ALI\u015eMAYI BIRAKIRSAM K\u0130RAMI \u00d6DER M\u0130S\u0130N\u0130Z?&#8221;<\/h3>\n<p>Ergin&#8217;in ald\u0131\u011f\u0131 ele\u015ftirilerin ana noktalar\u0131ndan biri, kanser tedavisi g\u00f6rmesine ra\u011fmen \u00e7al\u0131\u015fmaya devam etme karar\u0131yd\u0131. Baz\u0131lar\u0131 neden hala televizyonda g\u00f6r\u00fcnd\u00fc\u011f\u00fcn\u00fc sorgulad\u0131. Buna kar\u015f\u0131l\u0131k kendini sert s\u00f6zlerle savundu:<\/p>\n<p>&#8220;\u00c7al\u0131\u015fmay\u0131 b\u0131rakmal\u0131 m\u0131y\u0131m? Kiram\u0131 \u00f6der misiniz? \u00c7ocu\u011fuma bakar m\u0131s\u0131n\u0131z? Ekrana geri d\u00f6nd\u00fc\u011f\u00fcm ve tedavim hala devam etti\u011fi i\u00e7in yolculu\u011fumu payla\u015fmak zorundayd\u0131m. Her zaman \u00f6rnek olmak ve ba\u015fkalar\u0131n\u0131 motive etmek istedim!&#8221;<\/p>\n<p><img loading=\"lazy\" decoding=\"async\" class=\"alignnone wp-image-148533\" src=\"https:\/\/www.tgrthaber.com\/mavikadin\/wp-content\/uploads\/3-462.png\" alt=\"\" width=\"1208\" height=\"680\" title=\"\" srcset=\"https:\/\/www.tgrthaber.com\/mavikadin\/wp-content\/uploads\/3-462.png 1280w, https:\/\/www.tgrthaber.com\/mavikadin\/wp-content\/uploads\/3-462-300x169.png 300w, https:\/\/www.tgrthaber.com\/mavikadin\/wp-content\/uploads\/3-462-1024x576.png 1024w, https:\/\/www.tgrthaber.com\/mavikadin\/wp-content\/uploads\/3-462-768x432.png 768w\" sizes=\"(max-width: 1208px) 100vw, 1208px\" \/><\/p>\n<hr \/>\n<p>Olumsuz yorumlardan b\u0131kan Ergin, ele\u015ftirmenlerine seslenmekten \u00e7ekinmedi.<\/p>\n<p>&#8220;Baz\u0131 insanlar neler ya\u015fad\u0131\u011f\u0131m\u0131 anlam\u0131yor ama yine de yarg\u0131l\u0131yorlar. Bir r\u00f6portaj\u0131n veya g\u00f6nderinin k\u00fc\u00e7\u00fck bir b\u00f6l\u00fcm\u00fcn\u00fc al\u0131p kurtlara at\u0131yorlar. So\u011fuk kalpli ve s\u0131\u011f zihinli olanlar a\u00e7 piranalar gibi \u00fczerine atl\u0131yorlar. Kendini sevmeyen ve ba\u015fkalar\u0131n\u0131 a\u015fa\u011f\u0131 \u00e7ekmeye \u00e7al\u0131\u015fan insanlarla dolu bir d\u00fcnyada ya\u015f\u0131yoruz.\u201d<\/p>\n<p><img loading=\"lazy\" decoding=\"async\" class=\"alignnone wp-image-148534\" src=\"https:\/\/www.tgrthaber.com\/mavikadin\/wp-content\/uploads\/4-380.png\" alt=\"\" width=\"1208\" height=\"680\" title=\"\" srcset=\"https:\/\/www.tgrthaber.com\/mavikadin\/wp-content\/uploads\/4-380.png 1280w, https:\/\/www.tgrthaber.com\/mavikadin\/wp-content\/uploads\/4-380-300x169.png 300w, https:\/\/www.tgrthaber.com\/mavikadin\/wp-content\/uploads\/4-380-1024x576.png 1024w, https:\/\/www.tgrthaber.com\/mavikadin\/wp-content\/uploads\/4-380-768x432.png 768w\" sizes=\"(max-width: 1208px) 100vw, 1208px\" \/><\/p>\n<hr \/>\n<p>Ayr\u0131ca Mevl\u00e2n\u00e2 Cel\u00e2ledd\u00een-i R\u00fbmi&#8217;nin s\u00f6zleriyle birlikte bir \u00e7ocukluk foto\u011fraf\u0131 payla\u015ft\u0131:<\/p>\n<p>&#8220;Hayat\u0131m\u0131 yarg\u0131lamadan \u00f6nce ayakkab\u0131lar\u0131m\u0131 giy ve yolumu y\u00fcr\u00fc. Ya\u015fad\u0131\u011f\u0131m \u00fcz\u00fcnt\u00fcy\u00fc, ac\u0131y\u0131 ve sevinci deneyimle. T\u00f6kezledi\u011fim ta\u015flara tak\u0131l\u0131p d\u00fc\u015f ve yapt\u0131\u011f\u0131m gibi tekrar kalk. Ancak o zaman beni yarg\u0131layabilirsin.&#8221;<\/p>\n","protected":false},"excerpt":{"rendered":"<p>Televizyon sunucusu Nursel Ergin kanserle m\u00fccadele etti\u011fi d\u00f6nemlerden kalma, tedavisinin bir par\u00e7as\u0131 olarak sa\u00e7\u0131n\u0131 kaz\u0131tt\u0131\u011f\u0131 etkileyici bir video payla\u015ft\u0131. Bir\u00e7ok ki\u015fi bu zorlu d\u00f6nemde onu desteklerken, sosyal medyada ele\u015ftirilerle de kar\u015f\u0131 kar\u015f\u0131ya kald\u0131. Ergin buna kar\u015f\u0131l\u0131k sessizli\u011fini sert s\u00f6zlerle bozdu, kararlar\u0131n\u0131 yarg\u0131layanlara seslendi ve dayan\u0131kl\u0131l\u0131\u011f\u0131n\u0131 yeniden teyit etti. <\/p>\n","protected":false},"author":28,"featured_media":148531,"comment_status":"closed","ping_status":"closed","sticky":false,"template":"","format":"standard","meta":{"rank_math_lock_modified_date":true,"footnotes":""},"categories":[76],"tags":[12363,14606],"class_list":["post-148514","post","type-post","status-publish","format-standard","has-post-thumbnail","hentry","category-magazin","tag-nursel-ergin","tag-nursel-ergin-kanseri-yendi"],"_links":{"self":[{"href":"https:\/\/www.tgrthaber.com\/mavikadin\/wp-json\/wp\/v2\/posts\/148514"}],"collection":[{"href":"https:\/\/www.tgrthaber.com\/mavikadin\/wp-json\/wp\/v2\/posts"}],"about":[{"href":"https:\/\/www.tgrthaber.com\/mavikadin\/wp-json\/wp\/v2\/types\/post"}],"author":[{"embeddable":true,"href":"https:\/\/www.tgrthaber.com\/mavikadin\/wp-json\/wp\/v2\/users\/28"}],"replies":[{"embeddable":true,"href":"https:\/\/www.tgrthaber.com\/mavikadin\/wp-json\/wp\/v2\/comments?post=148514"}],"version-history":[{"count":1,"href":"https:\/\/www.tgrthaber.com\/mavikadin\/wp-json\/wp\/v2\/posts\/148514\/revisions"}],"predecessor-version":[{"id":148536,"href":"https:\/\/www.tgrthaber.com\/mavikadin\/wp-json\/wp\/v2\/posts\/148514\/revisions\/148536"}],"wp:featuredmedia":[{"embeddable":true,"href":"https:\/\/www.tgrthaber.com\/mavikadin\/wp-json\/wp\/v2\/media\/148531"}],"wp:attachment":[{"href":"https:\/\/www.tgrthaber.com\/mavikadin\/wp-json\/wp\/v2\/media?parent=148514"}],"wp:term":[{"taxonomy":"category","embeddable":true,"href":"https:\/\/www.tgrthaber.com\/mavikadin\/wp-json\/wp\/v2\/categories?post=148514"},{"taxonomy":"post_tag","embeddable":true,"href":"https:\/\/www.tgrthaber.com\/mavikadin\/wp-json\/wp\/v2\/tags?post=148514"}],"curies":[{"name":"wp","href":"https:\/\/api.w.org\/{rel}","templated":true}]}}