{"id":148526,"date":"2025-03-18T01:14:40","date_gmt":"2025-03-17T22:14:40","guid":{"rendered":"https:\/\/www.tgrthaber.com\/mavikadin\/?p=148526"},"modified":"2025-03-18T01:20:45","modified_gmt":"2025-03-17T22:20:45","slug":"ayagi-kirilan-aras-bulut-iynemli-deha-setine-dondu-paylasimina-begeni-yagdi","status":"publish","type":"post","link":"https:\/\/www.tgrthaber.com\/mavikadin\/ayagi-kirilan-aras-bulut-iynemli-deha-setine-dondu-paylasimina-begeni-yagdi\/","title":{"rendered":"Aya\u011f\u0131 k\u0131r\u0131lan Aras Bulut \u0130ynemli Deha setine d\u00f6nd\u00fc! Payla\u015f\u0131m\u0131na be\u011feni ya\u011fd\u0131"},"content":{"rendered":"<p>\u00dcnl\u00fc oyuncu Aras Bulut \u0130ynemli, Deha dizisinin setinde aksiyon dolu bir sahne \u00e7ekimi s\u0131ras\u0131nda talihsiz bir kaza ge\u00e7irmi\u015fti. \u00c7ekimler esnas\u0131nda dengesini kaybederek aya\u011f\u0131n\u0131 burkan \u0130ynemli, hastaneye kald\u0131r\u0131lm\u0131\u015ft\u0131. Yap\u0131lan muayene sonucu ayak bile\u011finde k\u0131r\u0131k oldu\u011fu belirlenerek acilen ameliyat edilen \u0130ynemli\u2019nin sa\u011fl\u0131k durumu iyiye giderken, oyuncunun setteki \u00e7al\u0131\u015fmalar\u0131na geri d\u00f6nd\u00fc\u011f\u00fc \u00f6\u011frenildi. Geri d\u00f6n\u00fc\u015f\u00fcn\u00fc sosyal medya \u00fczerinden duyuran \u0130ynemli, i\u015f ahlak\u0131 ve profesyonelli\u011fiyle bir kez daha takdir toplad\u0131.<\/p>\n<h3>AYA\u011eI KIRILAN ARAS BULUT \u0130YNEML\u0130 DEHA SET\u0130NE D\u00d6ND\u00dc<\/h3>\n<p class=\"p2\">Aras Bulut \u0130ynemli, Deha dizisinin \u00e7ekimleri s\u0131ras\u0131nda aksiyon dolu bir sahnede talihsiz bir \u015fekilde kaza ge\u00e7irdi. \u00c7ekimler s\u0131ras\u0131nda dengesini kaybeden ve aya\u011f\u0131n\u0131 burkan \u00fcnl\u00fc oyuncu, hastaneye kald\u0131r\u0131ld\u0131. Yap\u0131lan detayl\u0131 incelemeler sonucunda ayak bile\u011finde k\u0131r\u0131k oldu\u011fu tespit edilerek acil ameliyata al\u0131nd\u0131. Ameliyat\u0131n ard\u0131ndan iyile\u015fme s\u00fcrecine giren \u0130ynemli, k\u0131sa s\u00fcre i\u00e7inde setteki \u00e7al\u0131\u015fmalar\u0131na devam etti. Sosyal medya hesab\u0131 \u00fczerinden iyile\u015fti\u011fini ve i\u015fine geri d\u00f6nd\u00fc\u011f\u00fcn\u00fc duyuran \u0130ynemli, profesyonellik ve azmiyle yine b\u00fcy\u00fck \u00f6vg\u00fc toplad\u0131.<\/p>\n<p><img loading=\"lazy\" decoding=\"async\" class=\"alignnone wp-image-148535 \" src=\"https:\/\/www.tgrthaber.com\/mavikadin\/wp-content\/uploads\/Ekran-Resmi-2025-03-18-01.10.27-646x1024.png\" alt=\"\" width=\"972\" height=\"1540\" title=\"\" srcset=\"https:\/\/www.tgrthaber.com\/mavikadin\/wp-content\/uploads\/Ekran-Resmi-2025-03-18-01.10.27-646x1024.png 646w, https:\/\/www.tgrthaber.com\/mavikadin\/wp-content\/uploads\/Ekran-Resmi-2025-03-18-01.10.27-189x300.png 189w, https:\/\/www.tgrthaber.com\/mavikadin\/wp-content\/uploads\/Ekran-Resmi-2025-03-18-01.10.27-768x1217.png 768w, https:\/\/www.tgrthaber.com\/mavikadin\/wp-content\/uploads\/Ekran-Resmi-2025-03-18-01.10.27.png 866w\" sizes=\"(max-width: 972px) 100vw, 972px\" \/><\/p>\n<h3><del><\/p>\n<hr \/>\n<p><\/del>ARAS BULUT \u0130YNEML\u0130 K\u0130MD\u0130R?<\/h3>\n<p class=\"p1\">Aras Bulut \u0130ynemli, 25 A\u011fustos 1990\u2019da \u0130stanbul\u2019da d\u00fcnyaya gelmi\u015f ve T\u00fcrk televizyonu ile sinema sekt\u00f6r\u00fcnde kendine \u00f6nemli bir yer edinmi\u015ftir. Sanat\u00e7\u0131 bir ailede b\u00fcy\u00fcyen \u0130ynemli\u2019nin a\u011fabeyi tiyatrocu, ablas\u0131 ise ses sanat\u00e7\u0131s\u0131d\u0131r. E\u011fitim hayat\u0131n\u0131 Be\u015fikta\u015f Anadolu Lisesi\u2019nde tamamlayan \u0130ynemli, ard\u0131ndan \u0130stanbul Teknik \u00dcniversitesi\u2019nde U\u00e7ak M\u00fchendisli\u011fi okumu\u015ftur. Oyunculuk kariyerine reklam filmleriyle ad\u0131m atan \u0130ynemli, Patos reklam\u0131ndaki performans\u0131yla dikkatleri \u00fczerine \u00e7ekmi\u015f, y\u00f6netmen Zeynep G\u00fcnay Tan taraf\u0131ndan \u201c\u00d6yle Bir Ge\u00e7er Zaman Ki\u201d dizisinin deneme \u00e7ekimlerine \u00e7a\u011fr\u0131lm\u0131\u015ft\u0131r. Bu projedeki ba\u015far\u0131l\u0131 performans\u0131 sayesinde Mete Akarsu karakteriyle b\u00fcy\u00fck bir tan\u0131n\u0131rl\u0131k kazanm\u0131\u015f ve sekt\u00f6rde h\u0131zla y\u00fckselmi\u015ftir.<\/p>\n<p><img loading=\"lazy\" decoding=\"async\" class=\"alignnone wp-image-148537 \" src=\"https:\/\/www.tgrthaber.com\/mavikadin\/wp-content\/uploads\/Ekran-Resmi-2025-03-18-01.11.54.png\" alt=\"\" width=\"969\" height=\"1207\" title=\"\" srcset=\"https:\/\/www.tgrthaber.com\/mavikadin\/wp-content\/uploads\/Ekran-Resmi-2025-03-18-01.11.54.png 718w, https:\/\/www.tgrthaber.com\/mavikadin\/wp-content\/uploads\/Ekran-Resmi-2025-03-18-01.11.54-241x300.png 241w\" sizes=\"(max-width: 969px) 100vw, 969px\" \/><\/p>\n<hr \/>\n<p class=\"p1\">Aras Bulut \u0130ynemli, 2013 y\u0131l\u0131nda \u201cMahmut ile Meryem\u201d filminde ba\u015frol \u00fcstlenerek sinemada \u00f6nemli bir ad\u0131m atm\u0131\u015ft\u0131r. Ayn\u0131 y\u0131l, \u00c7a\u011fan Irmak\u2019\u0131n y\u00f6netti\u011fi \u201cTamam m\u0131y\u0131z?\u201d filminde engelli bir karakteri ba\u015far\u0131yla oynayarak oyunculuk yetene\u011fini bir kez daha g\u00f6stermi\u015ftir. Ayr\u0131ca, \u201cMuhte\u015fem Y\u00fczy\u0131l\u201d dizisinde \u015eehzade Bayezid rol\u00fcyle tarih\u00ee projelerde de yer alm\u0131\u015ft\u0131r. Ard\u0131ndan, \u201cMaral: En G\u00fczel Hikayem\u201d, \u201c\u0130\u00e7erde\u201d ve \u201c\u00c7ukur\u201d gibi \u00f6nemli dizilerde ba\u015frol oynayarak televizyon d\u00fcnyas\u0131nda b\u00fcy\u00fck bir iz b\u0131rakm\u0131\u015ft\u0131r. 2019 y\u0131l\u0131nda ise \u201c7. Ko\u011fu\u015ftaki Mucize\u201d filmindeki Memo karakteriyle, izleyicileri derinden etkileyen bir performans sergileyerek sinemaseverlerin takdirini kazanm\u0131\u015ft\u0131r.<\/p>\n","protected":false},"excerpt":{"rendered":"<p>\u00dcnl\u00fc oyuncu Aras Bulut \u0130ynemli, Deha dizisinin \u00e7ekimleri s\u0131ras\u0131nda talihsiz bir kaza ge\u00e7irdi. Dengesini kaybedip aya\u011f\u0131n\u0131 burkan \u0130ynemli, hastaneye kald\u0131r\u0131ld\u0131. Ayak bile\u011finde k\u0131r\u0131k tespit edilen oyuncu acil olarak ameliyat edildi. Sa\u011fl\u0131\u011f\u0131na kavu\u015fan \u0130ynemli, setteki i\u015fine geri d\u00f6nerken, profesyonelli\u011fiyle takdir toplad\u0131.<\/p>\n","protected":false},"author":16,"featured_media":148538,"comment_status":"closed","ping_status":"closed","sticky":false,"template":"","format":"standard","meta":{"rank_math_lock_modified_date":false,"footnotes":""},"categories":[602],"tags":[14609,14608,14607],"class_list":["post-148526","post","type-post","status-publish","format-standard","has-post-thumbnail","hentry","category-diziler","tag-ameliyat-aras-bulut-iynemli-deha-seti","tag-aras-bulut-iynemli-deha","tag-ayagi-kirilan-aras-bulut-iynemli-deha-setinde"],"_links":{"self":[{"href":"https:\/\/www.tgrthaber.com\/mavikadin\/wp-json\/wp\/v2\/posts\/148526"}],"collection":[{"href":"https:\/\/www.tgrthaber.com\/mavikadin\/wp-json\/wp\/v2\/posts"}],"about":[{"href":"https:\/\/www.tgrthaber.com\/mavikadin\/wp-json\/wp\/v2\/types\/post"}],"author":[{"embeddable":true,"href":"https:\/\/www.tgrthaber.com\/mavikadin\/wp-json\/wp\/v2\/users\/16"}],"replies":[{"embeddable":true,"href":"https:\/\/www.tgrthaber.com\/mavikadin\/wp-json\/wp\/v2\/comments?post=148526"}],"version-history":[{"count":3,"href":"https:\/\/www.tgrthaber.com\/mavikadin\/wp-json\/wp\/v2\/posts\/148526\/revisions"}],"predecessor-version":[{"id":148542,"href":"https:\/\/www.tgrthaber.com\/mavikadin\/wp-json\/wp\/v2\/posts\/148526\/revisions\/148542"}],"wp:featuredmedia":[{"embeddable":true,"href":"https:\/\/www.tgrthaber.com\/mavikadin\/wp-json\/wp\/v2\/media\/148538"}],"wp:attachment":[{"href":"https:\/\/www.tgrthaber.com\/mavikadin\/wp-json\/wp\/v2\/media?parent=148526"}],"wp:term":[{"taxonomy":"category","embeddable":true,"href":"https:\/\/www.tgrthaber.com\/mavikadin\/wp-json\/wp\/v2\/categories?post=148526"},{"taxonomy":"post_tag","embeddable":true,"href":"https:\/\/www.tgrthaber.com\/mavikadin\/wp-json\/wp\/v2\/tags?post=148526"}],"curies":[{"name":"wp","href":"https:\/\/api.w.org\/{rel}","templated":true}]}}