{"id":148566,"date":"2025-03-18T02:49:01","date_gmt":"2025-03-17T23:49:01","guid":{"rendered":"https:\/\/www.tgrthaber.com\/mavikadin\/?p=148566"},"modified":"2025-03-18T02:49:14","modified_gmt":"2025-03-17T23:49:14","slug":"aras-bulut-iynemli-cukur-dizisinde-yamac-kocovalinin-en-caresiz-kaldigi-ani-anlatti","status":"publish","type":"post","link":"https:\/\/www.tgrthaber.com\/mavikadin\/aras-bulut-iynemli-cukur-dizisinde-yamac-kocovalinin-en-caresiz-kaldigi-ani-anlatti\/","title":{"rendered":"Aras Bulut \u0130ynemli, \u00c7ukur dizisinde Yama\u00e7 Ko\u00e7oval\u0131&#8217;n\u0131n en \u00e7aresiz kald\u0131\u011f\u0131 an\u0131 anlatt\u0131!"},"content":{"rendered":"<p>Aras Bulut \u0130ynemli, y\u0131llar \u00f6nce oynad\u0131\u011f\u0131 \u00c7ukur dizisindeki Yama\u00e7 Ko\u00e7oval\u0131 karakteri hakk\u0131nda Youtube kanal\u0131nda konu\u015ftu. YouTube\u2019da Kafa Tv\u00a0 Fenomen adl\u0131 program\u0131nda Yama\u00e7 karakterini oynarken ya\u015fad\u0131klar\u0131n\u0131 ve en \u00e7aresiz kald\u0131\u011f\u0131 anlar\u0131 anlatt\u0131.<\/p>\n<h3>\u201cYAMA\u00c7\u2019I \u00d6ZLEM\u0130\u015e\u0130M\u201d<\/h3>\n<p>Aras Bulut \u0130ynemli, Yama\u00e7 karakterinin onda b\u0131rakt\u0131\u011f\u0131 izleri anlatmas\u0131n\u0131n yan\u0131 s\u0131ra karakterini oynarken neler hissettiklerinden bahsetti. \u00c7ukur dizisinde hit olmu\u015f sahnelerin yer ald\u0131\u011f\u0131 videolar\u0131 seyrederken, sahnede s\u00f6yledi\u011fi diyaloglar\u0131 yeniden kurarak bir daha oynamas\u0131 izleyenleri kendisine hayran b\u0131rakt\u0131. Aras Bulut \u0130ynemli, \u00c7ukur dizisindeki Yama\u00e7 karakterini nas\u0131l kabul etti\u011fini anlatt\u0131.<\/p>\n<p>\u201c Bir senaryo geldi kod ad\u0131 Aras\u2019d\u0131. Karakterin ismi de Aras\u2019d\u0131. Asl\u0131nda Aras\u2019\u0131n de\u011fil, yani Yama\u00e7\u2019\u0131n \u00c7ukur\u2019un hikayesi anlat\u0131l\u0131yordu. En b\u00fcy\u00fck sevinme sebeplerinden biri de oydu. \u00c7ok heyecanland\u0131m.\u201d<\/p>\n<p><img loading=\"lazy\" decoding=\"async\" class=\"alignnone wp-image-148568\" src=\"https:\/\/www.tgrthaber.com\/mavikadin\/wp-content\/uploads\/aras-bulut-iynemli-yamac-karakteri-cukur-300x169.jpg\" alt=\"aras bulut iynemli yama\u00e7 karakteri \u00e7ukur\" width=\"1208\" height=\"680\" title=\"\" srcset=\"https:\/\/www.tgrthaber.com\/mavikadin\/wp-content\/uploads\/aras-bulut-iynemli-yamac-karakteri-cukur-300x169.jpg 300w, https:\/\/www.tgrthaber.com\/mavikadin\/wp-content\/uploads\/aras-bulut-iynemli-yamac-karakteri-cukur-1024x576.jpg 1024w, https:\/\/www.tgrthaber.com\/mavikadin\/wp-content\/uploads\/aras-bulut-iynemli-yamac-karakteri-cukur-768x432.jpg 768w, https:\/\/www.tgrthaber.com\/mavikadin\/wp-content\/uploads\/aras-bulut-iynemli-yamac-karakteri-cukur-1536x864.jpg 1536w, https:\/\/www.tgrthaber.com\/mavikadin\/wp-content\/uploads\/aras-bulut-iynemli-yamac-karakteri-cukur.jpg 1920w\" sizes=\"(max-width: 1208px) 100vw, 1208px\" \/><\/p>\n<hr \/>\n<h3>YAMA\u00c7\u2019IN \u00dcST\u00dcN \u0130STE\u011e\u0130 BABA OLMAKTI<\/h3>\n<p>Aras Bulut \u0130ynemli, oynad\u0131\u011f\u0131 karakterlere haz\u0131rlan\u0131rken, karakterin \u00fcst\u00fcn iste\u011fi nedir? diye d\u00fc\u015f\u00fcn\u00fcp ona g\u00f6re karakterle \u00f6zde\u015fti\u011fini dile getirdi. \u201c Yama\u00e7 karakterinin \u00fcst\u00fcn iste\u011fi baba olmakt\u0131. \u00c7\u00fcnk\u00fc senaryo \u00f6yleydi. \u0130nsanlar taraf\u0131ndan bu kadar sahiplenilmesinin sebebi d\u00fcnya genelinde %90\u2019\u0131n\u0131n bir baba problemi var. Yama\u00e7\u2019\u0131n babas\u0131n\u0131n ona verdi\u011fi misyonla alakal\u0131 oldu\u011funu d\u00fc\u015f\u00fcn\u00fcyorum\u201d diyerek a\u00e7\u0131klad\u0131.<\/p>\n<p><img loading=\"lazy\" decoding=\"async\" class=\"alignnone wp-image-148569\" src=\"https:\/\/www.tgrthaber.com\/mavikadin\/wp-content\/uploads\/aras-bulut-iynemli-cukur-diziisi-yamac-karakteri-300x169.jpg\" alt=\"aras bulut iynemli \u00e7ukur diziisi yama\u00e7 karakteri\" width=\"1208\" height=\"680\" title=\"\" srcset=\"https:\/\/www.tgrthaber.com\/mavikadin\/wp-content\/uploads\/aras-bulut-iynemli-cukur-diziisi-yamac-karakteri-300x169.jpg 300w, https:\/\/www.tgrthaber.com\/mavikadin\/wp-content\/uploads\/aras-bulut-iynemli-cukur-diziisi-yamac-karakteri-1024x576.jpg 1024w, https:\/\/www.tgrthaber.com\/mavikadin\/wp-content\/uploads\/aras-bulut-iynemli-cukur-diziisi-yamac-karakteri-768x432.jpg 768w, https:\/\/www.tgrthaber.com\/mavikadin\/wp-content\/uploads\/aras-bulut-iynemli-cukur-diziisi-yamac-karakteri-1536x864.jpg 1536w, https:\/\/www.tgrthaber.com\/mavikadin\/wp-content\/uploads\/aras-bulut-iynemli-cukur-diziisi-yamac-karakteri.jpg 1920w\" sizes=\"(max-width: 1208px) 100vw, 1208px\" \/><\/p>\n<hr \/>\n<h3>YAMA\u00c7\u2019IN EN \u00c7ARES\u0130Z KALDI\u011eI AN \u00c7EK\u0130RDEK A\u0130LES\u0130<\/h3>\n<p>Aras Bulut \u0130ynemli, \u00c7ukur dizisine dayal\u0131 sorulan b\u00fct\u00fcn her \u015feyi cevaplarken Yama\u00e7 karakterinin sezon boyunca en \u00e7aresiz kald\u0131\u011f\u0131 an\u0131 ilk defa a\u00e7\u0131klad\u0131. Aras Bulut \u0130ynemli, \u201c \u00c7ekirdek ailesiyle olmakla birlikte\u00a0 \u00c7ukur\u2019da herhangi birinin hayati tehlikesi varsa ve onu koruyamad\u0131\u011f\u0131 anda ki o sahne. \u00c7ok a\u011f\u0131r. 27 saatte \u00e7ektik bu sahneyi Dilan, hipotermi ge\u00e7iriyordu neredeyse. \u00c7ok zordu \u00e7ekim olarak da tahk\u0131n yap\u0131lmas\u0131 edilmesi. Duygusu falan \u00e7ok y\u00fcksek.&#8221; diyerek a\u00e7\u0131klad\u0131. \u0130\u015fte Aras Bulut \u0130ynemli&#8217;nin bahsetti\u011fi o sahne:<\/p>\n<div style=\"width: 640px;\" class=\"wp-video\"><!--[if lt IE 9]><script>document.createElement('video');<\/script><![endif]-->\n<video class=\"wp-video-shortcode\" id=\"video-148566-1\" width=\"640\" height=\"360\" preload=\"metadata\" controls=\"controls\"><source type=\"video\/mp4\" src=\"https:\/\/www.tgrthaber.com\/mavikadin\/wp-content\/uploads\/aras-bulut-iynemli-cukurun-yamacinin-en-caresiz-kaldigi-ani-soyledi.mp4?_=1\" \/><a href=\"https:\/\/www.tgrthaber.com\/mavikadin\/wp-content\/uploads\/aras-bulut-iynemli-cukurun-yamacinin-en-caresiz-kaldigi-ani-soyledi.mp4\">https:\/\/www.tgrthaber.com\/mavikadin\/wp-content\/uploads\/aras-bulut-iynemli-cukurun-yamacinin-en-caresiz-kaldigi-ani-soyledi.mp4<\/a><\/video><\/div>\n<hr \/>\n<p>&nbsp;<\/p>\n","protected":false},"excerpt":{"rendered":"<p>Aras Bulut \u0130ynemli, y\u0131llar \u00f6nce oynad\u0131\u011f\u0131 \u00c7ukur dizisindeki Yama\u00e7 Ko\u00e7oval\u0131 karakteri hakk\u0131nda Youtube kanal\u0131nda konu\u015ftu. YouTube\u2019da Kafa Tv  Fenomen adl\u0131 program\u0131nda Yama\u00e7 karakterini oynarken ya\u015fad\u0131klar\u0131n\u0131 ve en \u00e7aresiz kald\u0131\u011f\u0131 anlar\u0131 anlatt\u0131. <\/p>\n","protected":false},"author":10,"featured_media":148570,"comment_status":"closed","ping_status":"closed","sticky":false,"template":"","format":"standard","meta":{"rank_math_lock_modified_date":false,"footnotes":""},"categories":[602],"tags":[2793,9019,2628,2218,14616],"class_list":["post-148566","post","type-post","status-publish","format-standard","has-post-thumbnail","hentry","category-diziler","tag-aras-bulut-iynemli","tag-cukur","tag-dizi-haberleri","tag-magazin-haberleri","tag-yamac"],"_links":{"self":[{"href":"https:\/\/www.tgrthaber.com\/mavikadin\/wp-json\/wp\/v2\/posts\/148566"}],"collection":[{"href":"https:\/\/www.tgrthaber.com\/mavikadin\/wp-json\/wp\/v2\/posts"}],"about":[{"href":"https:\/\/www.tgrthaber.com\/mavikadin\/wp-json\/wp\/v2\/types\/post"}],"author":[{"embeddable":true,"href":"https:\/\/www.tgrthaber.com\/mavikadin\/wp-json\/wp\/v2\/users\/10"}],"replies":[{"embeddable":true,"href":"https:\/\/www.tgrthaber.com\/mavikadin\/wp-json\/wp\/v2\/comments?post=148566"}],"version-history":[{"count":2,"href":"https:\/\/www.tgrthaber.com\/mavikadin\/wp-json\/wp\/v2\/posts\/148566\/revisions"}],"predecessor-version":[{"id":148572,"href":"https:\/\/www.tgrthaber.com\/mavikadin\/wp-json\/wp\/v2\/posts\/148566\/revisions\/148572"}],"wp:featuredmedia":[{"embeddable":true,"href":"https:\/\/www.tgrthaber.com\/mavikadin\/wp-json\/wp\/v2\/media\/148570"}],"wp:attachment":[{"href":"https:\/\/www.tgrthaber.com\/mavikadin\/wp-json\/wp\/v2\/media?parent=148566"}],"wp:term":[{"taxonomy":"category","embeddable":true,"href":"https:\/\/www.tgrthaber.com\/mavikadin\/wp-json\/wp\/v2\/categories?post=148566"},{"taxonomy":"post_tag","embeddable":true,"href":"https:\/\/www.tgrthaber.com\/mavikadin\/wp-json\/wp\/v2\/tags?post=148566"}],"curies":[{"name":"wp","href":"https:\/\/api.w.org\/{rel}","templated":true}]}}