{"id":148582,"date":"2025-03-18T09:33:16","date_gmt":"2025-03-18T06:33:16","guid":{"rendered":"https:\/\/www.tgrthaber.com\/mavikadin\/?p=148582"},"modified":"2025-03-18T09:33:16","modified_gmt":"2025-03-18T06:33:16","slug":"tanyelinin-annesi-yesilcam-yildizi-cikti-vasiyeti-yerine-getirilecek","status":"publish","type":"post","link":"https:\/\/www.tgrthaber.com\/mavikadin\/tanyelinin-annesi-yesilcam-yildizi-cikti-vasiyeti-yerine-getirilecek\/","title":{"rendered":"Tanyeli&#8217;nin annesi Ye\u015filcam y\u0131ld\u0131z\u0131 \u00e7\u0131kt\u0131! Vasiyeti yerine getirilecek"},"content":{"rendered":"<p>Tanyeli&#8217;nin annesi Ye\u015filcam y\u0131ld\u0131z\u0131 \u00e7\u0131kt\u0131. \u00dcnl\u00fc sanat\u00e7\u0131 yakla\u015f\u0131k 2,5 y\u0131ld\u0131r verdi\u011fi kanser m\u00fccadelesini d\u00fcn ak\u015fam kaybetti. Tanyeli&#8217;nin vefat\u0131n\u0131n ard\u0131ndan annesinin de ayn\u0131 hastal\u0131ktan \u00f6ld\u00fc\u011f\u00fc \u00f6\u011frenildi.<\/p>\n<h3>TANYEL\u0130&#8217;N\u0130N ANNES\u0130 YE\u015e\u0130LCAM YILDIZI \u00c7IKTI!<\/h3>\n<p>Oryantal Tanyeli&#8217;nin annesi me\u011fer Ye\u015fil\u00e7am y\u0131ld\u0131z\u0131ym\u0131\u015f. D\u00fcn ak\u015fam kanserle verdi\u011fi m\u00fccadeleyi kaybeden \u00fcnl\u00fc ismin vefat\u0131 sonras\u0131 annesi Dolgun Sezer&#8217;in de ayn\u0131 hastal\u0131k y\u00fcz\u00fcnden \u00f6ld\u00fc\u011f\u00fc ortaya \u00e7\u0131kt\u0131.<\/p>\n<p><img loading=\"lazy\" decoding=\"async\" class=\"alignnone size-full wp-image-148583\" src=\"https:\/\/www.tgrthaber.com\/mavikadin\/wp-content\/uploads\/tanyeli-1-4.jpg\" alt=\"\" width=\"1208\" height=\"680\" title=\"\" srcset=\"https:\/\/www.tgrthaber.com\/mavikadin\/wp-content\/uploads\/tanyeli-1-4.jpg 1208w, https:\/\/www.tgrthaber.com\/mavikadin\/wp-content\/uploads\/tanyeli-1-4-300x169.jpg 300w, https:\/\/www.tgrthaber.com\/mavikadin\/wp-content\/uploads\/tanyeli-1-4-1024x576.jpg 1024w, https:\/\/www.tgrthaber.com\/mavikadin\/wp-content\/uploads\/tanyeli-1-4-768x432.jpg 768w\" sizes=\"(max-width: 1208px) 100vw, 1208px\" \/><\/p>\n<hr \/>\n<p>Tanyeli 2,5 y\u0131ld\u0131r hastal\u0131kta m\u00fccadele ediyordu. Pankreas kanseri y\u00fcz\u00fcnden 54 ya\u015f\u0131nda hayata veda eden \u00fcnl\u00fc isim sevenlerini ve ailesini h\u00fczne bo\u011fdu.<\/p>\n<p><img loading=\"lazy\" decoding=\"async\" class=\"alignnone size-full wp-image-148586\" src=\"https:\/\/www.tgrthaber.com\/mavikadin\/wp-content\/uploads\/tanyeli-3-5.jpg\" alt=\"\" width=\"1208\" height=\"680\" title=\"\" srcset=\"https:\/\/www.tgrthaber.com\/mavikadin\/wp-content\/uploads\/tanyeli-3-5.jpg 1208w, https:\/\/www.tgrthaber.com\/mavikadin\/wp-content\/uploads\/tanyeli-3-5-300x169.jpg 300w, https:\/\/www.tgrthaber.com\/mavikadin\/wp-content\/uploads\/tanyeli-3-5-1024x576.jpg 1024w, https:\/\/www.tgrthaber.com\/mavikadin\/wp-content\/uploads\/tanyeli-3-5-768x432.jpg 768w\" sizes=\"(max-width: 1208px) 100vw, 1208px\" \/><\/p>\n<hr \/>\n<p>Tanyeli&#8217;nin vefat\u0131 sonras\u0131 ailesi merak konusu oldu. Tanyeli&#8217;nin annesinin de 2015 y\u0131l\u0131nda bu hastal\u0131k y\u00fcz\u00fcnden \u00f6ld\u00fc\u011f\u00fc \u00f6\u011frenildi.<\/p>\n<p><img loading=\"lazy\" decoding=\"async\" class=\"alignnone size-full wp-image-148584\" src=\"https:\/\/www.tgrthaber.com\/mavikadin\/wp-content\/uploads\/tanyeli-2-6.jpg\" alt=\"\" width=\"1208\" height=\"680\" title=\"\" srcset=\"https:\/\/www.tgrthaber.com\/mavikadin\/wp-content\/uploads\/tanyeli-2-6.jpg 1208w, https:\/\/www.tgrthaber.com\/mavikadin\/wp-content\/uploads\/tanyeli-2-6-300x169.jpg 300w, https:\/\/www.tgrthaber.com\/mavikadin\/wp-content\/uploads\/tanyeli-2-6-1024x576.jpg 1024w, https:\/\/www.tgrthaber.com\/mavikadin\/wp-content\/uploads\/tanyeli-2-6-768x432.jpg 768w\" sizes=\"(max-width: 1208px) 100vw, 1208px\" \/><\/p>\n<hr \/>\n<h3>TANYEL\u0130&#8217;N\u0130N ANNES\u0130 K\u0130MD\u0130R?<\/h3>\n<p>Sinema, sahne sanat\u00e7\u0131s\u0131 Dolgun Sezer, Oryantal Tanyeli&#8217;nin annesidir. Sahne sanat\u00e7\u0131l\u0131\u011f\u0131 yapan Dolgun Sezer 18 filmde rol ald\u0131.<\/p>\n<p><img loading=\"lazy\" decoding=\"async\" class=\"alignnone size-full wp-image-148585\" src=\"https:\/\/www.tgrthaber.com\/mavikadin\/wp-content\/uploads\/tanyeli-5-2.jpg\" alt=\"\" width=\"1208\" height=\"680\" title=\"\" srcset=\"https:\/\/www.tgrthaber.com\/mavikadin\/wp-content\/uploads\/tanyeli-5-2.jpg 1208w, https:\/\/www.tgrthaber.com\/mavikadin\/wp-content\/uploads\/tanyeli-5-2-300x169.jpg 300w, https:\/\/www.tgrthaber.com\/mavikadin\/wp-content\/uploads\/tanyeli-5-2-1024x576.jpg 1024w, https:\/\/www.tgrthaber.com\/mavikadin\/wp-content\/uploads\/tanyeli-5-2-768x432.jpg 768w\" sizes=\"(max-width: 1208px) 100vw, 1208px\" \/><\/p>\n<hr \/>\n<p>1 plak \u00e7\u0131kartan Dolgun Sezer, \u0130stanbul&#8217;dan Bodrum&#8217;a giderken Bursa&#8217;da vefat etti. Bodrum&#8217;a g\u00f6t\u00fcr\u00fclen cenazesi, Ortakent Mezarl\u0131\u011f\u0131&#8217;nda defnedildi. Dolgun Sezer&#8217;in ayr\u0131ca bir\u00e7ok eser besteledi\u011fi ve alb\u00fcm yapt\u0131\u011f\u0131 belirtildi.<\/p>\n<h3>YE\u015e\u0130L\u00c7AM YILDIZI DA AYNI HASTALIKTAN \u00d6LD\u00dc<\/h3>\n<p>Dolgun Sezer&#8217;in 2015&#8217;te k\u0131z\u0131 Tanyeli gibi ayn\u0131 \u015fekilde pankreas kanseri y\u00fcz\u00fcnden vefat etti\u011fi \u00f6\u011frenildi.<\/p>\n<p><img loading=\"lazy\" decoding=\"async\" class=\"alignnone wp-image-148322\" src=\"https:\/\/www.tgrthaber.com\/mavikadin\/wp-content\/uploads\/Yogun-bakim-kapisinda-endiseli-bekleyis-Tanyelinin-oglu-ve-esi-Ilker-Sunnilinin-duygusal-paylasimina-yorum-yagdi-.png\" alt=\"\" width=\"1208\" height=\"680\" title=\"\" srcset=\"https:\/\/www.tgrthaber.com\/mavikadin\/wp-content\/uploads\/Yogun-bakim-kapisinda-endiseli-bekleyis-Tanyelinin-oglu-ve-esi-Ilker-Sunnilinin-duygusal-paylasimina-yorum-yagdi-.png 1920w, https:\/\/www.tgrthaber.com\/mavikadin\/wp-content\/uploads\/Yogun-bakim-kapisinda-endiseli-bekleyis-Tanyelinin-oglu-ve-esi-Ilker-Sunnilinin-duygusal-paylasimina-yorum-yagdi--300x169.png 300w, https:\/\/www.tgrthaber.com\/mavikadin\/wp-content\/uploads\/Yogun-bakim-kapisinda-endiseli-bekleyis-Tanyelinin-oglu-ve-esi-Ilker-Sunnilinin-duygusal-paylasimina-yorum-yagdi--1024x576.png 1024w, https:\/\/www.tgrthaber.com\/mavikadin\/wp-content\/uploads\/Yogun-bakim-kapisinda-endiseli-bekleyis-Tanyelinin-oglu-ve-esi-Ilker-Sunnilinin-duygusal-paylasimina-yorum-yagdi--768x432.png 768w, https:\/\/www.tgrthaber.com\/mavikadin\/wp-content\/uploads\/Yogun-bakim-kapisinda-endiseli-bekleyis-Tanyelinin-oglu-ve-esi-Ilker-Sunnilinin-duygusal-paylasimina-yorum-yagdi--1536x864.png 1536w\" sizes=\"(max-width: 1208px) 100vw, 1208px\" \/><\/p>\n<hr \/>\n<h3>TANYEL\u0130&#8217;N\u0130N VAS\u0130YET\u0130 NEYD\u0130?<\/h3>\n<p>Verdi\u011fi ya\u015fam m\u00fccadelesini d\u00fcn ak\u015fam kaybeden Tanyeli&#8217;nin vasiyeti \u00fczerine 2015&#8217;te kendisi gibi kansere yenilen annesi Ye\u015fil\u00e7am y\u0131ld\u0131z\u0131 Dolgun Sezer&#8217;in yan\u0131na defnedilece\u011fi a\u00e7\u0131kland\u0131.<\/p>\n<h3>&#8220;H\u0130\u00c7B\u0130R \u015eEY BA\u015eIMIZA BO\u015eUNA GELM\u0130YOR&#8221;<\/h3>\n<p>Hastal\u0131kla m\u00fccadelesinden bahseden oryantal Tanyeli, &#8220;Hi\u00e7bir \u015fey ba\u015f\u0131m\u0131za bo\u015funa gelmiyor. Sava\u015fmak veya isyan etmek yerine, anlamaya \u00e7al\u0131\u015f\u0131yorum. \u00c7\u00fcnk\u00fc bunlar\u0131n hi\u00e7biri \u00e7\u00f6z\u00fcm de\u011fil. Her \u015feye ra\u011fmen kendimi \u015fansl\u0131 hissediyorum. En \u00f6nemli \u015fey maneviyat. Herkesten Allah raz\u0131 olsun&#8221; demi\u015fti.<\/p>\n<p><img loading=\"lazy\" decoding=\"async\" class=\"alignnone wp-image-147950\" src=\"https:\/\/www.tgrthaber.com\/mavikadin\/wp-content\/uploads\/Tanyeli-9-1.jpg\" alt=\"\" width=\"1208\" height=\"680\" title=\"\" srcset=\"https:\/\/www.tgrthaber.com\/mavikadin\/wp-content\/uploads\/Tanyeli-9-1.jpg 1600w, https:\/\/www.tgrthaber.com\/mavikadin\/wp-content\/uploads\/Tanyeli-9-1-300x169.jpg 300w, https:\/\/www.tgrthaber.com\/mavikadin\/wp-content\/uploads\/Tanyeli-9-1-1024x576.jpg 1024w, https:\/\/www.tgrthaber.com\/mavikadin\/wp-content\/uploads\/Tanyeli-9-1-768x432.jpg 768w, https:\/\/www.tgrthaber.com\/mavikadin\/wp-content\/uploads\/Tanyeli-9-1-1536x864.jpg 1536w\" sizes=\"(max-width: 1208px) 100vw, 1208px\" \/><\/p>\n<hr \/>\n<p>Ayr\u0131ca Tanyeli, &#8220;Bir yerde bir kibirim mi vard\u0131 onu da bilmiyorum. Bak belki \u00f6yleydi. Hep &#8216;ben yapar\u0131m&#8217; derdim. Anneme de ben bakt\u0131m, abime de ben bakt\u0131m. Bir yerde bir \u015fey vard\u0131 demek ki, bir dinamik vard\u0131. Bana dedi ki &#8216;dur geri \u00e7ekil&#8217;. Her \u015feye ben ko\u015fturdum. Hayat\u0131m gibi olan insanlara \u00e7ekildim. \u00c7o\u011fu zaman yanl\u0131\u015f anla\u015f\u0131ld\u0131m. Hep b\u00f6yle kurtarmak istedim birilerini. Ama haddim de\u011fil. \u00d6nce kendimi kurtarmam gerekiyordu galiba.&#8221; ifadelerini kullanm\u0131\u015ft\u0131.<\/p>\n","protected":false},"excerpt":{"rendered":"<p>Yakla\u015f\u0131k 2,5 y\u0131ld\u0131r kanserle m\u00fccadele eden oryantal Tanyeli d\u00fcn ak\u015fam vefat ettti. Tanyeli&#8217;nin annesi Ye\u015filcam y\u0131ld\u0131z\u0131 Dolgun Sezer&#8217;in de ayn\u0131 hastal\u0131ktan hayat\u0131n\u0131 kaybetti\u011fi \u00f6\u011frenildi.<\/p>\n","protected":false},"author":5,"featured_media":148587,"comment_status":"closed","ping_status":"closed","sticky":false,"template":"","format":"standard","meta":{"rank_math_lock_modified_date":false,"footnotes":""},"categories":[76],"tags":[340,464],"class_list":["post-148582","post","type-post","status-publish","format-standard","has-post-thumbnail","hentry","category-magazin","tag-kanser","tag-tanyeli"],"_links":{"self":[{"href":"https:\/\/www.tgrthaber.com\/mavikadin\/wp-json\/wp\/v2\/posts\/148582"}],"collection":[{"href":"https:\/\/www.tgrthaber.com\/mavikadin\/wp-json\/wp\/v2\/posts"}],"about":[{"href":"https:\/\/www.tgrthaber.com\/mavikadin\/wp-json\/wp\/v2\/types\/post"}],"author":[{"embeddable":true,"href":"https:\/\/www.tgrthaber.com\/mavikadin\/wp-json\/wp\/v2\/users\/5"}],"replies":[{"embeddable":true,"href":"https:\/\/www.tgrthaber.com\/mavikadin\/wp-json\/wp\/v2\/comments?post=148582"}],"version-history":[{"count":1,"href":"https:\/\/www.tgrthaber.com\/mavikadin\/wp-json\/wp\/v2\/posts\/148582\/revisions"}],"predecessor-version":[{"id":148588,"href":"https:\/\/www.tgrthaber.com\/mavikadin\/wp-json\/wp\/v2\/posts\/148582\/revisions\/148588"}],"wp:featuredmedia":[{"embeddable":true,"href":"https:\/\/www.tgrthaber.com\/mavikadin\/wp-json\/wp\/v2\/media\/148587"}],"wp:attachment":[{"href":"https:\/\/www.tgrthaber.com\/mavikadin\/wp-json\/wp\/v2\/media?parent=148582"}],"wp:term":[{"taxonomy":"category","embeddable":true,"href":"https:\/\/www.tgrthaber.com\/mavikadin\/wp-json\/wp\/v2\/categories?post=148582"},{"taxonomy":"post_tag","embeddable":true,"href":"https:\/\/www.tgrthaber.com\/mavikadin\/wp-json\/wp\/v2\/tags?post=148582"}],"curies":[{"name":"wp","href":"https:\/\/api.w.org\/{rel}","templated":true}]}}