{"id":148809,"date":"2025-03-18T15:45:05","date_gmt":"2025-03-18T12:45:05","guid":{"rendered":"https:\/\/www.tgrthaber.com\/mavikadin\/?p=148809"},"modified":"2025-03-18T15:50:08","modified_gmt":"2025-03-18T12:50:08","slug":"yuksek-seker-tuketimi-beyin-sagligina-zarar-veriyor-depresyon-anksiyete-gibi-hastaliklari-tetikliyor","status":"publish","type":"post","link":"https:\/\/www.tgrthaber.com\/mavikadin\/yuksek-seker-tuketimi-beyin-sagligina-zarar-veriyor-depresyon-anksiyete-gibi-hastaliklari-tetikliyor\/","title":{"rendered":"Y\u00fcksek \u015feker t\u00fcketimi beyin sa\u011fl\u0131\u011f\u0131na zarar veriyor! Depresyon, anksiyete gibi hastal\u0131klar\u0131 tetikliyor"},"content":{"rendered":"<p>Fazla \u015feker t\u00fcketmenin beyin sa\u011fl\u0131\u011f\u0131 \u00fczerindeki etkileri \u00fczerine \u00e7arp\u0131c\u0131 a\u00e7\u0131klamalar yapan Denizli \u00d6zel Egekent Hastanesi N\u00f6roloji Uzman\u0131 Dr. \u00d6m\u00fcr Atacan Atasoy uyar\u0131da bulundu. Ayr\u0131ca \u015fekerin pek \u00e7ok hastal\u0131k oldu\u011fu gibi depresyon, anksiyete gibi hastal\u0131klar\u0131 da tetikledi\u011fi ortaya \u00e7\u0131kt\u0131.<\/p>\n<h3>Y\u00dcKSEK \u015eEKER T\u00dcKET\u0130M\u0130 BEY\u0130N SA\u011eLI\u011eINA ZARAR VER\u0130YOR!<\/h3>\n<p>\u015eekerin Beyin H\u00fccrelerine Etkisi: \u015eekerin, beyin h\u00fccrelerine zarar verdi\u011fi veya toksik etkilere neden iddias\u0131 olduk\u00e7a \u00f6nemli. Bu etkiyi a\u00e7\u0131kl\u0131\u011fa kavu\u015fturmak i\u00e7in, \u015fekerin beyin h\u00fccrelerine nas\u0131l zarar verdi\u011fini anlatan detayl\u0131 bir biyolojik s\u00fcre\u00e7 \u00fczerinde durulabilir. \u00d6zellikle a\u015f\u0131r\u0131 \u015fekerin, n\u00f6rotransmitterlerin dengesini nas\u0131l bozabilece\u011fi ve bunun bili\u015fsel i\u015flevleri nas\u0131l etkileyebilece\u011fi \u00fczerine daha fazla ara\u015ft\u0131rma yap\u0131labilir.<\/p>\n<p><img loading=\"lazy\" decoding=\"async\" class=\"alignnone size-full wp-image-148812\" src=\"https:\/\/www.tgrthaber.com\/mavikadin\/wp-content\/uploads\/1-89.jpg\" alt=\"\" width=\"1208\" height=\"680\" title=\"\" srcset=\"https:\/\/www.tgrthaber.com\/mavikadin\/wp-content\/uploads\/1-89.jpg 1208w, https:\/\/www.tgrthaber.com\/mavikadin\/wp-content\/uploads\/1-89-300x169.jpg 300w, https:\/\/www.tgrthaber.com\/mavikadin\/wp-content\/uploads\/1-89-1024x576.jpg 1024w, https:\/\/www.tgrthaber.com\/mavikadin\/wp-content\/uploads\/1-89-768x432.jpg 768w\" sizes=\"(max-width: 1208px) 100vw, 1208px\" \/><\/p>\n<hr \/>\n<p>\u015eekerin Psikolojik ve Psikiyatrik Etkileri: \u015eekerin kan \u015fekeri dalgalanmalar\u0131na neden olarak depresyon, anksiyete ve di\u011fer psikiyatrik rahats\u0131zl\u0131klar\u0131 nas\u0131l tetikleyebilece\u011fi konusu olduk\u00e7a dikkat \u00e7ekici. Bu konuyu ele al\u0131rken, \u015feker t\u00fcketiminin ruh halini nas\u0131l de\u011fi\u015ftirdi\u011fine dair psikolojik ara\u015ft\u0131rmalar ve klinik bulgulara da yer verilebilir. Bu, insanlar\u0131 \u015fekerin sadece fiziksel de\u011fil, ayn\u0131 zamanda zihinsel sa\u011fl\u0131k \u00fczerindeki zararlar\u0131 konusunda bilin\u00e7lendirebilir.<\/p>\n<p><img loading=\"lazy\" decoding=\"async\" class=\"alignnone wp-image-148818\" src=\"https:\/\/www.tgrthaber.com\/mavikadin\/wp-content\/uploads\/Dr.-Omur-Atacan-Atasoy.jpg\" alt=\"\" width=\"1208\" height=\"680\" title=\"\" srcset=\"https:\/\/www.tgrthaber.com\/mavikadin\/wp-content\/uploads\/Dr.-Omur-Atacan-Atasoy.jpg 1920w, https:\/\/www.tgrthaber.com\/mavikadin\/wp-content\/uploads\/Dr.-Omur-Atacan-Atasoy-300x169.jpg 300w, https:\/\/www.tgrthaber.com\/mavikadin\/wp-content\/uploads\/Dr.-Omur-Atacan-Atasoy-1024x576.jpg 1024w, https:\/\/www.tgrthaber.com\/mavikadin\/wp-content\/uploads\/Dr.-Omur-Atacan-Atasoy-768x432.jpg 768w, https:\/\/www.tgrthaber.com\/mavikadin\/wp-content\/uploads\/Dr.-Omur-Atacan-Atasoy-1536x864.jpg 1536w\" sizes=\"(max-width: 1208px) 100vw, 1208px\" \/><\/p>\n<hr \/>\n<h3>SA\u011eLIKLI YA\u015eAM TARZININ BEY\u0130N SA\u011eLI\u011eINA KATKISI<\/h3>\n<p>\u015eekerin zararl\u0131 etkilerinden korunmak i\u00e7in sa\u011fl\u0131kl\u0131 beslenme al\u0131\u015fkanl\u0131klar\u0131 benimsemek gerekti\u011fi vurgulan\u0131yor. Ancak bu noktada, \u015fekerin yerine hangi besinlerin beyin sa\u011fl\u0131\u011f\u0131n\u0131 iyile\u015ftirebilece\u011fi konusunda daha fazla bilgi verilebilir. \u00d6zellikle beyin fonksiyonlar\u0131n\u0131 g\u00fc\u00e7lendiren g\u0131dalar, egzersiz ve uyku d\u00fczeni gibi fakt\u00f6rlerin nas\u0131l bir etkile\u015fim i\u00e7inde oldu\u011fu \u00fczerine derinlemesine bir bak\u0131\u015f a\u00e7\u0131s\u0131 sunulabilir.<\/p>\n<p><img loading=\"lazy\" decoding=\"async\" class=\"alignnone size-full wp-image-148813\" src=\"https:\/\/www.tgrthaber.com\/mavikadin\/wp-content\/uploads\/2-79.jpg\" alt=\"\" width=\"1208\" height=\"680\" title=\"\" srcset=\"https:\/\/www.tgrthaber.com\/mavikadin\/wp-content\/uploads\/2-79.jpg 1208w, https:\/\/www.tgrthaber.com\/mavikadin\/wp-content\/uploads\/2-79-300x169.jpg 300w, https:\/\/www.tgrthaber.com\/mavikadin\/wp-content\/uploads\/2-79-1024x576.jpg 1024w, https:\/\/www.tgrthaber.com\/mavikadin\/wp-content\/uploads\/2-79-768x432.jpg 768w\" sizes=\"(max-width: 1208px) 100vw, 1208px\" \/><\/p>\n<hr \/>\n<p>Fark\u0131ndal\u0131k ve E\u011fitim: Toplumda \u015fekerin beyin sa\u011fl\u0131\u011f\u0131 \u00fczerindeki etkilerini anlatmak i\u00e7in e\u011fitim seminerleri, kampanyalar veya medya arac\u0131l\u0131\u011f\u0131yla fark\u0131ndal\u0131k olu\u015fturulabilir. Bu t\u00fcr etkinliklerle, \u015fekerin zararl\u0131 etkileri hakk\u0131nda bilgi sahibi olmak isteyen bireyler i\u00e7in daha eri\u015filebilir kaynaklar sa\u011flanabilir. Hedef kitlenin ya\u015f grubuna g\u00f6re farkl\u0131 stratejiler geli\u015ftirilebilir.<\/p>\n<p><img loading=\"lazy\" decoding=\"async\" class=\"alignnone size-full wp-image-148815\" src=\"https:\/\/www.tgrthaber.com\/mavikadin\/wp-content\/uploads\/3-59.jpg\" alt=\"\" width=\"1208\" height=\"680\" title=\"\" srcset=\"https:\/\/www.tgrthaber.com\/mavikadin\/wp-content\/uploads\/3-59.jpg 1208w, https:\/\/www.tgrthaber.com\/mavikadin\/wp-content\/uploads\/3-59-300x169.jpg 300w, https:\/\/www.tgrthaber.com\/mavikadin\/wp-content\/uploads\/3-59-1024x576.jpg 1024w, https:\/\/www.tgrthaber.com\/mavikadin\/wp-content\/uploads\/3-59-768x432.jpg 768w\" sizes=\"(max-width: 1208px) 100vw, 1208px\" \/><\/p>\n<hr \/>\n<h3>BEY\u0130N SA\u011eLI\u011eI \u0130\u00c7\u0130N ALTERNAT\u0130F BESLENME YAKLA\u015eIMLARI<\/h3>\n<p>\u015eekerin zararl\u0131 etkilerinden ka\u00e7\u0131nman\u0131n bir yolu, \u015fekeri beslenme plan\u0131ndan tamamen \u00e7\u0131karmak yerine, d\u00fc\u015f\u00fck glisemik indeksli alternatifler sunmakt\u0131r. Bununla ilgili ara\u015ft\u0131rmalar, d\u00fc\u015f\u00fck \u015fekerli tatland\u0131r\u0131c\u0131lar\u0131n beyin sa\u011fl\u0131\u011f\u0131na nas\u0131l fayda sa\u011flad\u0131\u011f\u0131 \u00fczerine odaklanabilir. Bu sayede insanlar\u0131n tatl\u0131 ihtiyac\u0131n\u0131 daha sa\u011fl\u0131kl\u0131 yollarla giderebilece\u011fi \u00f6neriler geli\u015ftirilebilir.<\/p>\n","protected":false},"excerpt":{"rendered":"<p>Denizli \u00d6zel Egekent Hastanesi N\u00f6roloji Uzman\u0131 Dr. \u00d6m\u00fcr Atacan Atasoy, y\u00fcksek \u015feker t\u00fcketiminin beyin sa\u011fl\u0131\u011f\u0131 \u00fczerindeki etkileri hakk\u0131nda \u00e7arp\u0131c\u0131 a\u00e7\u0131klamalarda bulundu. Ayr\u0131ca fazla \u015feker t\u00fcketmenin depresyon, anksiyete gibi hastal\u0131klar\u0131 tetikledi\u011fine dikkat \u00e7ekildi.<\/p>\n","protected":false},"author":5,"featured_media":148811,"comment_status":"closed","ping_status":"closed","sticky":false,"template":"","format":"standard","meta":{"rank_math_lock_modified_date":false,"footnotes":""},"categories":[1991],"tags":[14666,1496,1723],"class_list":["post-148809","post","type-post","status-publish","format-standard","has-post-thumbnail","hentry","category-saglik","tag-beyin-sagligi","tag-depresyon","tag-seker"],"_links":{"self":[{"href":"https:\/\/www.tgrthaber.com\/mavikadin\/wp-json\/wp\/v2\/posts\/148809"}],"collection":[{"href":"https:\/\/www.tgrthaber.com\/mavikadin\/wp-json\/wp\/v2\/posts"}],"about":[{"href":"https:\/\/www.tgrthaber.com\/mavikadin\/wp-json\/wp\/v2\/types\/post"}],"author":[{"embeddable":true,"href":"https:\/\/www.tgrthaber.com\/mavikadin\/wp-json\/wp\/v2\/users\/5"}],"replies":[{"embeddable":true,"href":"https:\/\/www.tgrthaber.com\/mavikadin\/wp-json\/wp\/v2\/comments?post=148809"}],"version-history":[{"count":4,"href":"https:\/\/www.tgrthaber.com\/mavikadin\/wp-json\/wp\/v2\/posts\/148809\/revisions"}],"predecessor-version":[{"id":148820,"href":"https:\/\/www.tgrthaber.com\/mavikadin\/wp-json\/wp\/v2\/posts\/148809\/revisions\/148820"}],"wp:featuredmedia":[{"embeddable":true,"href":"https:\/\/www.tgrthaber.com\/mavikadin\/wp-json\/wp\/v2\/media\/148811"}],"wp:attachment":[{"href":"https:\/\/www.tgrthaber.com\/mavikadin\/wp-json\/wp\/v2\/media?parent=148809"}],"wp:term":[{"taxonomy":"category","embeddable":true,"href":"https:\/\/www.tgrthaber.com\/mavikadin\/wp-json\/wp\/v2\/categories?post=148809"},{"taxonomy":"post_tag","embeddable":true,"href":"https:\/\/www.tgrthaber.com\/mavikadin\/wp-json\/wp\/v2\/tags?post=148809"}],"curies":[{"name":"wp","href":"https:\/\/api.w.org\/{rel}","templated":true}]}}