{"id":148849,"date":"2025-03-18T16:55:26","date_gmt":"2025-03-18T13:55:26","guid":{"rendered":"https:\/\/www.tgrthaber.com\/mavikadin\/?p=148849"},"modified":"2025-03-21T13:25:00","modified_gmt":"2025-03-21T10:25:00","slug":"bu-defa-kesin-bitti-denilmisti-oyuncu-pelin-akilden-bosanma-iddialarini-susturan-paylasim","status":"publish","type":"post","link":"https:\/\/www.tgrthaber.com\/mavikadin\/bu-defa-kesin-bitti-denilmisti-oyuncu-pelin-akilden-bosanma-iddialarini-susturan-paylasim\/","title":{"rendered":"&#8220;Bu defa kesin bitti&#8221; denilmi\u015fti! Oyuncu Pelin Akil&#8217;den bo\u015fanma iddialar\u0131n\u0131 susturan payla\u015f\u0131m"},"content":{"rendered":"<p>En son &#8216;Yal\u0131 \u00c7apk\u0131n\u0131&#8217; dizisinde rol alan oyuncu Pelin Akil ile e\u015fi An\u0131l Altan&#8217;\u0131n son zamanlarda aralar\u0131nda g\u00f6r\u00fclen so\u011fukluk, magazin g\u00fcndeminde s\u0131kl\u0131kla bo\u015fanma iddialar\u0131n\u0131 da beraberinde getiriyordu.<\/p>\n<p>Uzun zamand\u0131r beraber g\u00f6r\u00fcnt\u00fc vermeyen ve haklar\u0131nda \u00e7\u0131kan ayr\u0131l\u0131k iddialar\u0131n\u0131 yalanlamayan \u00e7iftin evlerini de ay\u0131rd\u0131klar\u0131 \u00f6ne s\u00fcr\u00fclm\u00fc\u015ft\u00fc.<\/p>\n<p>Bo\u015fanacaklar\u0131 konu\u015fulan \u00e7ift i\u00e7in sosyal medya \u00e7alkalan\u0131r iken oyuncu Pelin Akil&#8217;in An\u0131l Altan&#8217;a yapt\u0131\u011f\u0131 yorum kafalar\u0131 kar\u0131\u015ft\u0131rd\u0131.<\/p>\n<h3>OYUNCU PEL\u0130N AK\u0130L VE ANIL ALTAN BO\u015eANIYOR MU?<\/h3>\n<p>Bo\u015fanma karar\u0131 ald\u0131klar\u0131na y\u00f6nelik \u00f6ne s\u00fcr\u00fclen iddialar do\u011frultusunda s\u00fcrekli g\u00fcndemde olan Pelin Akil ile An\u0131l Altan \u00e7ifti i\u00e7in Gel Konu\u015fal\u0131m&#8217;da de\u011ferlendirmede bulunan gazeteci Mehmet \u00dcst\u00fcnda\u011f,<\/p>\n<p><img loading=\"lazy\" decoding=\"async\" class=\"alignnone wp-image-147568\" src=\"https:\/\/www.tgrthaber.com\/mavikadin\/wp-content\/uploads\/Pelin-Akil-ve-Anil-Altan-bosanma-iddialarini-yine-yalanladilar-Ailecek-kar-keyfi.png\" alt=\"\" width=\"1208\" height=\"680\" title=\"\" srcset=\"https:\/\/www.tgrthaber.com\/mavikadin\/wp-content\/uploads\/Pelin-Akil-ve-Anil-Altan-bosanma-iddialarini-yine-yalanladilar-Ailecek-kar-keyfi.png 1920w, https:\/\/www.tgrthaber.com\/mavikadin\/wp-content\/uploads\/Pelin-Akil-ve-Anil-Altan-bosanma-iddialarini-yine-yalanladilar-Ailecek-kar-keyfi-300x169.png 300w, https:\/\/www.tgrthaber.com\/mavikadin\/wp-content\/uploads\/Pelin-Akil-ve-Anil-Altan-bosanma-iddialarini-yine-yalanladilar-Ailecek-kar-keyfi-1024x576.png 1024w, https:\/\/www.tgrthaber.com\/mavikadin\/wp-content\/uploads\/Pelin-Akil-ve-Anil-Altan-bosanma-iddialarini-yine-yalanladilar-Ailecek-kar-keyfi-768x432.png 768w, https:\/\/www.tgrthaber.com\/mavikadin\/wp-content\/uploads\/Pelin-Akil-ve-Anil-Altan-bosanma-iddialarini-yine-yalanladilar-Ailecek-kar-keyfi-1536x864.png 1536w\" sizes=\"(max-width: 1208px) 100vw, 1208px\" \/><\/p>\n<hr \/>\n<p>&#8220;\u00d6zel bir bilgi vereyim, bir ay oldu evlerini ay\u0131rd\u0131lar. Aldatma yok, a\u015fk bitti.&#8221; diyerek \u00fcnl\u00fc \u00e7iftin ayr\u0131l\u0131k yolunda oldu\u011funu vurgulam\u0131\u015ft\u0131.<\/p>\n<p>\u0130ddialar hala daha devam ederken oyuncu Pelin Akil&#8217;in e\u015fi An\u0131l Altan&#8217;\u0131n sosyal medya hesab\u0131ndan yapt\u0131\u011f\u0131 yorum g\u00fcndem oldu.<\/p>\n<h3>ALEV EMOJ\u0130S\u0130 GELD\u0130, KAFALAR KARI\u015eTI! \u00dcNL\u00dc \u00c7\u0130FT BARI\u015eTILAR MI?<\/h3>\n<p>G\u00fczel oyuncu Pelin Akil aktif kulland\u0131\u011f\u0131 sosyal medya hesab\u0131ndan kayak tatilinde \u00e7ekildikleri bir kareyi takip\u00e7ilerine payla\u015fan e\u015fi An\u0131l Altan&#8217;a alev emojisi atarak yorumda bulundu.<\/p>\n<p>Pelin Akil&#8217;in bu yorumu \u00e7iftin fanlar\u0131 taraf\u0131ndan &#8216;Buzlar\u0131 erittiler&#8217; olarak yorumland\u0131. Akil&#8217;in hamlesini bar\u0131\u015fma sinyali olarak alg\u0131layan takip\u00e7ileri \u00e7iftin beraber olacaklar\u0131na sevindi.<\/p>\n<h3>ANIL ALTAN&#8217;DAN \u0130MALI PAYLA\u015eIM GELM\u0130\u015eT\u0130&#8230;<\/h3>\n<p>Alin ve Lina isimlerinde ikiz k\u0131zlar\u0131 olan ba\u015far\u0131l\u0131 oyuncu An\u0131l Altan,\u00a0 aktif kulland\u0131\u011f\u0131 Instagram hesab\u0131ndan takip\u00e7ilerine yapt\u0131\u011f\u0131 bir payla\u015f\u0131mdaki yaz\u0131n\u0131n kime y\u00f6nelik yay\u0131nland\u0131\u011f\u0131 merak edilmi\u015fti.<\/p>\n<p><img loading=\"lazy\" decoding=\"async\" class=\"alignnone wp-image-77081\" src=\"https:\/\/www.tgrthaber.com\/mavikadin\/wp-content\/uploads\/2024\/09\/pelin-akil-ve-anil-altan-bosaniyor-mu-unlu-oyuncudan-cok-net-aciklama.jpg\" alt=\"\" width=\"1208\" height=\"680\" title=\"\" srcset=\"https:\/\/www.tgrthaber.com\/mavikadin\/wp-content\/uploads\/2024\/09\/pelin-akil-ve-anil-altan-bosaniyor-mu-unlu-oyuncudan-cok-net-aciklama.jpg 1600w, https:\/\/www.tgrthaber.com\/mavikadin\/wp-content\/uploads\/2024\/09\/pelin-akil-ve-anil-altan-bosaniyor-mu-unlu-oyuncudan-cok-net-aciklama-300x169.jpg 300w, https:\/\/www.tgrthaber.com\/mavikadin\/wp-content\/uploads\/2024\/09\/pelin-akil-ve-anil-altan-bosaniyor-mu-unlu-oyuncudan-cok-net-aciklama-1024x576.jpg 1024w, https:\/\/www.tgrthaber.com\/mavikadin\/wp-content\/uploads\/2024\/09\/pelin-akil-ve-anil-altan-bosaniyor-mu-unlu-oyuncudan-cok-net-aciklama-768x432.jpg 768w, https:\/\/www.tgrthaber.com\/mavikadin\/wp-content\/uploads\/2024\/09\/pelin-akil-ve-anil-altan-bosaniyor-mu-unlu-oyuncudan-cok-net-aciklama-1536x864.jpg 1536w, https:\/\/www.tgrthaber.com\/mavikadin\/wp-content\/uploads\/2024\/09\/pelin-akil-ve-anil-altan-bosaniyor-mu-unlu-oyuncudan-cok-net-aciklama-533x300.jpg 533w, https:\/\/www.tgrthaber.com\/mavikadin\/wp-content\/uploads\/2024\/09\/pelin-akil-ve-anil-altan-bosaniyor-mu-unlu-oyuncudan-cok-net-aciklama-600x338.jpg 600w, https:\/\/www.tgrthaber.com\/mavikadin\/wp-content\/uploads\/2024\/09\/pelin-akil-ve-anil-altan-bosaniyor-mu-unlu-oyuncudan-cok-net-aciklama-30x16.jpg 30w, https:\/\/www.tgrthaber.com\/mavikadin\/wp-content\/uploads\/2024\/09\/pelin-akil-ve-anil-altan-bosaniyor-mu-unlu-oyuncudan-cok-net-aciklama-18x10.jpg 18w\" sizes=\"(max-width: 1208px) 100vw, 1208px\" \/><\/p>\n<hr \/>\n<p>Oyuncu An\u0131l Altan, &#8220;Fazla payla\u015f\u0131m yapma (anlatma). Herkes arkada\u015f\u0131n de\u011fil.&#8221; yaz\u0131l\u0131 bir g\u00f6nderi yay\u0131nlayarak kafa kar\u0131\u015f\u0131kl\u0131\u011f\u0131na neden olmu\u015ftu. Oyuncu e\u015fi Pelin Akil ile aralar\u0131nda so\u011fuk r\u00fczgarlar\u0131n esti\u011fi esnada Altan&#8217;\u0131n b\u00f6yle bir payla\u015f\u0131mda bulunmas\u0131 dikkat \u00e7ekmi\u015fti.<\/p>\n<p><img loading=\"lazy\" decoding=\"async\" class=\"alignnone wp-image-148851\" src=\"https:\/\/www.tgrthaber.com\/mavikadin\/wp-content\/uploads\/kk-1.png\" alt=\"\" width=\"1208\" height=\"665\" title=\"\" srcset=\"https:\/\/www.tgrthaber.com\/mavikadin\/wp-content\/uploads\/kk-1.png 747w, https:\/\/www.tgrthaber.com\/mavikadin\/wp-content\/uploads\/kk-1-300x165.png 300w\" sizes=\"(max-width: 1208px) 100vw, 1208px\" \/><\/p>\n<hr \/>\n<p>&nbsp;<\/p>\n","protected":false},"excerpt":{"rendered":"<p>Bo\u015fanacaklar\u0131 konu\u015fulan sevilen \u00e7ift Pelin Akil ile An\u0131l Altan&#8217;\u0131n evlerini ay\u0131rd\u0131klar\u0131 iddia edilmi\u015fti. Akil&#8217;in e\u015fi Altan&#8217;\u0131n foto\u011fraf\u0131na alev emojisi atmas\u0131 ise \u00e7iftin bar\u0131\u015fm\u0131\u015f olabileceklerinin sinyalini verdi.<\/p>\n","protected":false},"author":27,"featured_media":137259,"comment_status":"closed","ping_status":"closed","sticky":false,"template":"","format":"standard","meta":{"rank_math_lock_modified_date":false,"footnotes":""},"categories":[101],"tags":[3497,133,2507,14673],"class_list":["post-148849","post","type-post","status-publish","format-standard","has-post-thumbnail","hentry","category-kesfet","tag-anil-altan","tag-magazin","tag-pelin-akil","tag-pelin-akilden-sasirtan-yorum"],"_links":{"self":[{"href":"https:\/\/www.tgrthaber.com\/mavikadin\/wp-json\/wp\/v2\/posts\/148849"}],"collection":[{"href":"https:\/\/www.tgrthaber.com\/mavikadin\/wp-json\/wp\/v2\/posts"}],"about":[{"href":"https:\/\/www.tgrthaber.com\/mavikadin\/wp-json\/wp\/v2\/types\/post"}],"author":[{"embeddable":true,"href":"https:\/\/www.tgrthaber.com\/mavikadin\/wp-json\/wp\/v2\/users\/27"}],"replies":[{"embeddable":true,"href":"https:\/\/www.tgrthaber.com\/mavikadin\/wp-json\/wp\/v2\/comments?post=148849"}],"version-history":[{"count":3,"href":"https:\/\/www.tgrthaber.com\/mavikadin\/wp-json\/wp\/v2\/posts\/148849\/revisions"}],"predecessor-version":[{"id":150389,"href":"https:\/\/www.tgrthaber.com\/mavikadin\/wp-json\/wp\/v2\/posts\/148849\/revisions\/150389"}],"wp:featuredmedia":[{"embeddable":true,"href":"https:\/\/www.tgrthaber.com\/mavikadin\/wp-json\/wp\/v2\/media\/137259"}],"wp:attachment":[{"href":"https:\/\/www.tgrthaber.com\/mavikadin\/wp-json\/wp\/v2\/media?parent=148849"}],"wp:term":[{"taxonomy":"category","embeddable":true,"href":"https:\/\/www.tgrthaber.com\/mavikadin\/wp-json\/wp\/v2\/categories?post=148849"},{"taxonomy":"post_tag","embeddable":true,"href":"https:\/\/www.tgrthaber.com\/mavikadin\/wp-json\/wp\/v2\/tags?post=148849"}],"curies":[{"name":"wp","href":"https:\/\/api.w.org\/{rel}","templated":true}]}}