{"id":148940,"date":"2025-03-18T20:48:53","date_gmt":"2025-03-18T17:48:53","guid":{"rendered":"https:\/\/www.tgrthaber.com\/mavikadin\/?p=148940"},"modified":"2025-03-18T20:48:53","modified_gmt":"2025-03-18T17:48:53","slug":"kadir-inanira-ozel-vefa-gecesi-duzenleniyor-tum-sanat-camiasi-ve-sevenleri-bir-araya-gelecek","status":"publish","type":"post","link":"https:\/\/www.tgrthaber.com\/mavikadin\/kadir-inanira-ozel-vefa-gecesi-duzenleniyor-tum-sanat-camiasi-ve-sevenleri-bir-araya-gelecek\/","title":{"rendered":"Kadir \u0130nan\u0131r\u2019a \u00f6zel \u2018Vefa Gecesi\u2019 d\u00fczenleniyor! T\u00fcm sanat camias\u0131 ve sevenleri bir araya gelecek!"},"content":{"rendered":"<p class=\"p1\">T\u00fcrk sinemas\u0131n\u0131n efsane isimlerinden Kadir \u0130nan\u0131r, sa\u011fl\u0131k sorunlar\u0131yla ge\u00e7irdi\u011fi zorlu s\u00fcrecin ard\u0131ndan anlaml\u0131 bir geceyle onurland\u0131r\u0131lacak. Uzun s\u00fcredir tedavi g\u00f6ren usta oyuncu i\u00e7in, sevenlerinin ve meslekta\u015flar\u0131n\u0131n bir araya gelece\u011fi \u00f6zel bir vefa gecesi d\u00fczenlenecek. Geceye, \u0130nan\u0131r&#8217;\u0131n sanat d\u00fcnyas\u0131ndan dostlar\u0131, ailesi ve sevenleri kat\u0131lacak.<\/p>\n<h3>KAD\u0130R \u0130NANIR &#8216;VEFA GECES\u0130YLE&#8217; ONURLANDIRILACAK<\/h3>\n<p class=\"p1\">Ge\u00e7ti\u011fimiz y\u0131l 24 Mart\u2019ta beyin damar\u0131na p\u0131ht\u0131 atmas\u0131 nedeniyle hastaneye kald\u0131r\u0131lan ve yo\u011fun bak\u0131m s\u00fcrecinin ard\u0131ndan taburcu edilen Kadir \u0130nan\u0131r, tedavisine evinde devam ediyor. Yap\u0131mc\u0131 Ali G\u00fcndo\u011fdu da ge\u00e7ti\u011fimiz g\u00fcnlerde \u00fcnl\u00fc sanat\u00e7\u0131y\u0131 ziyaret etmi\u015fti. Bu s\u00fcre\u00e7te, \u0130stanbul Demokrat Ordular Platformu (\u0130DOP), Kadir \u0130nan\u0131r\u2019\u0131n sanat hayat\u0131na ve toplum \u00fczerindeki etkisine duyulan minnettarl\u0131\u011f\u0131 g\u00f6stermek ad\u0131na bir vefa gecesi organize etti. \u015ei\u015fli Belediyesi\u2019nin deste\u011fiyle ger\u00e7ekle\u015fecek olan etkinlik, 6 Nisan\u2019da Naz\u0131m Hikmet K\u00fclt\u00fcr Merkezi\u2019nde d\u00fczenlenecek. Geceye, \u0130nan\u0131r\u2019\u0131n sanat d\u00fcnyas\u0131ndan dostlar\u0131, ailesi ve sevenleri kat\u0131lacak.<\/p>\n<p><img loading=\"lazy\" decoding=\"async\" class=\"alignnone wp-image-148942 \" src=\"https:\/\/www.tgrthaber.com\/mavikadin\/wp-content\/uploads\/Ekran-Resmi-2025-03-18-20.28.10-789x1024.png\" alt=\"\" width=\"971\" height=\"1260\" title=\"\" srcset=\"https:\/\/www.tgrthaber.com\/mavikadin\/wp-content\/uploads\/Ekran-Resmi-2025-03-18-20.28.10-789x1024.png 789w, https:\/\/www.tgrthaber.com\/mavikadin\/wp-content\/uploads\/Ekran-Resmi-2025-03-18-20.28.10-231x300.png 231w, https:\/\/www.tgrthaber.com\/mavikadin\/wp-content\/uploads\/Ekran-Resmi-2025-03-18-20.28.10-768x997.png 768w, https:\/\/www.tgrthaber.com\/mavikadin\/wp-content\/uploads\/Ekran-Resmi-2025-03-18-20.28.10.png 880w\" sizes=\"(max-width: 971px) 100vw, 971px\" \/><\/p>\n<hr \/>\n<p class=\"p1\">Vefa gecesi, usta oyuncunun sinema ve toplum \u00fczerindeki etkisini vurgulayan \u015fu s\u00f6zlerle duyurulacak: \u201cBir halk kahraman\u0131n\u0131n ete kemi\u011fe b\u00fcr\u00fcnm\u00fc\u015f hali olarak kar\u015f\u0131m\u0131za \u00e7\u0131kan, bizimle ya\u015fayan, m\u00fccadelemize omuz veren Kadir \u0130nan\u0131r\u2019\u0131n vefa gecesine davetlisiniz.\u201d<\/p>\n<h3 class=\"p1\">KAD\u0130R \u0130NANIR K\u0130MD\u0130R?<\/h3>\n<p class=\"p1\">T\u00fcrk sinemas\u0131n\u0131n efsanevi isimlerinden Kadir \u0130nan\u0131r, 15 Nisan 1949\u2019da Ordu\u2019nun Fatsa il\u00e7esinde d\u00fcnyaya geldi. Ailesinin en k\u00fc\u00e7\u00fck \u00e7ocu\u011fu olan \u0130nan\u0131r, ilk ve orta \u00f6\u011frenimini memleketinde tamamlad\u0131. Gen\u00e7 ya\u015flarda sahne yetene\u011fini okul etkinliklerinde sergileyerek sanat d\u00fcnyas\u0131na olan ilgisini g\u00f6sterdi. Lise e\u011fitimi i\u00e7in \u0130stanbul\u2019a giderek Haydarpa\u015fa Lisesi\u2019nde yat\u0131l\u0131 okudu. Daha sonra Marmara \u00dcniversitesi \u0130leti\u015fim Fak\u00fcltesi Radyo-Televizyon B\u00f6l\u00fcm\u00fc\u2019nden mezun oldu.<\/p>\n<p><img loading=\"lazy\" decoding=\"async\" class=\"alignnone wp-image-148943 \" src=\"https:\/\/www.tgrthaber.com\/mavikadin\/wp-content\/uploads\/Ekran-Resmi-2025-03-18-20.32.54.png\" alt=\"\" width=\"969\" height=\"570\" title=\"\" srcset=\"https:\/\/www.tgrthaber.com\/mavikadin\/wp-content\/uploads\/Ekran-Resmi-2025-03-18-20.32.54.png 932w, https:\/\/www.tgrthaber.com\/mavikadin\/wp-content\/uploads\/Ekran-Resmi-2025-03-18-20.32.54-300x176.png 300w, https:\/\/www.tgrthaber.com\/mavikadin\/wp-content\/uploads\/Ekran-Resmi-2025-03-18-20.32.54-768x452.png 768w\" sizes=\"(max-width: 969px) 100vw, 969px\" \/><\/p>\n<hr \/>\n<p class=\"p1\">1967\u2019de Ses Dergisi\u2019nin d\u00fczenledi\u011fi Sinema Artisti Yar\u0131\u015fmas\u0131\u2019nda finale kal\u0131rken, 1968\u2019de Saklamba\u00e7 Gazetesi\u2019nin Fotoroman Artisti Yar\u0131\u015fmas\u0131\u2019nda birincilik elde etti. Kariyerine fotoromanlarla ba\u015flayan \u0130nan\u0131r, 1968 yap\u0131m\u0131 Yedi Ad\u0131m Sonra filminde k\u00fc\u00e7\u00fck bir rolle sinema d\u00fcnyas\u0131na ad\u0131m att\u0131. 1970\u2019te At\u0131f Y\u0131lmaz\u2019\u0131n y\u00f6netti\u011fi Kara G\u00f6zl\u00fcm filminde T\u00fcrkan \u015eoray\u2019la ba\u015frol\u00fc payla\u015farak b\u00fcy\u00fck \u00e7\u0131k\u0131\u015f yakalad\u0131.<\/p>\n<p><img loading=\"lazy\" decoding=\"async\" class=\"alignnone wp-image-148944 \" src=\"https:\/\/www.tgrthaber.com\/mavikadin\/wp-content\/uploads\/Ekran-Resmi-2025-03-18-20.33.24.png\" alt=\"\" width=\"970\" height=\"1113\" title=\"\" srcset=\"https:\/\/www.tgrthaber.com\/mavikadin\/wp-content\/uploads\/Ekran-Resmi-2025-03-18-20.33.24.png 624w, https:\/\/www.tgrthaber.com\/mavikadin\/wp-content\/uploads\/Ekran-Resmi-2025-03-18-20.33.24-261x300.png 261w\" sizes=\"(max-width: 970px) 100vw, 970px\" \/><\/p>\n<hr \/>\n<p class=\"p1\">Zaman i\u00e7inde, nitelikli projelerde yer alarak T\u00fcrk sinemas\u0131n\u0131n en \u00f6nemli akt\u00f6rlerinden biri haline geldi. At\u0131f Y\u0131lmaz\u2019\u0131n y\u00f6netti\u011fi Utan\u00e7 (1972), Selvi Boylum, Al Yazmal\u0131m (1977) ve Bir Yudum Sevgi (1984) gibi filmlerle sinema tarihine ad\u0131n\u0131 yazd\u0131rd\u0131. Ah G\u00fczel \u0130stanbul (1981), K\u0131r\u0131k Bir A\u015fk Hikayesi (1981), Amans\u0131z Yol (1985) gibi yap\u0131mlarda rol alarak yetene\u011fini bir kez daha kan\u0131tlad\u0131.<\/p>\n","protected":false},"excerpt":{"rendered":"<p>T\u00fcrk sinemas\u0131n\u0131n unutulmaz isimlerinden Kadir \u0130nan\u0131r i\u00e7in anlaml\u0131 bir organizasyon haz\u0131rlan\u0131yor. Sa\u011fl\u0131k sorunlar\u0131yla m\u00fccadele eden usta oyuncu, sanat camias\u0131n\u0131n deste\u011fiyle \u00f6zel bir vefa gecesinde onurland\u0131r\u0131lacak. Bu \u00f6zel etkinlikte, dostlar\u0131, ailesi ve hayranlar\u0131 bir araya gelerek ona destek verecek.<\/p>\n","protected":false},"author":16,"featured_media":148945,"comment_status":"closed","ping_status":"closed","sticky":false,"template":"","format":"standard","meta":{"rank_math_lock_modified_date":false,"footnotes":""},"categories":[76],"tags":[14705,14703,14704],"class_list":["post-148940","post","type-post","status-publish","format-standard","has-post-thumbnail","hentry","category-magazin","tag-kadir-inanir-kimdir","tag-kadir-inanir-vefa-gecesi","tag-kadir-inanir-vefa-gecesi-duzenlenecek"],"_links":{"self":[{"href":"https:\/\/www.tgrthaber.com\/mavikadin\/wp-json\/wp\/v2\/posts\/148940"}],"collection":[{"href":"https:\/\/www.tgrthaber.com\/mavikadin\/wp-json\/wp\/v2\/posts"}],"about":[{"href":"https:\/\/www.tgrthaber.com\/mavikadin\/wp-json\/wp\/v2\/types\/post"}],"author":[{"embeddable":true,"href":"https:\/\/www.tgrthaber.com\/mavikadin\/wp-json\/wp\/v2\/users\/16"}],"replies":[{"embeddable":true,"href":"https:\/\/www.tgrthaber.com\/mavikadin\/wp-json\/wp\/v2\/comments?post=148940"}],"version-history":[{"count":1,"href":"https:\/\/www.tgrthaber.com\/mavikadin\/wp-json\/wp\/v2\/posts\/148940\/revisions"}],"predecessor-version":[{"id":148952,"href":"https:\/\/www.tgrthaber.com\/mavikadin\/wp-json\/wp\/v2\/posts\/148940\/revisions\/148952"}],"wp:featuredmedia":[{"embeddable":true,"href":"https:\/\/www.tgrthaber.com\/mavikadin\/wp-json\/wp\/v2\/media\/148945"}],"wp:attachment":[{"href":"https:\/\/www.tgrthaber.com\/mavikadin\/wp-json\/wp\/v2\/media?parent=148940"}],"wp:term":[{"taxonomy":"category","embeddable":true,"href":"https:\/\/www.tgrthaber.com\/mavikadin\/wp-json\/wp\/v2\/categories?post=148940"},{"taxonomy":"post_tag","embeddable":true,"href":"https:\/\/www.tgrthaber.com\/mavikadin\/wp-json\/wp\/v2\/tags?post=148940"}],"curies":[{"name":"wp","href":"https:\/\/api.w.org\/{rel}","templated":true}]}}