{"id":148954,"date":"2025-03-18T20:59:01","date_gmt":"2025-03-18T17:59:01","guid":{"rendered":"https:\/\/www.tgrthaber.com\/mavikadin\/?p=148954"},"modified":"2025-03-18T21:01:53","modified_gmt":"2025-03-18T18:01:53","slug":"esref-ruyanin-nisani-demet-ozdemirden-istiklal-caddesinde-surpriz-performans","status":"publish","type":"post","link":"https:\/\/www.tgrthaber.com\/mavikadin\/esref-ruyanin-nisani-demet-ozdemirden-istiklal-caddesinde-surpriz-performans\/","title":{"rendered":"E\u015fref R\u00fcya&#8217;n\u0131n Nisan&#8217;\u0131 Demet \u00d6zdemir\u2019den \u0130stiklal Caddesi\u2019nde s\u00fcrpriz performans!"},"content":{"rendered":"<p>Demet \u00d6zdemir ve \u00c7a\u011fatay Ulusoy\u2019un ba\u015frollerinde yer ald\u0131\u011f\u0131 E\u015fref R\u00fcya dizisi \u00c7ar\u015famba ak\u015famlar\u0131 Kanal D ekranlar\u0131nda izleyici ile bulu\u015fmaya haz\u0131rlan\u0131yor. G\u00fc\u00e7l\u00fc oyuncu kadrosu ve konusu ile dikkat \u00e7eken dizi heyecanla bekleniyor. Yar\u0131n ak\u015fam yay\u0131nlanacak b\u00f6l\u00fcm \u00f6ncesinde Demet \u00d6zdemir\u2019in \u0130stiklal Caddesi\u2019nde \u015fark\u0131 s\u00f6yledi\u011fi tan\u0131t\u0131m b\u00fcy\u00fck be\u011feni toplad\u0131. O anlar sosyal medyada \u00e7ok konu\u015fuldu. \u0130\u015fte E\u015fref R\u00fcya dizisinin tan\u0131t\u0131m\u0131ndan o g\u00f6r\u00fcnt\u00fcler&#8230;<\/p>\n<h3>DEMET \u00d6ZDEM\u0130R \u0130ST\u0130KLAL CADDES\u0130\u2019N\u0130 CO\u015eTURDU<\/h3>\n<p>Kanal D\u2019nin yeni dizisi E\u015fref R\u00fcya 19 Mart \u00c7ar\u015famba g\u00fcn\u00fc yay\u0131n hayat\u0131na ba\u015fl\u0131yor. E\u015fref ve Nisan\u2019\u0131n yollar\u0131n\u0131n kesi\u015fmesiyle ba\u015flayacak olan yeni bir a\u015fk hikayesi izleyiciyi al\u0131p farkl\u0131 diyarlara g\u00f6t\u00fcrecek. E\u015fraf R\u00fcya dizisinin senaryosunu Ethem \u00d6z\u0131\u015f\u0131k ve Lokman Maral kaleme al\u0131rken, y\u00f6netmen koltu\u011funda ise Ulu\u00e7 Bayraktar oturuyor.<\/p>\n<p><img loading=\"lazy\" decoding=\"async\" class=\"alignnone wp-image-148956\" src=\"https:\/\/www.tgrthaber.com\/mavikadin\/wp-content\/uploads\/demet-ozdemir-300x169.webp\" alt=\"\" width=\"1280\" height=\"720\" title=\"\" srcset=\"https:\/\/www.tgrthaber.com\/mavikadin\/wp-content\/uploads\/demet-ozdemir-300x169.webp 300w, https:\/\/www.tgrthaber.com\/mavikadin\/wp-content\/uploads\/demet-ozdemir-1024x576.webp 1024w, https:\/\/www.tgrthaber.com\/mavikadin\/wp-content\/uploads\/demet-ozdemir-768x432.webp 768w, https:\/\/www.tgrthaber.com\/mavikadin\/wp-content\/uploads\/demet-ozdemir-1536x864.webp 1536w, https:\/\/www.tgrthaber.com\/mavikadin\/wp-content\/uploads\/demet-ozdemir.webp 1920w\" sizes=\"(max-width: 1280px) 100vw, 1280px\" \/><\/p>\n<hr \/>\n<p>E\u015fref R\u00fcya dizisinin ba\u015frol\u00fcnde Nisan karakteri ile yer alan Demet \u00d6zdemir, \u0130stiklal Caddesi&#8217;nde \u015fark\u0131 s\u00f6yledi. O anlara tan\u0131kl\u0131k eden vatanda\u015flar solu\u011fu hemen \u00d6zdemir&#8217;in yan\u0131 ba\u015f\u0131nda ald\u0131. Son d\u00f6nemin en \u00e7ok konu\u015fulan ba\u015far\u0131l\u0131 isimleri aras\u0131nda yer alan Demet \u00d6zdemir, ritme kendini kapt\u0131rarak \u015fark\u0131 s\u00f6yledi.<\/p>\n<p><img loading=\"lazy\" decoding=\"async\" class=\"alignnone wp-image-148955\" src=\"https:\/\/www.tgrthaber.com\/mavikadin\/wp-content\/uploads\/demet-ozdemir-sarki-300x169.webp\" alt=\"\" width=\"1280\" height=\"720\" title=\"\" srcset=\"https:\/\/www.tgrthaber.com\/mavikadin\/wp-content\/uploads\/demet-ozdemir-sarki-300x169.webp 300w, https:\/\/www.tgrthaber.com\/mavikadin\/wp-content\/uploads\/demet-ozdemir-sarki-1024x576.webp 1024w, https:\/\/www.tgrthaber.com\/mavikadin\/wp-content\/uploads\/demet-ozdemir-sarki-768x432.webp 768w, https:\/\/www.tgrthaber.com\/mavikadin\/wp-content\/uploads\/demet-ozdemir-sarki-1536x864.webp 1536w, https:\/\/www.tgrthaber.com\/mavikadin\/wp-content\/uploads\/demet-ozdemir-sarki.webp 1920w\" sizes=\"(max-width: 1280px) 100vw, 1280px\" \/><\/p>\n<hr \/>\n<p>Keman icra eden sokak sanat\u00e7\u0131s\u0131yla beraber s\u00f6yledi\u011fi &#8216;R\u00fcya&#8217; \u015fark\u0131s\u0131 \u00e7ok be\u011fenildi. Merakl\u0131 vatanda\u015flar, onu seyrederek keyifli anlar ya\u015fad\u0131. Yar\u0131n ak\u015fam yay\u0131nlanan yeni b\u00f6l\u00fcmde \u00d6zdemir&#8217;in ba\u011f\u0131ra \u00e7a\u011f\u0131ra s\u00f6yledi\u011fi R\u00fcya \u015fark\u0131s\u0131 Kanal D ekranlar\u0131nda olacak.<\/p>\n<p><img loading=\"lazy\" decoding=\"async\" class=\"alignnone wp-image-148957\" src=\"https:\/\/www.tgrthaber.com\/mavikadin\/wp-content\/uploads\/esref-ruya-nisan-300x169.webp\" alt=\"\" width=\"1280\" height=\"721\" title=\"\" srcset=\"https:\/\/www.tgrthaber.com\/mavikadin\/wp-content\/uploads\/esref-ruya-nisan-300x169.webp 300w, https:\/\/www.tgrthaber.com\/mavikadin\/wp-content\/uploads\/esref-ruya-nisan-1024x576.webp 1024w, https:\/\/www.tgrthaber.com\/mavikadin\/wp-content\/uploads\/esref-ruya-nisan-768x432.webp 768w, https:\/\/www.tgrthaber.com\/mavikadin\/wp-content\/uploads\/esref-ruya-nisan-1536x865.webp 1536w, https:\/\/www.tgrthaber.com\/mavikadin\/wp-content\/uploads\/esref-ruya-nisan-2048x1153.webp 2048w\" sizes=\"(max-width: 1280px) 100vw, 1280px\" \/><\/p>\n<hr \/>\n<h3>E\u015eREF R\u00dcYA OYUNCULARI K\u0130MLER?<\/h3>\n<p>Tims&amp;B\u2019in, yap\u0131mc\u0131l\u0131\u011f\u0131n\u0131 Timur Savc\u0131 ve Burak Sa\u011fya\u015far\u2019\u0131n \u00fcstlendi\u011fi dizinin oyuncu kadrosunda; \u00c7a\u011fatay Ulusoy, Demet \u00d6zdemir, Necip Memili, B\u00fc\u015fra Develi, Ahmet R\u0131fat \u015eungar, Tolga Tekin, G\u00f6rkem Sevindik, Ceren Benderlio\u011flu, Ebrar Karabakan, Umut Karada\u011f, Kaan Turgut, A\u015fk\u0131n \u015eenol, \u015eener Sava\u015f, Ahmet Y\u0131ld\u0131r\u0131m, Kerem Alp Kabul, Bartu Zeytinci, G\u00f6k\u00e7em \u00c7oban, Volkan Uygun, Taylan G\u00fcldere, Feriha Ey\u00fcbo\u011flu ve Macit Koper gibi gen\u00e7 ve usta yetenekler bir araya geldi.<\/p>\n<p>&nbsp;<\/p>\n","protected":false},"excerpt":{"rendered":"<p>Kanal D&#8217;nin ilgiyle ve merakla beklenen dizisi E\u015fref R\u00fcya&#8217;n\u0131n son tan\u0131t\u0131m\u0131 da yay\u0131nland\u0131. Dizide &#8220;Nisan&#8221; karakterini oynayacak Demet \u00d6zdemir&#8217;in \u015fark\u0131 s\u00f6yledi\u011fi son tan\u0131t\u0131m b\u00fcy\u00fck ilgi g\u00f6rd\u00fc.<\/p>\n","protected":false},"author":33,"featured_media":148958,"comment_status":"closed","ping_status":"closed","sticky":false,"template":"","format":"standard","meta":{"rank_math_lock_modified_date":false,"footnotes":""},"categories":[602],"tags":[11144,4756,10509],"class_list":["post-148954","post","type-post","status-publish","format-standard","has-post-thumbnail","hentry","category-diziler","tag-esref-ruya-demet-ozdemir","tag-esref-ruya-dizisi","tag-esref-ruya-nisan"],"_links":{"self":[{"href":"https:\/\/www.tgrthaber.com\/mavikadin\/wp-json\/wp\/v2\/posts\/148954"}],"collection":[{"href":"https:\/\/www.tgrthaber.com\/mavikadin\/wp-json\/wp\/v2\/posts"}],"about":[{"href":"https:\/\/www.tgrthaber.com\/mavikadin\/wp-json\/wp\/v2\/types\/post"}],"author":[{"embeddable":true,"href":"https:\/\/www.tgrthaber.com\/mavikadin\/wp-json\/wp\/v2\/users\/33"}],"replies":[{"embeddable":true,"href":"https:\/\/www.tgrthaber.com\/mavikadin\/wp-json\/wp\/v2\/comments?post=148954"}],"version-history":[{"count":2,"href":"https:\/\/www.tgrthaber.com\/mavikadin\/wp-json\/wp\/v2\/posts\/148954\/revisions"}],"predecessor-version":[{"id":148961,"href":"https:\/\/www.tgrthaber.com\/mavikadin\/wp-json\/wp\/v2\/posts\/148954\/revisions\/148961"}],"wp:featuredmedia":[{"embeddable":true,"href":"https:\/\/www.tgrthaber.com\/mavikadin\/wp-json\/wp\/v2\/media\/148958"}],"wp:attachment":[{"href":"https:\/\/www.tgrthaber.com\/mavikadin\/wp-json\/wp\/v2\/media?parent=148954"}],"wp:term":[{"taxonomy":"category","embeddable":true,"href":"https:\/\/www.tgrthaber.com\/mavikadin\/wp-json\/wp\/v2\/categories?post=148954"},{"taxonomy":"post_tag","embeddable":true,"href":"https:\/\/www.tgrthaber.com\/mavikadin\/wp-json\/wp\/v2\/tags?post=148954"}],"curies":[{"name":"wp","href":"https:\/\/api.w.org\/{rel}","templated":true}]}}