{"id":148959,"date":"2025-03-18T21:19:50","date_gmt":"2025-03-18T18:19:50","guid":{"rendered":"https:\/\/www.tgrthaber.com\/mavikadin\/?p=148959"},"modified":"2025-03-18T21:19:50","modified_gmt":"2025-03-18T18:19:50","slug":"hande-ercel-ve-hakan-sabanci-luks-tatillerine-bir-yenisini-daha-ekliyor","status":"publish","type":"post","link":"https:\/\/www.tgrthaber.com\/mavikadin\/hande-ercel-ve-hakan-sabanci-luks-tatillerine-bir-yenisini-daha-ekliyor\/","title":{"rendered":"Hande Er\u00e7el ve Hakan Sabanc\u0131 l\u00fcks tatillerine bir yenisini daha ekliyor!"},"content":{"rendered":"<p>Oyuncu Hande Er\u00e7el ve sevgilisi Hakan Sabanc\u0131 son d\u00f6nemlerde gezdikleri \u00fclkelerle s\u00fcrekli g\u00fcndemdeydi. \u0130kili, l\u00fcks tatillerine bir yenisini daha ekleyerek r\u00fcya gibi bir tatil yapmay\u0131 planl\u0131yor. Yakla\u015f\u0131k 20 ayd\u0131r birlikte olan seyahat tutkunu \u00e7ift, birlikte d\u00fcnyan\u0131n en \u00e7arp\u0131c\u0131 yerlerinden baz\u0131lar\u0131n\u0131 birlikte ziyaret ettiler. Bayram tatilinin yakla\u015fmas\u0131yla beraber ikili r\u00fcya gibi bir tatil ge\u00e7irmek i\u00e7in bak\u0131n nereyi se\u00e7ti&#8230;<\/p>\n<h3>HANDE ER\u00c7EL VE HAKAN SABANCI&#8217;NIN YEN\u0130 ROTASI<\/h3>\n<p>S\u00f6ylenene g\u00f6re Hakan sabanc\u0131 bayram tatili i\u00e7in yapacaklar\u0131 seyahatin Hande Er\u00e7el&#8217;e unutulmaz k\u0131lmak i\u00e7in elinden geleni yapt\u0131.\u00a0 Maldivler&#8217;in en l\u00fcks tatil k\u00f6ylerinden birinde \u00f6zel bir konaklama rezervasyonu yapt\u0131rd\u0131 ve tatillerinin rahatlama nefes kesici manzaralar ve misafirperverlikle dolu olmas\u0131n\u0131 sa\u011flayacak. Birlikte say\u0131s\u0131z \u00fclkeyi gezen \u00e7ift, \u015fimdi beyaz kumlu plajar\u0131, turkuaz sular\u0131 ve d\u00fcnya standartlar\u0131ndaki tatil k\u00f6yleriyle bilinen\u00a0 Maldiv adalar\u0131n\u0131n cennet gibi g\u00fczelli\u011fini deneyimlemeye haz\u0131rlan\u0131yor.<\/p>\n<p><img loading=\"lazy\" decoding=\"async\" class=\"alignnone wp-image-148978\" src=\"https:\/\/www.tgrthaber.com\/mavikadin\/wp-content\/uploads\/3-468.png\" alt=\"\" width=\"1208\" height=\"680\" title=\"\" srcset=\"https:\/\/www.tgrthaber.com\/mavikadin\/wp-content\/uploads\/3-468.png 1280w, https:\/\/www.tgrthaber.com\/mavikadin\/wp-content\/uploads\/3-468-300x169.png 300w, https:\/\/www.tgrthaber.com\/mavikadin\/wp-content\/uploads\/3-468-1024x576.png 1024w, https:\/\/www.tgrthaber.com\/mavikadin\/wp-content\/uploads\/3-468-768x432.png 768w\" sizes=\"(max-width: 1208px) 100vw, 1208px\" \/><\/p>\n<hr \/>\n<h3>MACERALARLA DOLU B\u0130R \u0130L\u0130\u015eK\u0130<\/h3>\n<p>Hande Er\u00e7el ve Hakan Sabanc\u0131 ili\u015fkilerinin ba\u015flang\u0131c\u0131ndan beri seyahat etmeyi a\u015fk hikayelerinin \u00f6nemli bir par\u00e7as\u0131 haline getirdiler ve s\u0131k s\u0131k d\u00fcnyan\u0131n en pop\u00fcler ve nefes kesici yerlerini ziyaret ettiler. Ge\u00e7ti\u011fimiz aylarda Paris, Finlandiya, Fransa, Danimarka, \u0130talya, Yunanistan, New York, Bali, Budape\u015fte, Londra, Japonya, Mauritius, Fas, Dubai, \u0130sve\u00e7 ve Suudi Arabistan&#8217;da g\u00f6r\u00fcld\u00fcler ve T\u00fcrkiye&#8217;nin en \u00e7ok seyahat eden \u00e7iftlerinden biri oldular.<\/p>\n<p><img loading=\"lazy\" decoding=\"async\" class=\"alignnone wp-image-148979\" src=\"https:\/\/www.tgrthaber.com\/mavikadin\/wp-content\/uploads\/4-385.png\" alt=\"\" width=\"1208\" height=\"680\" title=\"\" srcset=\"https:\/\/www.tgrthaber.com\/mavikadin\/wp-content\/uploads\/4-385.png 1280w, https:\/\/www.tgrthaber.com\/mavikadin\/wp-content\/uploads\/4-385-300x169.png 300w, https:\/\/www.tgrthaber.com\/mavikadin\/wp-content\/uploads\/4-385-1024x576.png 1024w, https:\/\/www.tgrthaber.com\/mavikadin\/wp-content\/uploads\/4-385-768x432.png 768w\" sizes=\"(max-width: 1208px) 100vw, 1208px\" \/><\/p>\n<hr \/>\n<p>En son ki maceralar\u0131 onlar\u0131 Kahire&#8217;nin \u00fcnl\u00fc tarihi simgelerini ke\u015ffettikleri M\u0131s\u0131r&#8217;a g\u00f6t\u00fcrd\u00fc. \u00c7ift, b\u00f6lgenin en \u00f6neml, k\u00fclt\u00fcrel mekanlar\u0131ndan biri olan M\u0131s\u0131r M\u00fczesi&#8217;ni ziyaret etti. Seyahatlerinden s\u0131k s\u0131k doyal medyada payla\u015f\u0131m yapan Hande Er\u00e7el, m\u00fczenin zengin tarihini ve etkileyici mimarisini sergileyen ziyaretinden \u00e7arp\u0131c\u0131 foto\u011fraflarla takip\u00e7ilerini b\u00fcy\u00fcledi.<\/p>\n<h3>YEN\u0130 ROTA: MALDV\u0130LER<\/h3>\n<p>Seyahat tutkunu \u00e7iftin bir sonraki rotas\u0131 nefes kesen pilajlar\u0131, l\u00fcks su \u00fcst\u00fc villalar\u0131 ve dingin tropikal atmosferiyle bilinen Maldivler&#8217;de r\u00fcya gibi bir tatil ge\u00e7irmeye haz\u0131rlan\u0131yor.<\/p>\n","protected":false},"excerpt":{"rendered":"<p>T\u00fcrkiye&#8217;nin en \u00e7ok konu\u015fulan \u00fcnl\u00fc \u00e7iftlerinden Hande Er\u00e7el ve Hakan Sabanc\u0131, d\u00fcnya \u00e7ap\u0131ndaki g\u00f6steri\u015fli seyahatlerine devam ediyor. L\u00fcks ve maceraya olan tutkular\u0131yla bilinen \u00e7ift, birlikte bir\u00e7ok \u00fclkeyi ziyaret etti. \u015eimdi, b\u00fcy\u00fcyen listelerine bir rota daha eklemeye haz\u0131rlan\u0131yorlar. \u0130\u015fte habere dair detaylar&#8230;<\/p>\n","protected":false},"author":28,"featured_media":148976,"comment_status":"closed","ping_status":"closed","sticky":false,"template":"","format":"standard","meta":{"rank_math_lock_modified_date":false,"footnotes":""},"categories":[76],"tags":[2738,2391,14711,14712],"class_list":["post-148959","post","type-post","status-publish","format-standard","has-post-thumbnail","hentry","category-magazin","tag-hakan-sabanci","tag-hande-ercel","tag-hande-ercel-maldivler","tag-maldivler"],"_links":{"self":[{"href":"https:\/\/www.tgrthaber.com\/mavikadin\/wp-json\/wp\/v2\/posts\/148959"}],"collection":[{"href":"https:\/\/www.tgrthaber.com\/mavikadin\/wp-json\/wp\/v2\/posts"}],"about":[{"href":"https:\/\/www.tgrthaber.com\/mavikadin\/wp-json\/wp\/v2\/types\/post"}],"author":[{"embeddable":true,"href":"https:\/\/www.tgrthaber.com\/mavikadin\/wp-json\/wp\/v2\/users\/28"}],"replies":[{"embeddable":true,"href":"https:\/\/www.tgrthaber.com\/mavikadin\/wp-json\/wp\/v2\/comments?post=148959"}],"version-history":[{"count":1,"href":"https:\/\/www.tgrthaber.com\/mavikadin\/wp-json\/wp\/v2\/posts\/148959\/revisions"}],"predecessor-version":[{"id":148982,"href":"https:\/\/www.tgrthaber.com\/mavikadin\/wp-json\/wp\/v2\/posts\/148959\/revisions\/148982"}],"wp:featuredmedia":[{"embeddable":true,"href":"https:\/\/www.tgrthaber.com\/mavikadin\/wp-json\/wp\/v2\/media\/148976"}],"wp:attachment":[{"href":"https:\/\/www.tgrthaber.com\/mavikadin\/wp-json\/wp\/v2\/media?parent=148959"}],"wp:term":[{"taxonomy":"category","embeddable":true,"href":"https:\/\/www.tgrthaber.com\/mavikadin\/wp-json\/wp\/v2\/categories?post=148959"},{"taxonomy":"post_tag","embeddable":true,"href":"https:\/\/www.tgrthaber.com\/mavikadin\/wp-json\/wp\/v2\/tags?post=148959"}],"curies":[{"name":"wp","href":"https:\/\/api.w.org\/{rel}","templated":true}]}}