{"id":148967,"date":"2025-03-18T21:18:00","date_gmt":"2025-03-18T18:18:00","guid":{"rendered":"https:\/\/www.tgrthaber.com\/mavikadin\/?p=148967"},"modified":"2025-03-18T21:18:00","modified_gmt":"2025-03-18T18:18:00","slug":"ibrahim-tatlisesin-eski-hayat-arkadasi-derya-tunanin-bilinmeyenleri","status":"publish","type":"post","link":"https:\/\/www.tgrthaber.com\/mavikadin\/ibrahim-tatlisesin-eski-hayat-arkadasi-derya-tunanin-bilinmeyenleri\/","title":{"rendered":"\u0130brahim Tatl\u0131ses&#8217;in eski hayat arkada\u015f\u0131 Derya Tuna&#8217;n\u0131n bilinmeyenleri"},"content":{"rendered":"<p>Sunuculuk, oyunculuk ve \u015fark\u0131c\u0131l\u0131k yapan \u00fcnl\u00fc isim Derya Tuna&#8217;n\u0131n hayat\u0131na dair bilinmeyen taraflar g\u00fcndeme geldi. Bir zamanlar \u0130brahim Tatl\u0131ses ile tan\u0131\u015ft\u0131ktan sonra hayat\u0131 de\u011fi\u015fen Derya Tuna&#8217;n\u0131n ge\u00e7mi\u015fine dair hi\u00e7 duyulmayan ger\u00e7ekler g\u00fcn y\u00fcz\u00fcne \u00e7\u0131kt\u0131. \u0130\u015fte Derya Tuna&#8217;n\u0131n bilinmeyen taraf\u0131&#8230;<\/p>\n<h3>\u0130BRAH\u0130M TATLISES \u0130LE EVLEND\u0130<\/h3>\n<p>Ye\u015fil\u00e7am sinemas\u0131n\u0131n \u00f6nemli isimlerinden olan \u00fcnl\u00fc oyuncu ve \u015fark\u0131c\u0131 Derya Tuna, kariyerine ilk \u015fark\u0131c\u0131 olarak ba\u015flam\u0131\u015ft\u0131. Yenikap\u0131&#8217;da sahne ald\u0131\u011f\u0131 esnada \u0130brahim Tatl\u0131ses ile yollar\u0131 kesi\u015fen Derya Tuna&#8217;n\u0131n hayat\u0131 da de\u011fi\u015fti.<\/p>\n<p><img loading=\"lazy\" decoding=\"async\" class=\"alignnone wp-image-148972\" src=\"https:\/\/www.tgrthaber.com\/mavikadin\/wp-content\/uploads\/derya-300x169.webp\" alt=\"\" width=\"1280\" height=\"721\" title=\"\" srcset=\"https:\/\/www.tgrthaber.com\/mavikadin\/wp-content\/uploads\/derya-300x169.webp 300w, https:\/\/www.tgrthaber.com\/mavikadin\/wp-content\/uploads\/derya.webp 728w\" sizes=\"(max-width: 1280px) 100vw, 1280px\" \/><\/p>\n<hr \/>\n<p>1983 senesinde \u00e7ekilen G\u00fcnah filminde tan\u0131\u015fan Derya Tuna ve \u0130brahim Tatl\u0131ses \u00e7ifti, buradaki tan\u0131\u015f\u0131kl\u0131\u011f\u0131n ard\u0131ndan bir\u00e7ok filmde oynad\u0131lar ve ili\u015fkileri ba\u015flad\u0131. Yakla\u015f\u0131k 18 y\u0131l birlikte kalan Tatl\u0131ses-Tuna \u00e7iftinin \u0130do Tatl\u0131ses ad\u0131nda bir \u00e7ocuklar\u0131 da hayata geldi. \u00c7ift, 1983 y\u0131l\u0131nda ba\u015flad\u0131klar\u0131 ili\u015fkiye 2001 senesinde son verdiler.<\/p>\n<p><img loading=\"lazy\" decoding=\"async\" class=\"alignnone wp-image-148970\" src=\"https:\/\/www.tgrthaber.com\/mavikadin\/wp-content\/uploads\/DERYA-TUNA-300x169.webp\" alt=\"\" width=\"1280\" height=\"720\" title=\"\" srcset=\"https:\/\/www.tgrthaber.com\/mavikadin\/wp-content\/uploads\/DERYA-TUNA-300x169.webp 300w, https:\/\/www.tgrthaber.com\/mavikadin\/wp-content\/uploads\/DERYA-TUNA-1024x576.webp 1024w, https:\/\/www.tgrthaber.com\/mavikadin\/wp-content\/uploads\/DERYA-TUNA-768x432.webp 768w, https:\/\/www.tgrthaber.com\/mavikadin\/wp-content\/uploads\/DERYA-TUNA.webp 1280w\" sizes=\"(max-width: 1280px) 100vw, 1280px\" \/><\/p>\n<hr \/>\n<h3>&#8220;KE\u015eKE KABUL ETSEYD\u0130M&#8221;<\/h3>\n<p>\u00dcnl\u00fc oyuncu ve \u015fark\u0131c\u0131 Derya Tuna, zaman\u0131nda \u0130brahim Tatl\u0131ses&#8217;in kendisine evlilik teklifi yapt\u0131\u011f\u0131n\u0131 fakat bunu kabul etmedi\u011fini s\u00f6ylemi\u015fti. Tuna, s\u00fcrece ili\u015fkin yapt\u0131\u011f\u0131 a\u00e7\u0131klamada, &#8220;Ke\u015fke \u0130brahim Bey&#8217;in evlenme teklifini kabul etseydim, hayat\u0131m ke\u015fkelerle dolu&#8221; ifadelerini kullanm\u0131\u015ft\u0131.<\/p>\n<p><img loading=\"lazy\" decoding=\"async\" class=\"alignnone wp-image-148969\" src=\"https:\/\/www.tgrthaber.com\/mavikadin\/wp-content\/uploads\/DERYA-TUNA-300x169.jpg\" alt=\"\" width=\"1280\" height=\"719\" title=\"\" srcset=\"https:\/\/www.tgrthaber.com\/mavikadin\/wp-content\/uploads\/DERYA-TUNA-300x169.jpg 300w, https:\/\/www.tgrthaber.com\/mavikadin\/wp-content\/uploads\/DERYA-TUNA-1024x575.jpg 1024w, https:\/\/www.tgrthaber.com\/mavikadin\/wp-content\/uploads\/DERYA-TUNA-768x431.jpg 768w, https:\/\/www.tgrthaber.com\/mavikadin\/wp-content\/uploads\/DERYA-TUNA.jpg 1200w\" sizes=\"(max-width: 1280px) 100vw, 1280px\" \/><\/p>\n<hr \/>\n<h3>&#8220;BACA\u011eIMIN ACISININ YANINDA Y\u00dcRE\u011e\u0130M\u0130N ACISI DA \u00c7OK FAZLA&#8221;<\/h3>\n<p>Derya Tuna \u015fark\u0131c\u0131l\u0131k yapt\u0131\u011f\u0131 d\u00f6nemlerde sahneye \u00e7\u0131kt\u0131\u011f\u0131 bir k\u0131yafet y\u00fcz\u00fcnden silahla vuruldu\u011fu iddia edilmi\u015fti. \u015eark\u0131c\u0131 H\u00fclya Av\u015far s\u00f6z konusu iddiay\u0131 ortaya atm\u0131\u015f, Tuna&#8217;n\u0131n insanlar\u0131 tahrik etti\u011fini s\u00f6yleyerek, &#8220;Bu nedenle onun i\u00e7in ah vah diyemem&#8221; ifadelerini kullanm\u0131\u015ft\u0131.<\/p>\n<p>Bu konuya ili\u015fkin konu\u015fan Derya Tuna, &#8220;Ben te\u015fhirci de\u011filim. Aynada bakt\u0131\u011f\u0131mda kendimi be\u011fendim. Bu elbisenin hata oldu\u011funu d\u00fc\u015f\u00fcnm\u00fcyorum. \u0130nsanlar beni severler. Ben k\u00f6t\u00fc bir \u015fey yapmad\u0131m, baca\u011f\u0131m\u0131n ac\u0131s\u0131n\u0131n yan\u0131nda y\u00fcre\u011fimin ac\u0131s\u0131 da \u00e7ok fazla. Kimsenin bunu yapmaya hakk\u0131 yok. K\u0131rg\u0131n\u0131m. \u00c7ok sevenim varm\u0131\u015f&#8221; demi\u015fti.<\/p>\n<p><img loading=\"lazy\" decoding=\"async\" class=\"alignnone wp-image-148971\" src=\"https:\/\/www.tgrthaber.com\/mavikadin\/wp-content\/uploads\/DERYA-TUNA2-300x200.jpg\" alt=\"\" width=\"1280\" height=\"853\" title=\"\" srcset=\"https:\/\/www.tgrthaber.com\/mavikadin\/wp-content\/uploads\/DERYA-TUNA2-300x200.jpg 300w, https:\/\/www.tgrthaber.com\/mavikadin\/wp-content\/uploads\/DERYA-TUNA2-1024x682.jpg 1024w, https:\/\/www.tgrthaber.com\/mavikadin\/wp-content\/uploads\/DERYA-TUNA2-768x512.jpg 768w, https:\/\/www.tgrthaber.com\/mavikadin\/wp-content\/uploads\/DERYA-TUNA2.jpg 1280w\" sizes=\"(max-width: 1280px) 100vw, 1280px\" \/><\/p>\n<hr \/>\n<h3>BABAANNE HEYECANI<\/h3>\n<p>Ya\u015fad\u0131\u011f\u0131 olaylar\u0131n ard\u0131ndan uzunca bir s\u00fcre sahnelerden uzak kalan Derya Tuna, bu s\u00fcre\u00e7te o\u011flu \u0130do Tatl\u0131ses&#8217;i b\u00fcy\u00fctt\u00fc.<\/p>\n<p>33 ya\u015f\u0131na gelen \u0130do Tatl\u0131ses, Yasemin \u015eefkatli ile evlendi ve bu evlilikten bir \u00e7ocuklar\u0131 oldu. \u0130lk kez babaanne olan Tuna, duygusal bir payla\u015f\u0131mla torununun ya\u015f g\u00fcn\u00fcn\u00fc kutlam\u0131\u015ft\u0131. Tuna payla\u015f\u0131m\u0131nda, &#8220;Canparelerim, Emir&#8217;im, Ayel&#8217;im.. Siz benim hayat\u0131m\u0131n anlam\u0131, evimin ne\u015fesi oldunuz. Sizlerle ge\u00e7irdi\u011fim her g\u00fcn\u00fcm \u00e7ok k\u0131ymetli. Bana bu g\u00fczel duygular\u0131 ya\u015fatt\u0131\u011f\u0131n\u0131z i\u00e7in \u00f6nce yaradana sonra da baban\u0131za, annenize ve size minnettar\u0131m. Allah&#8217;\u0131m sizi ve t\u00fcm \u00e7ocuklar\u0131 korusun, iyi yaz\u0131lar yazs\u0131n. Bu m\u00fcbarek g\u00fcnde \u015fans\u0131n\u0131z baht\u0131n\u0131z ve yolunuz a\u00e7\u0131k olsun&#8221; ifadelerini kullanm\u0131\u015ft\u0131.<\/p>\n","protected":false},"excerpt":{"rendered":"<p>Bir zamanlar \u015fark\u0131c\u0131 \u0130brahim Tatl\u0131ses ile birlikte olan \u00fcnl\u00fc isim Derya Tuna, hayat\u0131 ile ilgili bilinmeyenleri anlatt\u0131. Yenikap\u0131&#8217;da sahne ald\u0131\u011f\u0131 esnada tan\u0131\u015ft\u0131\u011f\u0131 \u0130brahim Tatl\u0131ses ile yollar\u0131 kesi\u015fen Derya Tuna&#8217;n\u0131n  \u0130do Tatl\u0131ses ad\u0131nda bir o\u011flu da bulunuyor. \u0130\u015fte Derya Tuna&#8217;n\u0131n bilinmeyen taraf\u0131&#8230;<\/p>\n","protected":false},"author":33,"featured_media":148973,"comment_status":"closed","ping_status":"closed","sticky":false,"template":"","format":"standard","meta":{"rank_math_lock_modified_date":false,"footnotes":""},"categories":[76],"tags":[14710,2640],"class_list":["post-148967","post","type-post","status-publish","format-standard","has-post-thumbnail","hentry","category-magazin","tag-derya-tuna-kimdir","tag-ibrahim-tatlises"],"_links":{"self":[{"href":"https:\/\/www.tgrthaber.com\/mavikadin\/wp-json\/wp\/v2\/posts\/148967"}],"collection":[{"href":"https:\/\/www.tgrthaber.com\/mavikadin\/wp-json\/wp\/v2\/posts"}],"about":[{"href":"https:\/\/www.tgrthaber.com\/mavikadin\/wp-json\/wp\/v2\/types\/post"}],"author":[{"embeddable":true,"href":"https:\/\/www.tgrthaber.com\/mavikadin\/wp-json\/wp\/v2\/users\/33"}],"replies":[{"embeddable":true,"href":"https:\/\/www.tgrthaber.com\/mavikadin\/wp-json\/wp\/v2\/comments?post=148967"}],"version-history":[{"count":1,"href":"https:\/\/www.tgrthaber.com\/mavikadin\/wp-json\/wp\/v2\/posts\/148967\/revisions"}],"predecessor-version":[{"id":148975,"href":"https:\/\/www.tgrthaber.com\/mavikadin\/wp-json\/wp\/v2\/posts\/148967\/revisions\/148975"}],"wp:featuredmedia":[{"embeddable":true,"href":"https:\/\/www.tgrthaber.com\/mavikadin\/wp-json\/wp\/v2\/media\/148973"}],"wp:attachment":[{"href":"https:\/\/www.tgrthaber.com\/mavikadin\/wp-json\/wp\/v2\/media?parent=148967"}],"wp:term":[{"taxonomy":"category","embeddable":true,"href":"https:\/\/www.tgrthaber.com\/mavikadin\/wp-json\/wp\/v2\/categories?post=148967"},{"taxonomy":"post_tag","embeddable":true,"href":"https:\/\/www.tgrthaber.com\/mavikadin\/wp-json\/wp\/v2\/tags?post=148967"}],"curies":[{"name":"wp","href":"https:\/\/api.w.org\/{rel}","templated":true}]}}