{"id":148984,"date":"2025-03-18T22:02:25","date_gmt":"2025-03-18T19:02:25","guid":{"rendered":"https:\/\/www.tgrthaber.com\/mavikadin\/?p=148984"},"modified":"2025-03-18T22:02:25","modified_gmt":"2025-03-18T19:02:25","slug":"tanyelinin-vefatindan-sonra-gercek-ortaya-cikti-ilker-sunnilinin-aci-kaderi","status":"publish","type":"post","link":"https:\/\/www.tgrthaber.com\/mavikadin\/tanyelinin-vefatindan-sonra-gercek-ortaya-cikti-ilker-sunnilinin-aci-kaderi\/","title":{"rendered":"Tanyeli&#8217;nin vefat\u0131ndan sonra ger\u00e7ek ortaya \u00e7\u0131kt\u0131! \u0130lker S\u00fcnnili&#8217;nin ac\u0131 kaderi"},"content":{"rendered":"<p>T\u00fcrk medyas\u0131, pankreas kanseriyle uzun bir m\u00fccadelenin ard\u0131ndan 54 ya\u015f\u0131nda hayat\u0131n\u0131 kaybeden \u00fcnl\u00fc oryantal Tanyeli&#8217;nin kayb\u0131n\u0131n \u00fcz\u00fcnt\u00fcs\u00fcn\u00fc ya\u015f\u0131yor. Kocas\u0131 \u0130lker S\u00fcnneli, zorlu yolculu\u011fu boyunca yan\u0131ndayd\u0131 ve ona sars\u0131lmaz bir destek sa\u011flad\u0131. Ancak S\u00fcnneli&#8217;nin ge\u00e7mi\u015fiyle ilgili y\u00fcrek par\u00e7alay\u0131c\u0131 bir ger\u00e7ek art\u0131k ortaya \u00e7\u0131kt\u0131. \u0130lker S\u00fcnnili&#8217;nin ilk e\u015fini de kanserden dolay\u0131 kaybetti\u011fi ortaya \u00e7\u0131kt\u0131&#8230;<\/p>\n<h3>\u0130LKER S\u00dcNN\u0130L\u0130&#8217;YE AYNI ACININ TEKRARINI YA\u015eIYOR<\/h3>\n<p>Tanyeli, 2,5 y\u0131ld\u0131r pankreas kanseriyle m\u00fccadele ediyordu ve\u00a0 yo\u011fun bir tedavi g\u00f6r\u00fcrken kocas\u0131 ona destek olmak i\u00e7in hep yan\u0131ndayd\u0131. Bu s\u00fcre zarf\u0131nda, S\u00fcnneli&#8217;nin ge\u00e7mi\u015fiyle ilgili ac\u0131 bir ayr\u0131nt\u0131y\u0131 a\u00e7\u0131klad\u0131 ve daha \u00f6nce de benzer bir trajedi ya\u015fad\u0131\u011f\u0131n\u0131 s\u00f6yledi. \u0130lk e\u015fi de kansere yenik d\u00fc\u015fm\u00fc\u015ft\u00fc ve bu da Tanyeli&#8217;nin hastal\u0131kla m\u00fccadelesini daha da y\u00fcrek par\u00e7alay\u0131c\u0131 hale getirdi.<\/p>\n<p><img loading=\"lazy\" decoding=\"async\" class=\"alignnone wp-image-148993\" src=\"https:\/\/www.tgrthaber.com\/mavikadin\/wp-content\/uploads\/4-386.png\" alt=\"\" width=\"1208\" height=\"680\" title=\"\" srcset=\"https:\/\/www.tgrthaber.com\/mavikadin\/wp-content\/uploads\/4-386.png 1280w, https:\/\/www.tgrthaber.com\/mavikadin\/wp-content\/uploads\/4-386-300x169.png 300w, https:\/\/www.tgrthaber.com\/mavikadin\/wp-content\/uploads\/4-386-1024x576.png 1024w, https:\/\/www.tgrthaber.com\/mavikadin\/wp-content\/uploads\/4-386-768x432.png 768w\" sizes=\"(max-width: 1208px) 100vw, 1208px\" \/><\/p>\n<hr \/>\n<p>Tanyeli, \u00f6l\u00fcm\u00fcnden aylar \u00f6nce yapt\u0131\u011f\u0131 duygusal bir a\u00e7\u0131klamada, kocas\u0131n\u0131n \u00fczerindeki muazzam y\u00fck\u00fc kabul ederek \u015funlar\u0131 s\u00f6yledi:<\/p>\n<p>\u201cOna defalarca gitmesini, kendine bakmas\u0131n\u0131 ve kendi hayat\u0131n\u0131 yeniden kurmas\u0131n\u0131 s\u00f6yledim. Zor, sald\u0131rgan ve sinirli oldum. Bu s\u00fcre\u00e7 sadece hasta i\u00e7in de\u011fil, ayn\u0131 zamanda yan\u0131nda duranlar i\u00e7in de zor. Hem fiziksel hem de duygusal olarak ya\u015fad\u0131\u011f\u0131m\u0131z de\u011fi\u015fimler, katlan\u0131lmas\u0131 inan\u0131lmaz derecede zor hale getiriyor. Kendime dayanam\u0131yordum ve bir ba\u015fkas\u0131n\u0131n bana katlanmas\u0131n\u0131n daha da zor olaca\u011f\u0131n\u0131 d\u00fc\u015f\u00fcnd\u00fcm. Ama o gitmedi. \u0130lk kar\u0131s\u0131n\u0131 kanserden kaybetmi\u015fti ve \u015fimdi benimle ayn\u0131 kabusu tekrar ya\u015f\u0131yordu. \u0130nan\u0131lmaz derecede \u015fanss\u0131zd\u0131 ama her \u015feye ra\u011fmen yan\u0131mda kald\u0131.\u201d<\/p>\n<p><img loading=\"lazy\" decoding=\"async\" class=\"alignnone wp-image-148990\" src=\"https:\/\/www.tgrthaber.com\/mavikadin\/wp-content\/uploads\/1-442.png\" alt=\"\" width=\"1208\" height=\"680\" title=\"\" srcset=\"https:\/\/www.tgrthaber.com\/mavikadin\/wp-content\/uploads\/1-442.png 1280w, https:\/\/www.tgrthaber.com\/mavikadin\/wp-content\/uploads\/1-442-300x169.png 300w, https:\/\/www.tgrthaber.com\/mavikadin\/wp-content\/uploads\/1-442-1024x576.png 1024w, https:\/\/www.tgrthaber.com\/mavikadin\/wp-content\/uploads\/1-442-768x432.png 768w\" sizes=\"(max-width: 1208px) 100vw, 1208px\" \/><\/p>\n<hr \/>\n<p>Tanyeli&#8217;nin trajik hikayesi burada bitmiyor. Kanser, en yak\u0131n aile \u00fcyelerinden birka\u00e7\u0131n\u0131n hayat\u0131n\u0131 \u00e7oktan alm\u0131\u015ft\u0131. \u015eark\u0131c\u0131 ve oyuncu olan annesi Dolgun Sezer de pankreas kanserinden hayat\u0131n\u0131 kaybetti. Ayr\u0131ca, Eyl\u00fcl 2023&#8217;te ba\u015fka bir y\u0131k\u0131c\u0131 kay\u0131p daha ya\u015fayarak, karde\u015fini de kanserden dolay\u0131 kaybetti ve bu hastal\u0131k ailesi i\u00e7in s\u00fcrekli bir keder kayna\u011f\u0131 oldu.<\/p>\n<p><img loading=\"lazy\" decoding=\"async\" class=\"alignnone wp-image-148992\" src=\"https:\/\/www.tgrthaber.com\/mavikadin\/wp-content\/uploads\/3-469.png\" alt=\"\" width=\"1208\" height=\"680\" title=\"\" srcset=\"https:\/\/www.tgrthaber.com\/mavikadin\/wp-content\/uploads\/3-469.png 1280w, https:\/\/www.tgrthaber.com\/mavikadin\/wp-content\/uploads\/3-469-300x169.png 300w, https:\/\/www.tgrthaber.com\/mavikadin\/wp-content\/uploads\/3-469-1024x576.png 1024w, https:\/\/www.tgrthaber.com\/mavikadin\/wp-content\/uploads\/3-469-768x432.png 768w\" sizes=\"(max-width: 1208px) 100vw, 1208px\" \/><\/p>\n<hr \/>\n<h3>TEDAV\u0130 \u0130\u00c7\u0130N DOKTORLARA YALVARDI<\/h3>\n<p>Tanyeli, vefat\u0131ndan \u00f6nce y\u00fcrekten bir yalvar\u0131\u015fta bulunarak bu \u00f6l\u00fcmc\u00fcl hastal\u0131kla m\u00fccadele i\u00e7in daha fazla ara\u015ft\u0131rma ve \u00e7\u00f6z\u00fcm \u00e7a\u011fr\u0131s\u0131nda bulundu:<\/p>\n<p>&#8220;Doktorlara yalvar\u0131yorum; l\u00fctfen insanlar\u0131 birdenbire vuran bu ac\u0131mas\u0131z hastal\u0131\u011fa bir \u00e7are bulun. Annem beklenmedik bir \u015fekilde, fazla ac\u0131 \u00e7ekmeden vefat etti; bu bizim tek tesellimiz. Ramazan ay\u0131n\u0131n m\u00fcbarek Cuma g\u00fcn\u00fc aram\u0131zdan ayr\u0131ld\u0131. Ac\u0131m\u0131z \u00f6l\u00e7\u00fclemez ama bu g\u00fcn\u00fcn \u00f6nemi bir \u015fekilde \u00fcz\u00fcnt\u00fcm\u00fcz\u00fc hafifletiyor.&#8221;<\/p>\n","protected":false},"excerpt":{"rendered":"<p>Pankreas kanseriyle uzun bir s\u00fcredir m\u00fccadele eden 54 ya\u015f\u0131ndaki oryantal dans\u00e7\u0131 Tanyeli hayat\u0131n\u0131 kaybetti. Hastal\u0131\u011f\u0131 boyunca, kocas\u0131 \u0130lker S\u00fcnneli onun yan\u0131ndayd\u0131 ve ona sars\u0131lmaz bir destek sunuyordu. Ancak \u015fimdi y\u0131k\u0131c\u0131 bir ger\u00e7ek ortaya \u00e7\u0131kt\u0131&#8230; <\/p>\n","protected":false},"author":28,"featured_media":148991,"comment_status":"closed","ping_status":"closed","sticky":false,"template":"","format":"standard","meta":{"rank_math_lock_modified_date":false,"footnotes":""},"categories":[76],"tags":[14059,464,14240,14716],"class_list":["post-148984","post","type-post","status-publish","format-standard","has-post-thumbnail","hentry","category-magazin","tag-ilker-sunnili","tag-tanyeli","tag-tanyeli-ve-esi","tag-tenyelinin-vefati"],"_links":{"self":[{"href":"https:\/\/www.tgrthaber.com\/mavikadin\/wp-json\/wp\/v2\/posts\/148984"}],"collection":[{"href":"https:\/\/www.tgrthaber.com\/mavikadin\/wp-json\/wp\/v2\/posts"}],"about":[{"href":"https:\/\/www.tgrthaber.com\/mavikadin\/wp-json\/wp\/v2\/types\/post"}],"author":[{"embeddable":true,"href":"https:\/\/www.tgrthaber.com\/mavikadin\/wp-json\/wp\/v2\/users\/28"}],"replies":[{"embeddable":true,"href":"https:\/\/www.tgrthaber.com\/mavikadin\/wp-json\/wp\/v2\/comments?post=148984"}],"version-history":[{"count":2,"href":"https:\/\/www.tgrthaber.com\/mavikadin\/wp-json\/wp\/v2\/posts\/148984\/revisions"}],"predecessor-version":[{"id":148997,"href":"https:\/\/www.tgrthaber.com\/mavikadin\/wp-json\/wp\/v2\/posts\/148984\/revisions\/148997"}],"wp:featuredmedia":[{"embeddable":true,"href":"https:\/\/www.tgrthaber.com\/mavikadin\/wp-json\/wp\/v2\/media\/148991"}],"wp:attachment":[{"href":"https:\/\/www.tgrthaber.com\/mavikadin\/wp-json\/wp\/v2\/media?parent=148984"}],"wp:term":[{"taxonomy":"category","embeddable":true,"href":"https:\/\/www.tgrthaber.com\/mavikadin\/wp-json\/wp\/v2\/categories?post=148984"},{"taxonomy":"post_tag","embeddable":true,"href":"https:\/\/www.tgrthaber.com\/mavikadin\/wp-json\/wp\/v2\/tags?post=148984"}],"curies":[{"name":"wp","href":"https:\/\/api.w.org\/{rel}","templated":true}]}}