{"id":148999,"date":"2025-03-18T22:15:57","date_gmt":"2025-03-18T19:15:57","guid":{"rendered":"https:\/\/www.tgrthaber.com\/mavikadin\/?p=148999"},"modified":"2025-03-18T22:15:57","modified_gmt":"2025-03-18T19:15:57","slug":"nuri-alco-mal-varligini-esine-mi-birakacak-iste-nuri-alcodan-aciklama","status":"publish","type":"post","link":"https:\/\/www.tgrthaber.com\/mavikadin\/nuri-alco-mal-varligini-esine-mi-birakacak-iste-nuri-alcodan-aciklama\/","title":{"rendered":"Nuri Al\u00e7o mal varl\u0131\u011f\u0131n\u0131 e\u015fine mi b\u0131rakacak? \u0130\u015fte Nuri Al\u00e7o&#8217;dan a\u00e7\u0131klama"},"content":{"rendered":"<p>Bankac\u0131l\u0131k, eczac\u0131l\u0131k gibi meslekler yapan ve ard\u0131ndan mankenlik sonras\u0131 Ye\u015fil\u00e7am&#8217;a ad\u0131m atan \u00fcnl\u00fc oyuncu Nuri Al\u00e7o mal varl\u0131\u011f\u0131n\u0131 kime b\u0131rakaca\u011f\u0131na ili\u015fkin \u00e7\u0131kan iddialara cevap verdi. 1980&#8217;li y\u0131llar\u0131n k\u00f6t\u00fc adam\u0131 olarak bilinen ba\u015far\u0131l\u0131 oyuncu Al\u00e7o, kat\u0131ld\u0131\u011f\u0131 bir programda vasiyetine ili\u015fkin a\u00e7\u0131klamalarda bulunmu\u015ftu.<\/p>\n<h3>NUR\u0130 AL\u00c7O MAL VARLI\u011eINI E\u015e\u0130NE M\u0130 BIRAKACAK?<\/h3>\n<p>\u00dcnl\u00fc oyuncu Nuri Al\u00e7o, son zamanlarda mesle\u011finin de \u00f6tesinde \u00f6zel ya\u015fam\u0131yla s\u0131k\u00e7a g\u00fcndeme geliyor. Al\u00e7o son olarak bir magazin program\u0131na kat\u0131lm\u0131\u015f ve burada mal varl\u0131\u011f\u0131na kime b\u0131rakaca\u011f\u0131na ili\u015fkin vasiyet a\u00e7\u0131klamas\u0131nda bulunmu\u015ftu.<\/p>\n<p><img loading=\"lazy\" decoding=\"async\" class=\"alignnone wp-image-149003\" src=\"https:\/\/www.tgrthaber.com\/mavikadin\/wp-content\/uploads\/nuri-alco4-300x169.webp\" alt=\"\" width=\"1280\" height=\"720\" title=\"\" srcset=\"https:\/\/www.tgrthaber.com\/mavikadin\/wp-content\/uploads\/nuri-alco4-300x169.webp 300w, https:\/\/www.tgrthaber.com\/mavikadin\/wp-content\/uploads\/nuri-alco4-1024x576.webp 1024w, https:\/\/www.tgrthaber.com\/mavikadin\/wp-content\/uploads\/nuri-alco4-768x432.webp 768w, https:\/\/www.tgrthaber.com\/mavikadin\/wp-content\/uploads\/nuri-alco4.webp 1280w\" sizes=\"(max-width: 1280px) 100vw, 1280px\" \/><\/p>\n<hr \/>\n<p>Te\u015fvikiye Camii&#8217;nden cenazesinin kald\u0131r\u0131lmas\u0131n\u0131 isteyen Al\u00e7o, &#8220;Al\u0131\u015ft\u0131m bu \u00f6l\u00fcm olaylar\u0131na art\u0131k. Nas\u0131l olsa gidece\u011fiz, \u00f6l\u00fcmden kurtulu\u015f yok.&#8221; dedi.<\/p>\n<p>2020 y\u0131l\u0131nda kendinden ya\u015f\u00e7a k\u00fc\u00e7\u00fck e\u015fi Burcu Al\u00e7o ile evlenen usta oyuncu Nuri Al\u00e7o, e\u015fiyle ili\u015fkilerine ili\u015fkin de a\u00e7\u0131klamalarda bulundu. Al\u00e7o, &#8220;Vefal\u0131 bir e\u015fe rast geldim ki b\u00fct\u00fcn hastal\u0131\u011f\u0131mda yan\u0131mdayd\u0131. Bana \u00e7ok b\u00fcy\u00fck faydas\u0131 oldu. O olmasayd\u0131 belki \u00f6lm\u00fc\u015ft\u00fcm. \u00c7o\u011fu zaman ailemin olmad\u0131\u011f\u0131 yerde o vard\u0131. \u0130lk kalp ameliyat\u0131ma yaln\u0131z gittim.&#8221; ifadelerini kulland\u0131.<\/p>\n<p><img loading=\"lazy\" decoding=\"async\" class=\"alignnone wp-image-149005\" src=\"https:\/\/www.tgrthaber.com\/mavikadin\/wp-content\/uploads\/nuri-alco6-300x169.webp\" alt=\"\" width=\"1280\" height=\"720\" title=\"\" srcset=\"https:\/\/www.tgrthaber.com\/mavikadin\/wp-content\/uploads\/nuri-alco6-300x169.webp 300w, https:\/\/www.tgrthaber.com\/mavikadin\/wp-content\/uploads\/nuri-alco6-768x432.webp 768w, https:\/\/www.tgrthaber.com\/mavikadin\/wp-content\/uploads\/nuri-alco6.webp 820w\" sizes=\"(max-width: 1280px) 100vw, 1280px\" \/><\/p>\n<hr \/>\n<p>Ayn\u0131 programda vasiyetine ili\u015fkin konu\u015fan Al\u00e7o, &#8220;\u00d6ld\u00fckten sonra neyim varsa e\u015fime kalacak.&#8221; dedi. Bu s\u00f6zleri \u00fczerine &#8220;Nuri Al\u00e7o mal varl\u0131\u011f\u0131n\u0131 e\u015fine b\u0131rakacak&#8221; yorumlar\u0131 yap\u0131lm\u0131\u015ft\u0131.<\/p>\n<p><img loading=\"lazy\" decoding=\"async\" class=\"alignnone wp-image-149002\" src=\"https:\/\/www.tgrthaber.com\/mavikadin\/wp-content\/uploads\/nuri-alco3-300x169.webp\" alt=\"\" width=\"1280\" height=\"720\" title=\"\" srcset=\"https:\/\/www.tgrthaber.com\/mavikadin\/wp-content\/uploads\/nuri-alco3-300x169.webp 300w, https:\/\/www.tgrthaber.com\/mavikadin\/wp-content\/uploads\/nuri-alco3-1024x576.webp 1024w, https:\/\/www.tgrthaber.com\/mavikadin\/wp-content\/uploads\/nuri-alco3-768x432.webp 768w, https:\/\/www.tgrthaber.com\/mavikadin\/wp-content\/uploads\/nuri-alco3.webp 1280w\" sizes=\"(max-width: 1280px) 100vw, 1280px\" \/><\/p>\n<hr \/>\n<h3>\u0130\u015eTE NUR\u0130 AL\u00c7O&#8217;DAN A\u00c7IKLAMA<\/h3>\n<p>Vasiyetini a\u00e7\u0131klad\u0131\u011f\u0131 ve t\u00fcm mal varl\u0131\u011f\u0131n\u0131 e\u015fine b\u0131rakaca\u011f\u0131 iddialar\u0131 \u00fczerine konu\u015fan Nuri Al\u00e7o, gazetecilerin sorular\u0131na yan\u0131t verdi. Al\u00e7o a\u00e7\u0131klamas\u0131nda, e\u015finin maddi durumunun iyi oldu\u011funu ve kendisinin mal varl\u0131\u011f\u0131na ihtiyac\u0131 olmad\u0131\u011f\u0131n\u0131 s\u00f6yledi. Al\u00e7o, \u00f6ncesinde yapt\u0131\u011f\u0131 a\u00e7\u0131klamalar\u0131n yanl\u0131\u015f anla\u015f\u0131ld\u0131\u011f\u0131n\u0131 ifade etti.<\/p>\n<p><img loading=\"lazy\" decoding=\"async\" class=\"alignnone wp-image-149001\" src=\"https:\/\/www.tgrthaber.com\/mavikadin\/wp-content\/uploads\/nuri-alco-300x169.webp\" alt=\"\" width=\"1280\" height=\"720\" title=\"\" srcset=\"https:\/\/www.tgrthaber.com\/mavikadin\/wp-content\/uploads\/nuri-alco-300x169.webp 300w, https:\/\/www.tgrthaber.com\/mavikadin\/wp-content\/uploads\/nuri-alco-1024x576.webp 1024w, https:\/\/www.tgrthaber.com\/mavikadin\/wp-content\/uploads\/nuri-alco-768x432.webp 768w, https:\/\/www.tgrthaber.com\/mavikadin\/wp-content\/uploads\/nuri-alco.webp 1280w\" sizes=\"(max-width: 1280px) 100vw, 1280px\" \/><\/p>\n<hr \/>\n<p>E\u015fiyle birlikte bir yemek masas\u0131nda otururken vasiyet iddialar\u0131na ili\u015fkin sorulan sorulara yan\u0131t veren Al\u00e7o, &#8220;Valla onun yanl\u0131\u015f anla\u015f\u0131ld\u0131\u011f\u0131n\u0131 d\u00fc\u015f\u00fcn\u00fcyorum. E\u015fimin benim mal varl\u0131\u011f\u0131ma ihtiyac\u0131 yok ki. Onun zaten yeterince mal\u0131 m\u00fclk\u00fc her \u015feyi var. Paraya da ihtiyac\u0131 yok. Muhtemelen yanl\u0131\u015f anla\u015f\u0131lm\u0131\u015f, b\u00f6yle bir \u015feye gerek yok \u00e7\u00fcnk\u00fc.&#8221; ifadelerini kulland\u0131.<\/p>\n","protected":false},"excerpt":{"rendered":"<p>\u00dcnl\u00fc oyuncu Nuri Al\u00e7o, mal varl\u0131\u011f\u0131n\u0131 e\u015fine b\u0131rakaca\u011f\u0131na dair ortaya \u00e7\u0131kan iddialar hakk\u0131nda konu\u015ftu. Bir yemek masas\u0131nda gazetecilerin sordu\u011fu &#8220;Mal varl\u0131\u011f\u0131n\u0131z\u0131 e\u015finize mi b\u0131rakacaks\u0131n\u0131z?&#8221; sorusuna yan\u0131t veren Al\u00e7o, &#8220;Onun benim mal varl\u0131\u011f\u0131ma ihtiyac\u0131 yok.&#8221; dedi.<\/p>\n","protected":false},"author":33,"featured_media":149000,"comment_status":"closed","ping_status":"closed","sticky":false,"template":"","format":"standard","meta":{"rank_math_lock_modified_date":false,"footnotes":""},"categories":[76],"tags":[14718,14717],"class_list":["post-148999","post","type-post","status-publish","format-standard","has-post-thumbnail","hentry","category-magazin","tag-nuri-alco-esi","tag-nuri-alco-mal-varligi"],"_links":{"self":[{"href":"https:\/\/www.tgrthaber.com\/mavikadin\/wp-json\/wp\/v2\/posts\/148999"}],"collection":[{"href":"https:\/\/www.tgrthaber.com\/mavikadin\/wp-json\/wp\/v2\/posts"}],"about":[{"href":"https:\/\/www.tgrthaber.com\/mavikadin\/wp-json\/wp\/v2\/types\/post"}],"author":[{"embeddable":true,"href":"https:\/\/www.tgrthaber.com\/mavikadin\/wp-json\/wp\/v2\/users\/33"}],"replies":[{"embeddable":true,"href":"https:\/\/www.tgrthaber.com\/mavikadin\/wp-json\/wp\/v2\/comments?post=148999"}],"version-history":[{"count":1,"href":"https:\/\/www.tgrthaber.com\/mavikadin\/wp-json\/wp\/v2\/posts\/148999\/revisions"}],"predecessor-version":[{"id":149006,"href":"https:\/\/www.tgrthaber.com\/mavikadin\/wp-json\/wp\/v2\/posts\/148999\/revisions\/149006"}],"wp:featuredmedia":[{"embeddable":true,"href":"https:\/\/www.tgrthaber.com\/mavikadin\/wp-json\/wp\/v2\/media\/149000"}],"wp:attachment":[{"href":"https:\/\/www.tgrthaber.com\/mavikadin\/wp-json\/wp\/v2\/media?parent=148999"}],"wp:term":[{"taxonomy":"category","embeddable":true,"href":"https:\/\/www.tgrthaber.com\/mavikadin\/wp-json\/wp\/v2\/categories?post=148999"},{"taxonomy":"post_tag","embeddable":true,"href":"https:\/\/www.tgrthaber.com\/mavikadin\/wp-json\/wp\/v2\/tags?post=148999"}],"curies":[{"name":"wp","href":"https:\/\/api.w.org\/{rel}","templated":true}]}}