{"id":149035,"date":"2025-03-18T23:24:30","date_gmt":"2025-03-18T20:24:30","guid":{"rendered":"https:\/\/www.tgrthaber.com\/mavikadin\/?p=149035"},"modified":"2025-03-18T23:24:30","modified_gmt":"2025-03-18T20:24:30","slug":"selena-gomez-waverly-buyuculeri-degnegini-satisa-cikardi-oyle-bir-fiyat-bicti-ki","status":"publish","type":"post","link":"https:\/\/www.tgrthaber.com\/mavikadin\/selena-gomez-waverly-buyuculeri-degnegini-satisa-cikardi-oyle-bir-fiyat-bicti-ki\/","title":{"rendered":"Selena Gomez &#8220;Waverly B\u00fcy\u00fcc\u00fcleri&#8221; de\u011fne\u011fini sat\u0131\u015fa \u00e7\u0131kard\u0131! \u00d6yle bir fiyat bi\u00e7ti ki&#8230;"},"content":{"rendered":"<p>\u015eark\u0131lar\u0131yla ve oyunculu\u011fuyla d\u00fcnya \u00e7ap\u0131nda b\u00fcy\u00fck \u00fcne kavu\u015fan Selena Gomez, bir kozmetik markas\u0131yla ortak \u00e7al\u0131\u015fma ba\u015flatt\u0131. Ki\u015fisel e\u015fyalar\u0131n\u0131 ve koleksiyon par\u00e7alar\u0131n\u0131 sat\u0131\u015fa \u00e7\u0131karan Gomez&#8217;in sat\u0131\u015f fiyatlar\u0131 takip\u00e7ilerini \u015fa\u015f\u0131rtt\u0131.<\/p>\n<h3>SELENA GOMEZ&#8217;\u0130N E\u015eYALARI SATI\u015eTA<\/h3>\n<p>Kozmetik markas\u0131 Rare Beauty ile ortak kampanya ba\u015flatan Selena Gomez, ki\u015fisel e\u015fyalar\u0131n\u0131 bedava denilebilecek fiyatlardan sat\u0131\u015fa \u00e7\u0131kard\u0131. Gomez ilk g\u00fcn ba\u015flang\u0131\u00e7ta 3.250 dolar de\u011ferinde olan \u00f6zel bir Jacquie Aiche elmas y\u00fcz\u00fc\u011f\u00fcn\u00fc 12 dolara satt\u0131.<\/p>\n<p><img loading=\"lazy\" decoding=\"async\" class=\"alignnone wp-image-149037\" src=\"https:\/\/www.tgrthaber.com\/mavikadin\/wp-content\/uploads\/selena-gomez-6-300x200.jpg\" alt=\"\" width=\"1280\" height=\"853\" title=\"\" srcset=\"https:\/\/www.tgrthaber.com\/mavikadin\/wp-content\/uploads\/selena-gomez-6-300x200.jpg 300w, https:\/\/www.tgrthaber.com\/mavikadin\/wp-content\/uploads\/selena-gomez-6-1024x683.jpg 1024w, https:\/\/www.tgrthaber.com\/mavikadin\/wp-content\/uploads\/selena-gomez-6-768x512.jpg 768w, https:\/\/www.tgrthaber.com\/mavikadin\/wp-content\/uploads\/selena-gomez-6.jpg 1500w\" sizes=\"(max-width: 1280px) 100vw, 1280px\" \/><\/p>\n<hr \/>\n<p>\u00c7ekili\u015f usul\u00fcyle yap\u0131lan sat\u0131\u015flarda 12 g\u00fcnde 12 farkl\u0131 \u00fcr\u00fcn sat\u0131\u015fta olacak. &#8220;12 Days of Rare Stuff&#8221; ismiyle ba\u015flat\u0131lan kampanya kapsam\u0131nda \u00fcnl\u00fc \u015fark\u0131c\u0131 ve oyuncu Gomez&#8217;in ki\u015fisel e\u015fyalar\u0131 sat\u0131\u015fa \u00e7\u0131k\u0131yor.<\/p>\n<p><img loading=\"lazy\" decoding=\"async\" class=\"alignnone wp-image-149039\" src=\"https:\/\/www.tgrthaber.com\/mavikadin\/wp-content\/uploads\/selena-300x169.webp\" alt=\"\" width=\"1280\" height=\"720\" title=\"\" srcset=\"https:\/\/www.tgrthaber.com\/mavikadin\/wp-content\/uploads\/selena-300x169.webp 300w, https:\/\/www.tgrthaber.com\/mavikadin\/wp-content\/uploads\/selena-1024x576.webp 1024w, https:\/\/www.tgrthaber.com\/mavikadin\/wp-content\/uploads\/selena-768x432.webp 768w, https:\/\/www.tgrthaber.com\/mavikadin\/wp-content\/uploads\/selena-1536x864.webp 1536w, https:\/\/www.tgrthaber.com\/mavikadin\/wp-content\/uploads\/selena-2048x1152.webp 2048w\" sizes=\"(max-width: 1280px) 100vw, 1280px\" \/><\/p>\n<hr \/>\n<p>\u00dcnl\u00fc \u015fark\u0131c\u0131 Gomez, ni\u015fanl\u0131s\u0131 Benny Blanco ile birlikte yeni bir alb\u00fcme haz\u0131rlan\u0131yor. 21 Mart tarihinde m\u00fczikseverlerle bulu\u015facak I Said I Love You First isimli alb\u00fcm \u00f6ncesi tan\u0131t\u0131m \u00e7al\u0131\u015fmalar\u0131 da ba\u015flat\u0131ld\u0131. Gomez&#8217;in kendine ait e\u015fyalar\u0131n\u0131n sat\u0131\u015f\u0131 da bu kampanyan\u0131n bir par\u00e7as\u0131 olarak g\u00f6r\u00fcl\u00fcyor.<\/p>\n<h3>&#8220;WAVERLY B\u00dcY\u00dcC\u00dcLER\u0130&#8221; DE\u011eNE\u011e\u0130N\u0130 SATI\u015eA \u00c7IKARDI<\/h3>\n<p>Selena Gomez &#8220;12 Days of Rare Stuff&#8221; ad\u0131yla ba\u015flatt\u0131\u011f\u0131 kampanya kapsam\u0131nda her g\u00fcn bir ki\u015fisel \u00fcr\u00fcn\u00fcn\u00fc sat\u0131\u015fa \u00e7\u0131kart\u0131yor. Kampanyada di\u011fer g\u00fcn hangi \u00fcr\u00fcn\u00fcn sat\u0131\u015fa \u00e7\u0131kaca\u011f\u0131 bilinmiyor, \u00e7ekili\u015fin oldu\u011fu g\u00fcn a\u00e7\u0131klan\u0131yor.<\/p>\n<p><img loading=\"lazy\" decoding=\"async\" class=\"alignnone wp-image-149038\" src=\"https:\/\/www.tgrthaber.com\/mavikadin\/wp-content\/uploads\/selena-gomez1-300x169.webp\" alt=\"\" width=\"1280\" height=\"720\" title=\"\" srcset=\"https:\/\/www.tgrthaber.com\/mavikadin\/wp-content\/uploads\/selena-gomez1-300x169.webp 300w, https:\/\/www.tgrthaber.com\/mavikadin\/wp-content\/uploads\/selena-gomez1-1024x576.webp 1024w, https:\/\/www.tgrthaber.com\/mavikadin\/wp-content\/uploads\/selena-gomez1-768x432.webp 768w, https:\/\/www.tgrthaber.com\/mavikadin\/wp-content\/uploads\/selena-gomez1.webp 1200w\" sizes=\"(max-width: 1280px) 100vw, 1280px\" \/><\/p>\n<hr \/>\n<p>Gomez \u015fimdiye kadar elmas bir y\u00fcz\u00fc\u011f\u00fcn\u00fc, imzal\u0131 bir Coach \u00e7antas\u0131n\u0131, Fetish yaz\u0131l\u0131 bir neon tabelas\u0131n\u0131 ve son olarak Wizards of Waverly Place&#8217;deki Alex Russo rol\u00fcnden en ikonik aksesuarlardan biri olan asas\u0131n\u0131 satt\u0131.<\/p>\n<p>De\u011feri belki de bin hatta milyon dolarlarla \u00f6l\u00e7\u00fclebilecek e\u015fyalar\u0131n\u0131 sat\u0131\u015fa \u00e7\u0131kartan Gomez&#8217;in sat\u0131\u015f fiyatlar\u0131 da takip\u00e7ilerini \u015fa\u015f\u0131rtt\u0131.<\/p>\n<h3>DE\u011eERLER\u0130 \u015eA\u015eKINA \u00c7EV\u0130RD\u0130<\/h3>\n<p>Ni\u015fanl\u0131s\u0131yla 21 Mart&#8217;ta yeni bir alb\u00fcm yay\u0131nlamaya haz\u0131rlanan \u00fcnl\u00fc oyuncu ve \u015fark\u0131c\u0131 Selena Gomez, \u015fimdiye kadar 4 adet ki\u015fisel e\u015fyas\u0131n\u0131 hayranlar\u0131na satt\u0131.<\/p>\n<p><img loading=\"lazy\" decoding=\"async\" class=\"alignnone wp-image-149036\" src=\"https:\/\/www.tgrthaber.com\/mavikadin\/wp-content\/uploads\/selena-gomez-nisanlisi-300x300.avif\" alt=\"\" width=\"1280\" height=\"1280\" title=\"\" srcset=\"https:\/\/www.tgrthaber.com\/mavikadin\/wp-content\/uploads\/selena-gomez-nisanlisi-300x300.avif 300w, https:\/\/www.tgrthaber.com\/mavikadin\/wp-content\/uploads\/selena-gomez-nisanlisi-1024x1024.avif 1024w, https:\/\/www.tgrthaber.com\/mavikadin\/wp-content\/uploads\/selena-gomez-nisanlisi-150x150.avif 150w, https:\/\/www.tgrthaber.com\/mavikadin\/wp-content\/uploads\/selena-gomez-nisanlisi-768x768.avif 768w, https:\/\/www.tgrthaber.com\/mavikadin\/wp-content\/uploads\/selena-gomez-nisanlisi-1536x1536.avif 1536w, https:\/\/www.tgrthaber.com\/mavikadin\/wp-content\/uploads\/selena-gomez-nisanlisi-2048x2048.avif 2048w\" sizes=\"(max-width: 1280px) 100vw, 1280px\" \/><\/p>\n<hr \/>\n<p>Gomez, 3.250 dolar de\u011ferinde olan \u00f6zel bir Jacquie Aiche elmas y\u00fcz\u00fc\u011f\u00fcn\u00fc 12 dolara, duvar\u0131nda as\u0131l\u0131 olan neon bir tabelay\u0131 10 dolara ve &#8220;Waverly B\u00fcy\u00fcc\u00fcleri&#8221; dizisinde kulland\u0131\u011f\u0131 de\u011fne\u011fi de 4 dolara satt\u0131.<\/p>\n","protected":false},"excerpt":{"rendered":"<p>D\u00fcnyaca \u00fcnl\u00fc \u015fark\u0131c\u0131 ve oyuncu Selena Gomez, kozmetik markas\u0131 Rare Beauty arac\u0131l\u0131\u011f\u0131yla ba\u015flatt\u0131\u011f\u0131 kampanyayla ki\u015fisel e\u015fyalar\u0131n\u0131 \u00e7ok uygun fiyattan sat\u0131\u015fa \u00e7\u0131kard\u0131. Gomez &#8220;Waverly B\u00fcy\u00fcc\u00fcleri&#8221;nde kulland\u0131\u011f\u0131 de\u011fne\u011fi 4 dolara satt\u0131.<\/p>\n","protected":false},"author":33,"featured_media":149040,"comment_status":"closed","ping_status":"closed","sticky":false,"template":"","format":"standard","meta":{"rank_math_lock_modified_date":false,"footnotes":""},"categories":[76],"tags":[3756,14726],"class_list":["post-149035","post","type-post","status-publish","format-standard","has-post-thumbnail","hentry","category-magazin","tag-selena-gomez","tag-waverly-buyuculeri"],"_links":{"self":[{"href":"https:\/\/www.tgrthaber.com\/mavikadin\/wp-json\/wp\/v2\/posts\/149035"}],"collection":[{"href":"https:\/\/www.tgrthaber.com\/mavikadin\/wp-json\/wp\/v2\/posts"}],"about":[{"href":"https:\/\/www.tgrthaber.com\/mavikadin\/wp-json\/wp\/v2\/types\/post"}],"author":[{"embeddable":true,"href":"https:\/\/www.tgrthaber.com\/mavikadin\/wp-json\/wp\/v2\/users\/33"}],"replies":[{"embeddable":true,"href":"https:\/\/www.tgrthaber.com\/mavikadin\/wp-json\/wp\/v2\/comments?post=149035"}],"version-history":[{"count":1,"href":"https:\/\/www.tgrthaber.com\/mavikadin\/wp-json\/wp\/v2\/posts\/149035\/revisions"}],"predecessor-version":[{"id":149042,"href":"https:\/\/www.tgrthaber.com\/mavikadin\/wp-json\/wp\/v2\/posts\/149035\/revisions\/149042"}],"wp:featuredmedia":[{"embeddable":true,"href":"https:\/\/www.tgrthaber.com\/mavikadin\/wp-json\/wp\/v2\/media\/149040"}],"wp:attachment":[{"href":"https:\/\/www.tgrthaber.com\/mavikadin\/wp-json\/wp\/v2\/media?parent=149035"}],"wp:term":[{"taxonomy":"category","embeddable":true,"href":"https:\/\/www.tgrthaber.com\/mavikadin\/wp-json\/wp\/v2\/categories?post=149035"},{"taxonomy":"post_tag","embeddable":true,"href":"https:\/\/www.tgrthaber.com\/mavikadin\/wp-json\/wp\/v2\/tags?post=149035"}],"curies":[{"name":"wp","href":"https:\/\/api.w.org\/{rel}","templated":true}]}}