{"id":149191,"date":"2025-03-19T10:17:32","date_gmt":"2025-03-19T07:17:32","guid":{"rendered":"https:\/\/www.tgrthaber.com\/mavikadin\/?p=149191"},"modified":"2025-03-19T10:20:42","modified_gmt":"2025-03-19T07:20:42","slug":"safiye-soyman-seda-sayan-hakkinda-soke-eden-itirafta-bulundu-beni-kobay-olarak-kullaniyor","status":"publish","type":"post","link":"https:\/\/www.tgrthaber.com\/mavikadin\/safiye-soyman-seda-sayan-hakkinda-soke-eden-itirafta-bulundu-beni-kobay-olarak-kullaniyor\/","title":{"rendered":"Safiye Soyman Seda Sayan hakk\u0131nda \u015foke eden itirafta bulundu &#8216;Beni kobay olarak kullan\u0131yor&#8217;"},"content":{"rendered":"<p>T\u00fcrk Sanat M\u00fczi\u011fi sanat\u00e7\u0131s\u0131 Safiye Soyman yak\u0131n arkada\u015f\u0131 Seda Sayan gibi yapt\u0131rd\u0131\u011f\u0131 estetiklerle zaman zaman ad\u0131ndan s\u00f6z ettiriyor. \u00d6nceki ak\u015fam Tarabya&#8217;da g\u00f6r\u00fcnt\u00fclenen Safiye Soyman, Seda Sayan itiraf\u0131yla g\u00fcndem oldu.<\/p>\n<h3>SAF\u0130YE SOYMAN \u015eOKE EDEN B\u0130R \u0130T\u0130RAFTA BULUNDU<\/h3>\n<p>61 ya\u015f\u0131ndaki \u015fark\u0131c\u0131 Seda Sayan, gen\u00e7le\u015fmek ad\u0131na yapt\u0131rd\u0131\u011f\u0131 estetiklerle her zaman sosyal medyan\u0131n g\u00fcndeminde olmay\u0131 ba\u015fard\u0131. Yak\u0131n arkada\u015f\u0131 Safiye Soyman da zaman zaman yapt\u0131rd\u0131\u011f\u0131 estetiklerle dikkat \u00e7ekiyor.<br \/>\nAdeta estetik ba\u011f\u0131ml\u0131s\u0131 olan Seda Sayan frans\u0131z ask\u0131s\u0131ndan gen\u00e7lik iksiri olarak bilinen s\u00fcnnet derisine kadar neredeyse her \u015feyi denedi.<\/p>\n<p><img loading=\"lazy\" decoding=\"async\" class=\"alignnone size-full wp-image-149192\" src=\"https:\/\/www.tgrthaber.com\/mavikadin\/wp-content\/uploads\/Seda-sayan-3-3.jpg\" alt=\"\" width=\"1208\" height=\"680\" title=\"\" srcset=\"https:\/\/www.tgrthaber.com\/mavikadin\/wp-content\/uploads\/Seda-sayan-3-3.jpg 1208w, https:\/\/www.tgrthaber.com\/mavikadin\/wp-content\/uploads\/Seda-sayan-3-3-300x169.jpg 300w, https:\/\/www.tgrthaber.com\/mavikadin\/wp-content\/uploads\/Seda-sayan-3-3-1024x576.jpg 1024w, https:\/\/www.tgrthaber.com\/mavikadin\/wp-content\/uploads\/Seda-sayan-3-3-768x432.jpg 768w\" sizes=\"(max-width: 1208px) 100vw, 1208px\" \/><\/p>\n<hr \/>\n<p>Sayan, ge\u00e7en aylarda da yeni do\u011fan bebeklerin g\u00f6bek ba\u011f\u0131ndan yap\u0131lan &#8216;Alt\u0131n Eksozom&#8217; y\u00f6ntemini denemeye ba\u015flad\u0131\u011f\u0131n\u0131 payla\u015fm\u0131\u015ft\u0131.<\/p>\n<p>Safiye Soyman da son zamanlarda yak\u0131n arkada\u015f\u0131 Seda Sayan ile birlikte estetik yapt\u0131rmaya ba\u015flad\u0131. \u00d6nceki ak\u015fam Tarabya&#8217;da Safiye Soyman kameralara yakaland\u0131.<\/p>\n<p><img loading=\"lazy\" decoding=\"async\" class=\"alignnone size-full wp-image-149194\" src=\"https:\/\/www.tgrthaber.com\/mavikadin\/wp-content\/uploads\/Seda-Sayan-6.jpg\" alt=\"\" width=\"1208\" height=\"680\" title=\"\" srcset=\"https:\/\/www.tgrthaber.com\/mavikadin\/wp-content\/uploads\/Seda-Sayan-6.jpg 1208w, https:\/\/www.tgrthaber.com\/mavikadin\/wp-content\/uploads\/Seda-Sayan-6-300x169.jpg 300w, https:\/\/www.tgrthaber.com\/mavikadin\/wp-content\/uploads\/Seda-Sayan-6-1024x576.jpg 1024w, https:\/\/www.tgrthaber.com\/mavikadin\/wp-content\/uploads\/Seda-Sayan-6-768x432.jpg 768w\" sizes=\"(max-width: 1208px) 100vw, 1208px\" \/><\/p>\n<hr \/>\n<h3>&#8220;SEDA, BEN\u0130 KOBAY OLARAK KULLANIYOR&#8221;<\/h3>\n<p>S\u0131k s\u0131k estetik yapt\u0131ran Safiye Soyman, &#8220;Seda, beni kobay olarak kullan\u0131yor. \u00d6nce ben yapt\u0131r\u0131yorum. Sonra diyorum ki buras\u0131 \u00e7ok iyi Sedac\u0131\u011f\u0131m. Sonra o da gidiyor yapt\u0131r\u0131yor&#8221; a\u00e7\u0131klamas\u0131nda bulundu.<\/p>\n<p><img loading=\"lazy\" decoding=\"async\" class=\"alignnone size-full wp-image-149196\" src=\"https:\/\/www.tgrthaber.com\/mavikadin\/wp-content\/uploads\/Seda-sayan-1-1.jpg\" alt=\"\" width=\"1208\" height=\"680\" title=\"\" srcset=\"https:\/\/www.tgrthaber.com\/mavikadin\/wp-content\/uploads\/Seda-sayan-1-1.jpg 1208w, https:\/\/www.tgrthaber.com\/mavikadin\/wp-content\/uploads\/Seda-sayan-1-1-300x169.jpg 300w, https:\/\/www.tgrthaber.com\/mavikadin\/wp-content\/uploads\/Seda-sayan-1-1-1024x576.jpg 1024w, https:\/\/www.tgrthaber.com\/mavikadin\/wp-content\/uploads\/Seda-sayan-1-1-768x432.jpg 768w\" sizes=\"(max-width: 1208px) 100vw, 1208px\" \/><\/p>\n<hr \/>\n<p>Seda Sayan, hem projeleriyle, hem de \u00f6zel hayat\u0131yla magazin g\u00fcndeminde s\u0131k s\u0131k yer al\u0131yor. 2022 y\u0131l\u0131nda kendisinden ya\u015f\u00e7a k\u00fc\u00e7\u00fck \u00c7a\u011flar \u00d6kten ile d\u00fcnyaevine giren Seda Sayan e\u015fiyle mutluk pozlar\u0131n\u0131 sosyal medya hesab\u0131ndan payla\u015fmay\u0131 ihmal etmiyor.<\/p>\n<p><img loading=\"lazy\" decoding=\"async\" class=\"alignnone size-full wp-image-149197\" src=\"https:\/\/www.tgrthaber.com\/mavikadin\/wp-content\/uploads\/Seda-sayan-5-1.jpg\" alt=\"\" width=\"1208\" height=\"680\" title=\"\" srcset=\"https:\/\/www.tgrthaber.com\/mavikadin\/wp-content\/uploads\/Seda-sayan-5-1.jpg 1208w, https:\/\/www.tgrthaber.com\/mavikadin\/wp-content\/uploads\/Seda-sayan-5-1-300x169.jpg 300w, https:\/\/www.tgrthaber.com\/mavikadin\/wp-content\/uploads\/Seda-sayan-5-1-1024x576.jpg 1024w, https:\/\/www.tgrthaber.com\/mavikadin\/wp-content\/uploads\/Seda-sayan-5-1-768x432.jpg 768w\" sizes=\"(max-width: 1208px) 100vw, 1208px\" \/><\/p>\n<hr \/>\n<p>Evliliklerini dolu dizgin ya\u015fayarak dikkat \u00e7eken \u00e7ift romantik payla\u015f\u0131mlar\u0131yla be\u011feni topluyor. Son olarak \u00c7a\u011flar \u00d6kten&#8217;in e\u015fi i\u00e7in ald\u0131\u011f\u0131 Sevgililer G\u00fcn\u00fc \u00e7i\u00e7e\u011fi sosyal medyada g\u00fcndem oldu.<\/p>\n<p>Sayan, \u00e7i\u00e7e\u011fini hesab\u0131nda payla\u015farak, &#8220;Sevgilim. 3 y\u0131l \u00f6nce bug\u00fcn evlilik teklifi ald\u0131\u011f\u0131m g\u00fcn.&#8221; notunu d\u00fc\u015ft\u00fc.<\/p>\n<p><img loading=\"lazy\" decoding=\"async\" class=\"alignnone size-full wp-image-149198\" src=\"https:\/\/www.tgrthaber.com\/mavikadin\/wp-content\/uploads\/Seda-sayan-6-1.jpg\" alt=\"\" width=\"1208\" height=\"680\" title=\"\" srcset=\"https:\/\/www.tgrthaber.com\/mavikadin\/wp-content\/uploads\/Seda-sayan-6-1.jpg 1208w, https:\/\/www.tgrthaber.com\/mavikadin\/wp-content\/uploads\/Seda-sayan-6-1-300x169.jpg 300w, https:\/\/www.tgrthaber.com\/mavikadin\/wp-content\/uploads\/Seda-sayan-6-1-1024x576.jpg 1024w, https:\/\/www.tgrthaber.com\/mavikadin\/wp-content\/uploads\/Seda-sayan-6-1-768x432.jpg 768w\" sizes=\"(max-width: 1208px) 100vw, 1208px\" \/><\/p>\n<hr \/>\n<h3>M\u0130LYON DOLARLIK V\u0130LLASI D\u0130KKAT \u00c7EKM\u0130\u015eT\u0130!<\/h3>\n<p>Seda Sayan 4 milyon dolara ald\u0131\u011f\u0131 l\u00fcks villas\u0131yla da g\u00fcndeme gelmi\u015fti. \u00dcnl\u00fc isim villas\u0131n\u0131 kendi zevkine g\u00f6re d\u00f6\u015feyerek sosyal medyada \u00e7ok konu\u015fulmu\u015ftu.<\/p>\n","protected":false},"excerpt":{"rendered":"<p>Safiye Soyman Seda Sayan i\u00e7in \u015foke eden bir itirafta bulundu. Yak\u0131n arkada\u015f oldu\u011fu bilinen ikiliden Soyman da Seda Sayan gibi yapt\u0131rd\u0131\u011f\u0131 estetiklerle zaman zaman g\u00fcndeme geliyor.<\/p>\n","protected":false},"author":5,"featured_media":149193,"comment_status":"closed","ping_status":"closed","sticky":false,"template":"","format":"standard","meta":{"rank_math_lock_modified_date":false,"footnotes":""},"categories":[76],"tags":[2811,12351],"class_list":["post-149191","post","type-post","status-publish","format-standard","has-post-thumbnail","hentry","category-magazin","tag-seda-sayan","tag-seda-sayan-safiye-soyman"],"_links":{"self":[{"href":"https:\/\/www.tgrthaber.com\/mavikadin\/wp-json\/wp\/v2\/posts\/149191"}],"collection":[{"href":"https:\/\/www.tgrthaber.com\/mavikadin\/wp-json\/wp\/v2\/posts"}],"about":[{"href":"https:\/\/www.tgrthaber.com\/mavikadin\/wp-json\/wp\/v2\/types\/post"}],"author":[{"embeddable":true,"href":"https:\/\/www.tgrthaber.com\/mavikadin\/wp-json\/wp\/v2\/users\/5"}],"replies":[{"embeddable":true,"href":"https:\/\/www.tgrthaber.com\/mavikadin\/wp-json\/wp\/v2\/comments?post=149191"}],"version-history":[{"count":4,"href":"https:\/\/www.tgrthaber.com\/mavikadin\/wp-json\/wp\/v2\/posts\/149191\/revisions"}],"predecessor-version":[{"id":149202,"href":"https:\/\/www.tgrthaber.com\/mavikadin\/wp-json\/wp\/v2\/posts\/149191\/revisions\/149202"}],"wp:featuredmedia":[{"embeddable":true,"href":"https:\/\/www.tgrthaber.com\/mavikadin\/wp-json\/wp\/v2\/media\/149193"}],"wp:attachment":[{"href":"https:\/\/www.tgrthaber.com\/mavikadin\/wp-json\/wp\/v2\/media?parent=149191"}],"wp:term":[{"taxonomy":"category","embeddable":true,"href":"https:\/\/www.tgrthaber.com\/mavikadin\/wp-json\/wp\/v2\/categories?post=149191"},{"taxonomy":"post_tag","embeddable":true,"href":"https:\/\/www.tgrthaber.com\/mavikadin\/wp-json\/wp\/v2\/tags?post=149191"}],"curies":[{"name":"wp","href":"https:\/\/api.w.org\/{rel}","templated":true}]}}