{"id":149230,"date":"2025-03-19T12:00:36","date_gmt":"2025-03-19T09:00:36","guid":{"rendered":"https:\/\/www.tgrthaber.com\/mavikadin\/?p=149230"},"modified":"2025-03-19T12:04:27","modified_gmt":"2025-03-19T09:04:27","slug":"esref-ruya-dizisinin-esrefi-gercek-hayatta-kimi-anlatiyor-esref-ruya-dizisindeki-esref-kimdir","status":"publish","type":"post","link":"https:\/\/www.tgrthaber.com\/mavikadin\/esref-ruya-dizisinin-esrefi-gercek-hayatta-kimi-anlatiyor-esref-ruya-dizisindeki-esref-kimdir\/","title":{"rendered":"E\u015fref R\u00fcya dizisinin E\u015fref\u2019i ger\u00e7ek hayatta kimi anlat\u0131yor? E\u015fref R\u00fcya dizisindeki E\u015fref kimdir?"},"content":{"rendered":"<p>Kanal D ekranlar\u0131n\u0131n iddial\u0131 dizileri aras\u0131nda yer alan E\u015fref R\u00fcya dizisi konusu ve g\u00fc\u00e7l\u00fc oyuncu kadrosuyla dikkat \u00e7ekiyor. Birbirinden ba\u015far\u0131l\u0131 oyuncular\u0131n bir araya geldi\u011fi dizide karakterlerin kim oldu\u011fu da merak ediliyor. Dizideki E\u015fref karakterinin ger\u00e7ek hayatta kim oldu\u011fu da merak edilenler aras\u0131nda yer al\u0131yor. Peki, E\u015fref karakteri ger\u00e7ek hayatta kimdir? E\u015fref R\u00fcya dizisindeki E\u015fref kimdir? E\u015fref R\u00fcya dizisindeki E\u015fref\u2019i kim oynuyor? E\u015fref R\u00fcya dizisindeki E\u015fref karakteri hakk\u0131nda merak edilenleri sizin i\u00e7in ara\u015ft\u0131rd\u0131k. \u0130\u015fte E\u015fref R\u00fcya dizisinin E\u015fref\u2019ine dair merak edilenler\u2026<\/p>\n<h3>E\u015eREF R\u00dcYA D\u0130Z\u0130S\u0130N\u0130N E\u015eREF\u2019\u0130 GER\u00c7EK HAYATTA K\u0130M\u0130 ANLATIYOR?<\/h3>\n<p>Kanal D ekranlar\u0131n\u0131n iddial\u0131 dizileri aras\u0131nda yer alan \u201cE\u015fref R\u00fcya\u201d dizisi, konusu ve g\u00fc\u00e7l\u00fc oyuncu kadrosuyla dikkatleri \u00fczerine \u00e7ekiyor. Dizide yer alan karakterlerin ise ger\u00e7ek hayatta kimi anlatt\u0131\u011f\u0131 merak ediliyor. \u00d6zellikle de E\u015fref R\u00fcya dizisinin E\u015fref\u2019inin ger\u00e7ek hayatta kimi anlatt\u0131\u011f\u0131 merak edilenler aras\u0131nda yer al\u0131yor. Mafya ve a\u015fk temalar\u0131n\u0131n \u00f6n plana \u00e7\u0131kt\u0131\u011f\u0131 E\u015fref R\u00fcya dizisi tamamen kurgusal bir hik\u00e2yeye dayan\u0131yor.<\/p>\n<p><img loading=\"lazy\" decoding=\"async\" class=\"alignnone wp-image-149237\" src=\"https:\/\/www.tgrthaber.com\/mavikadin\/wp-content\/uploads\/Esref-Ruya-6-2-1024x576.jpg\" alt=\"E\u015fref R\u00fcya dizisinin E\u015fref\u2019i ger\u00e7ek hayatta kimi anlat\u0131yor? \" width=\"1208\" height=\"680\" title=\"\" srcset=\"https:\/\/www.tgrthaber.com\/mavikadin\/wp-content\/uploads\/Esref-Ruya-6-2-1024x576.jpg 1024w, https:\/\/www.tgrthaber.com\/mavikadin\/wp-content\/uploads\/Esref-Ruya-6-2-300x169.jpg 300w, https:\/\/www.tgrthaber.com\/mavikadin\/wp-content\/uploads\/Esref-Ruya-6-2-768x432.jpg 768w, https:\/\/www.tgrthaber.com\/mavikadin\/wp-content\/uploads\/Esref-Ruya-6-2-1536x864.jpg 1536w, https:\/\/www.tgrthaber.com\/mavikadin\/wp-content\/uploads\/Esref-Ruya-6-2.jpg 1600w\" sizes=\"(max-width: 1208px) 100vw, 1208px\" \/><\/p>\n<hr \/>\n<p>E\u015fref R\u00fcya dizisinin E\u015fref\u2019i de dizinin hikayesi gibi kurgusal bir karakter olarak kar\u015f\u0131m\u0131za \u00e7\u0131k\u0131yor. Ethem \u00d6z\u0131\u015f\u0131k ve Lokman Maral\u2019\u0131n kaleme ald\u0131\u011f\u0131 dizide E\u015fref karakterinin ger\u00e7ek hayatta kimi anlatt\u0131\u011f\u0131 bilinmiyor. Kurgusal bir temele dayanan dizide, E\u015fref karakterinin kimsesizlikten su\u00e7 d\u00fcnyas\u0131na uzanan yolculu\u011fu ve ya\u015fad\u0131\u011f\u0131 imk\u00e2ns\u0131z a\u015fk, ger\u00e7ek hayattan uyarlanm\u0131\u015f gibi hissettiriyor. Dizinin konusu ne kadar g\u00fc\u00e7l\u00fc olsa da E\u015fref karakteri, sadece senaristlerin hayal g\u00fcc\u00fcne dayan\u0131yor.<\/p>\n<h3>E\u015eREF R\u00dcYA D\u0130Z\u0130S\u0130NDEK\u0130 E\u015eREF K\u0130MD\u0130R?<\/h3>\n<p>Kanal D ekranlar\u0131n\u0131n yay\u0131n hayat\u0131na yeni ba\u015flayan dizisi E\u015fref R\u00fcya, izleyiciyi ekran ba\u015f\u0131na kilitlemeye haz\u0131rlan\u0131yor. G\u00fc\u00e7l\u00fc oyuncu kadrosu ve etkileyici hikayesiyle dikkat \u00e7eken dizide E\u015fref karakterinin kim oldu\u011fu da merak ediliyor. Yo\u011fun bir haz\u0131rl\u0131k s\u00fcrecinin ard\u0131ndan ge\u00e7en E\u015fref R\u00fcya dizisinde E\u015fref karakterini ba\u015far\u0131l\u0131 ve yak\u0131\u015f\u0131kl\u0131 oyuncu \u00c7a\u011fatay Ulusoy oynuyor. E\u015fref karakteriyle ekranlara d\u00f6nen Ulusoy\u2019un oynad\u0131\u011f\u0131 karakter merak ediliyor.<\/p>\n<p><img loading=\"lazy\" decoding=\"async\" class=\"alignnone wp-image-149239\" src=\"https:\/\/www.tgrthaber.com\/mavikadin\/wp-content\/uploads\/Esref-Ruya-10-1024x576.jpg\" alt=\"E\u015fref R\u00fcya dizisinin E\u015fref\u2019i ger\u00e7ek hayatta kimi anlat\u0131yor? \" width=\"1208\" height=\"680\" title=\"\" srcset=\"https:\/\/www.tgrthaber.com\/mavikadin\/wp-content\/uploads\/Esref-Ruya-10-1024x576.jpg 1024w, https:\/\/www.tgrthaber.com\/mavikadin\/wp-content\/uploads\/Esref-Ruya-10-300x169.jpg 300w, https:\/\/www.tgrthaber.com\/mavikadin\/wp-content\/uploads\/Esref-Ruya-10-768x432.jpg 768w, https:\/\/www.tgrthaber.com\/mavikadin\/wp-content\/uploads\/Esref-Ruya-10-1536x864.jpg 1536w, https:\/\/www.tgrthaber.com\/mavikadin\/wp-content\/uploads\/Esref-Ruya-10.jpg 1600w\" sizes=\"(max-width: 1208px) 100vw, 1208px\" \/><\/p>\n<hr \/>\n<p>E\u015fref R\u00fcya dizisindeki E\u015fref karakteri, \u0130stanbul\u2019da \u201cYetimler\u201d olarak bilinen g\u00fc\u00e7l\u00fc bir su\u00e7 \u00f6rg\u00fct\u00fcn\u00fcn \u00fcyesi olarak kar\u015f\u0131m\u0131za \u00e7\u0131k\u0131yor. E\u015fref, ciddi, a\u011f\u0131rba\u015fl\u0131 ve az konu\u015fan fakat sert g\u00f6r\u00fcn\u00fcm\u00fcn\u00fcn alt\u0131nda derin bir duygu d\u00fcnyas\u0131 sakl\u0131 bir adam olarak izleyici kar\u015f\u0131s\u0131na \u00e7\u0131k\u0131yor. E\u015fref, \u0130stanbul\u2019un g\u00f6be\u011findeki l\u00fcks Ravena Bosphorus Hotel\u2019in sahibidir. E\u015fref, her ne kadar sonsuz bir para ve g\u00fcce sahip olsa da b\u0131k\u0131p usanmadan her k\u00f6\u015fede b\u00fcy\u00fck a\u015fk\u0131 R\u00fcya\u2019s\u0131n\u0131 aramaktan vazge\u00e7mez.<\/p>\n<p><img loading=\"lazy\" decoding=\"async\" class=\"alignnone wp-image-149244\" src=\"https:\/\/www.tgrthaber.com\/mavikadin\/wp-content\/uploads\/Esref-Ruya-7-2-1024x576.jpg\" alt=\"E\u015fref R\u00fcya dizisinin E\u015fref\u2019i ger\u00e7ek hayatta kimi anlat\u0131yor? \" width=\"1208\" height=\"680\" title=\"\" srcset=\"https:\/\/www.tgrthaber.com\/mavikadin\/wp-content\/uploads\/Esref-Ruya-7-2-1024x576.jpg 1024w, https:\/\/www.tgrthaber.com\/mavikadin\/wp-content\/uploads\/Esref-Ruya-7-2-300x169.jpg 300w, https:\/\/www.tgrthaber.com\/mavikadin\/wp-content\/uploads\/Esref-Ruya-7-2-768x432.jpg 768w, https:\/\/www.tgrthaber.com\/mavikadin\/wp-content\/uploads\/Esref-Ruya-7-2-1536x864.jpg 1536w, https:\/\/www.tgrthaber.com\/mavikadin\/wp-content\/uploads\/Esref-Ruya-7-2.jpg 1600w\" sizes=\"(max-width: 1208px) 100vw, 1208px\" \/><\/p>\n<hr \/>\n<h3>E\u015eREF R\u00dcYA D\u0130Z\u0130S\u0130NDEK\u0130 E\u015eREF\u2019\u0130 K\u0130M OYNUYOR?<\/h3>\n<p>Kanal D ekranlar\u0131n\u0131n b\u00fcy\u00fck bir ilgi toplayan dizisi E\u015fref R\u00fcya\u2019da \u201cE\u015fref\u201d karakterini ba\u015far\u0131l\u0131 ve yak\u0131\u015f\u0131kl\u0131 oyuncu \u00c7a\u011fatay Ulusoy oynuyor. Uzun bir s\u00fcredir ekranlardan uzak kalan Ulusoy, E\u015fref karakteriyle izleyici ile bulu\u015fuyor. E\u015fref karakteriyle ekranlara d\u00f6nen Ulusoy\u2019un \u00f6zel hayat\u0131 da merak ediliyor.<\/p>\n<p>Ekranlara yeni bir soluk getirecek E\u015fref R\u00fcya dizisi, E\u015fref\u2019in gizemli d\u00fcnyas\u0131n\u0131n kap\u0131lar\u0131n\u0131n Nisan\u2019la kar\u015f\u0131la\u015fmas\u0131n\u0131n ard\u0131ndan yeniden a\u015fka a\u00e7\u0131lmas\u0131yla b\u00fcy\u00fck bir seyir zevki ya\u015fatmaya haz\u0131rlan\u0131yor.<\/p>\n<p><img loading=\"lazy\" decoding=\"async\" class=\"alignnone wp-image-149242\" src=\"https:\/\/www.tgrthaber.com\/mavikadin\/wp-content\/uploads\/Esref-Ruya-8-1-1024x576.jpg\" alt=\"E\u015fref R\u00fcya dizisinin E\u015fref\u2019i ger\u00e7ek hayatta kimi anlat\u0131yor? \" width=\"1208\" height=\"680\" title=\"\" srcset=\"https:\/\/www.tgrthaber.com\/mavikadin\/wp-content\/uploads\/Esref-Ruya-8-1-1024x576.jpg 1024w, https:\/\/www.tgrthaber.com\/mavikadin\/wp-content\/uploads\/Esref-Ruya-8-1-300x169.jpg 300w, https:\/\/www.tgrthaber.com\/mavikadin\/wp-content\/uploads\/Esref-Ruya-8-1-768x432.jpg 768w, https:\/\/www.tgrthaber.com\/mavikadin\/wp-content\/uploads\/Esref-Ruya-8-1-1536x864.jpg 1536w, https:\/\/www.tgrthaber.com\/mavikadin\/wp-content\/uploads\/Esref-Ruya-8-1.jpg 1600w\" sizes=\"(max-width: 1208px) 100vw, 1208px\" \/><\/p>\n<hr \/>\n<p>\u00c7a\u011fatay Ulusoy, dizide g\u00f6z\u00fc kara, paras\u0131 ve her \u015feyi olan ama ismini bilmedi\u011fi bir a\u015fk\u0131n esiri E\u015fref\u2019i oynarken, Demet \u00d6zdemir ise R\u00fcya\u2019dan sonra E\u015fref\u2019in kalbini ilk defa att\u0131ran gen\u00e7 m\u00fczisyen Nisan rol\u00fcn\u00fc oynuyor. Zorlu bir d\u00fcnya i\u00e7erisinde g\u00fc\u00e7 dengelerini de\u011fi\u015ftiren E\u015fref\u2019in en b\u00fcy\u00fck zaaf\u0131, y\u0131llard\u0131r i\u00e7inde b\u00fcy\u00fctt\u00fc\u011f\u00fc a\u015fk oluyor.<\/p>\n<p>Kalbindeki derin yara ise Nisan\u2019\u0131n geli\u015fi ile ilk kez iyile\u015fmeye ba\u015fl\u0131yor. Bir yanda yeralt\u0131 \u00f6rg\u00fctlerinin ba\u015f\u0131nda olmak gibi a\u011f\u0131r bir sorumluluk ta\u015f\u0131yan E\u015fref\u2019in di\u011fer yanda hep istedi\u011fi huzur aray\u0131\u015f\u0131 bitmek bilmiyor. Kar\u015f\u0131s\u0131na beklenmedik bir anda \u00e7\u0131kan Nisan ise onu tahmin edilemeyecek bir r\u00fczg\u00e2r\u0131n i\u00e7ine s\u00fcr\u00fckl\u00fcyor.<\/p>\n<p><img loading=\"lazy\" decoding=\"async\" class=\"alignnone wp-image-149245\" src=\"https:\/\/www.tgrthaber.com\/mavikadin\/wp-content\/uploads\/Esref-Ruya-5-3-1024x576.jpg\" alt=\"E\u015fref R\u00fcya dizisinin E\u015fref\u2019i ger\u00e7ek hayatta kimi anlat\u0131yor? \" width=\"1208\" height=\"680\" title=\"\" srcset=\"https:\/\/www.tgrthaber.com\/mavikadin\/wp-content\/uploads\/Esref-Ruya-5-3-1024x576.jpg 1024w, https:\/\/www.tgrthaber.com\/mavikadin\/wp-content\/uploads\/Esref-Ruya-5-3-300x169.jpg 300w, https:\/\/www.tgrthaber.com\/mavikadin\/wp-content\/uploads\/Esref-Ruya-5-3-768x432.jpg 768w, https:\/\/www.tgrthaber.com\/mavikadin\/wp-content\/uploads\/Esref-Ruya-5-3-1536x864.jpg 1536w, https:\/\/www.tgrthaber.com\/mavikadin\/wp-content\/uploads\/Esref-Ruya-5-3.jpg 1600w\" sizes=\"(max-width: 1208px) 100vw, 1208px\" \/><\/p>\n<hr \/>\n<h3>E\u015eREF R\u00dcYA D\u0130Z\u0130S\u0130N\u0130N E\u015eREF\u2019\u0130 \u00c7A\u011eATAY ULUSOY K\u0130MD\u0130R?<\/h3>\n<p>\u00c7a\u011fatay Ulusoy, 23 Eyl\u00fcl 1990 tarihinde \u0130stanbul\u2019da d\u00fcnyaya geldi. Anne taraf\u0131 Bo\u015fnak, baba taraf\u0131 Bulgaristan g\u00f6\u00e7meni bir ailede do\u011fan Ulusoy, ilkokul, ortaokul ve lise e\u011fitimini ba\u015far\u0131yla tamamlad\u0131. \u00dcniversite e\u011fitimini \u0130stanbul \u00dcniversitesi Orman Fak\u00fcltesi Sulama Sistemleri B\u00f6l\u00fcm\u00fcnde tamamlayan Ulusoy, 2010 y\u0131l\u0131nda \u201cBest Model of Turkey\u201d birincisi oldu.<\/p>\n<p>Ba\u015far\u0131l\u0131 e\u011fitim hayat\u0131n\u0131n yan\u0131 s\u0131ra Ayla Algan\u2019dan oyunculuk dersi alan \u00c7a\u011fatay Ulusoy, ilk profesyonel oyunculuk deneyimini Show TV ekranlar\u0131nda izleyici kar\u015f\u0131s\u0131na \u00e7\u0131kan \u201cAd\u0131n\u0131 Feriha Koydum\u201d dizisinde \u201cEmir Sarrafo\u011flu\u201d karakteriyle ger\u00e7ekle\u015ftirdi. \u0130lk oyunculuk deneyimiyle b\u00fcy\u00fck bir ilgi g\u00f6ren Ulusoy, sonras\u0131nda bir\u00e7ok dizi ve film projesinde yer ald\u0131.<\/p>\n<p><img loading=\"lazy\" decoding=\"async\" class=\"alignnone wp-image-149246\" src=\"https:\/\/www.tgrthaber.com\/mavikadin\/wp-content\/uploads\/Esref-Ruya-4-2-1024x576.jpg\" alt=\"E\u015fref R\u00fcya dizisinin E\u015fref\u2019i ger\u00e7ek hayatta kimi anlat\u0131yor? \" width=\"1208\" height=\"680\" title=\"\" srcset=\"https:\/\/www.tgrthaber.com\/mavikadin\/wp-content\/uploads\/Esref-Ruya-4-2-1024x576.jpg 1024w, https:\/\/www.tgrthaber.com\/mavikadin\/wp-content\/uploads\/Esref-Ruya-4-2-300x169.jpg 300w, https:\/\/www.tgrthaber.com\/mavikadin\/wp-content\/uploads\/Esref-Ruya-4-2-768x432.jpg 768w, https:\/\/www.tgrthaber.com\/mavikadin\/wp-content\/uploads\/Esref-Ruya-4-2-1536x864.jpg 1536w, https:\/\/www.tgrthaber.com\/mavikadin\/wp-content\/uploads\/Esref-Ruya-4-2.jpg 1600w\" sizes=\"(max-width: 1208px) 100vw, 1208px\" \/><\/p>\n<hr \/>\n<p>\u00c7a\u011fatay Ulusoy, 2013-2015 y\u0131llar\u0131 aras\u0131nda Star TV ekranlar\u0131nda yay\u0131nlanan \u201cMedcezir\u201d dizisindeki \u201cYaman Koper\u201d karakteriyle pop\u00fclerli\u011fini art\u0131rd\u0131. Daha sonra \u201c\u0130\u00e7erde\u201d ve \u201cGaddar\u201d gibi dizilerle izleyici kar\u015f\u0131s\u0131na \u00e7\u0131kan Ulusoy, dijital platformlarda da olduk\u00e7a ba\u015far\u0131l\u0131 i\u015flere imza att\u0131.<\/p>\n<p>\u00d6zellikle \u201cHakan Muhaf\u0131z\u201d dizisiyle uluslararas\u0131 \u00f6l\u00e7ekte b\u00fcy\u00fck bir \u00fcn kazanan Ulusoy, \u201cTerzi\u201d, \u201cK\u00fcbra\u201d, \u201cKa\u011f\u0131ttan Hayatlar\u201d ve \u201cTam Bir Centilmen\u201d gibi projelerle de ad\u0131ndan s\u0131k\u00e7a s\u00f6z ettirdi. \u015eimdilerde ise Kanal D ekranlar\u0131nda \u201cE\u015fref R\u00fcya\u201d dizisinde izleyici kar\u015f\u0131s\u0131na \u00e7\u0131kan Ulusoy, \u201cE\u015fref\u201d karakteriyle b\u00fcy\u00fck bir ilgi topluyor.<\/p>\n","protected":false},"excerpt":{"rendered":"<p>Kanal D ekranlar\u0131nda izleyici kar\u015f\u0131s\u0131na \u00e7\u0131kan E\u015fref R\u00fcya dizisi konusu ve g\u00fc\u00e7l\u00fc oyuncu kadrosuyla dikkat \u00e7ekiyor. Dizideki E\u015fref karakterinin ger\u00e7ek hayatta kim oldu\u011fu merak ediliyor. Peki, E\u015fref R\u00fcya dizisindeki E\u015fref kimdir? \u0130\u015fte detaylar\u2026<\/p>\n","protected":false},"author":26,"featured_media":149233,"comment_status":"closed","ping_status":"closed","sticky":false,"template":"","format":"standard","meta":{"rank_math_lock_modified_date":false,"footnotes":""},"categories":[491],"tags":[4755,12293,11026,4756,14767],"class_list":["post-149230","post","type-post","status-publish","format-standard","has-post-thumbnail","hentry","category-biyografi","tag-esref-ruya","tag-esref-ruya-cagatay-ulusoy","tag-esref-ruya-dizi","tag-esref-ruya-dizisi","tag-esref-ruya-esref"],"_links":{"self":[{"href":"https:\/\/www.tgrthaber.com\/mavikadin\/wp-json\/wp\/v2\/posts\/149230"}],"collection":[{"href":"https:\/\/www.tgrthaber.com\/mavikadin\/wp-json\/wp\/v2\/posts"}],"about":[{"href":"https:\/\/www.tgrthaber.com\/mavikadin\/wp-json\/wp\/v2\/types\/post"}],"author":[{"embeddable":true,"href":"https:\/\/www.tgrthaber.com\/mavikadin\/wp-json\/wp\/v2\/users\/26"}],"replies":[{"embeddable":true,"href":"https:\/\/www.tgrthaber.com\/mavikadin\/wp-json\/wp\/v2\/comments?post=149230"}],"version-history":[{"count":3,"href":"https:\/\/www.tgrthaber.com\/mavikadin\/wp-json\/wp\/v2\/posts\/149230\/revisions"}],"predecessor-version":[{"id":149247,"href":"https:\/\/www.tgrthaber.com\/mavikadin\/wp-json\/wp\/v2\/posts\/149230\/revisions\/149247"}],"wp:featuredmedia":[{"embeddable":true,"href":"https:\/\/www.tgrthaber.com\/mavikadin\/wp-json\/wp\/v2\/media\/149233"}],"wp:attachment":[{"href":"https:\/\/www.tgrthaber.com\/mavikadin\/wp-json\/wp\/v2\/media?parent=149230"}],"wp:term":[{"taxonomy":"category","embeddable":true,"href":"https:\/\/www.tgrthaber.com\/mavikadin\/wp-json\/wp\/v2\/categories?post=149230"},{"taxonomy":"post_tag","embeddable":true,"href":"https:\/\/www.tgrthaber.com\/mavikadin\/wp-json\/wp\/v2\/tags?post=149230"}],"curies":[{"name":"wp","href":"https:\/\/api.w.org\/{rel}","templated":true}]}}