{"id":149253,"date":"2025-03-19T12:46:47","date_gmt":"2025-03-19T09:46:47","guid":{"rendered":"https:\/\/www.tgrthaber.com\/mavikadin\/?p=149253"},"modified":"2025-03-19T12:46:48","modified_gmt":"2025-03-19T09:46:48","slug":"esref-ruyada-demet-ozdemirin-sarki-soyledigi-mekan-neresi","status":"publish","type":"post","link":"https:\/\/www.tgrthaber.com\/mavikadin\/esref-ruyada-demet-ozdemirin-sarki-soyledigi-mekan-neresi\/","title":{"rendered":"E\u015fref R\u00fcya&#8217;da Demet \u00d6zdemir\u2019in \u015fark\u0131 s\u00f6yledi\u011fi mek\u00e2n neresi?"},"content":{"rendered":"<p>Kanal D ekranlar\u0131ndan izleyici ile bulu\u015fmaya g\u00fcn sayan E\u015fref R\u00fcya, g\u00fc\u00e7l\u00fc kadrosu ile dikkatleri \u00fczerine \u00e7ekti. Tan\u0131t\u0131mlar\u0131n\u0131n yay\u0131mlanmas\u0131n\u0131n ard\u0131ndan Demet \u00d6zdemir\u2019in \u015fark\u0131 s\u00f6yledi\u011fi anlar g\u00fcndemdeki yerini ald\u0131. E\u015fref R\u00fcya da Demet \u00d6zdemir\u2019in \u015fark\u0131 s\u00f6yledi\u011fi mek\u00e2n merak edilen konulardan biri oldu. Peki, E\u015fref R\u00fcya da Demet \u00d6zdemir\u2019in \u015fark\u0131 s\u00f6yledi\u011fi mek\u00e2n neresi? Sorusunu sizler i\u00e7in ara\u015ft\u0131rd\u0131k. Merak edilenler haberimizde\u2026<\/p>\n<h3>E\u015eREF R\u00dcYA&#8217;DA DEMET \u00d6ZDEM\u0130R&#8217;\u0130N \u015eARKI S\u00d6YLED\u0130\u011e\u0130 MEKAN<\/h3>\n<p>Yeni ve heyecanla beklenen diziler aras\u0131nda olan E\u015fref R\u00fcya, seyircisi ile bulu\u015fmaya g\u00fcn say\u0131yor. Ba\u015frollerinde \u00c7a\u011fatay Ulusoy ve Demet \u00d6zdemir\u2019in bulundu\u011fu dizi \u015fimdiden merak konusu oldu. Dizi daha ba\u015flamadan sosyal medyada en \u00e7ok konu\u015fulan konulardan biri olarak g\u00fcndemdeki yerini ald\u0131. Ba\u015far\u0131l\u0131 oyuncu Demet \u00d6zdemir\u2019in dizideki performans\u0131 ise merakla beklenenlerden biri.<\/p>\n<p><img loading=\"lazy\" decoding=\"async\" class=\"alignnone wp-image-149260\" src=\"https:\/\/www.tgrthaber.com\/mavikadin\/wp-content\/uploads\/haber-gorselleri-fotoshop-27-1-1024x576.jpg\" alt=\"E\u015eREF R\u00dcYA DEMET \u00d6ZDEM\u0130R \u015eARKI MEKANI\" width=\"1208\" height=\"680\" title=\"\" srcset=\"https:\/\/www.tgrthaber.com\/mavikadin\/wp-content\/uploads\/haber-gorselleri-fotoshop-27-1-1024x576.jpg 1024w, https:\/\/www.tgrthaber.com\/mavikadin\/wp-content\/uploads\/haber-gorselleri-fotoshop-27-1-300x169.jpg 300w, https:\/\/www.tgrthaber.com\/mavikadin\/wp-content\/uploads\/haber-gorselleri-fotoshop-27-1-768x432.jpg 768w, https:\/\/www.tgrthaber.com\/mavikadin\/wp-content\/uploads\/haber-gorselleri-fotoshop-27-1-1536x864.jpg 1536w, https:\/\/www.tgrthaber.com\/mavikadin\/wp-content\/uploads\/haber-gorselleri-fotoshop-27-1.jpg 1600w\" sizes=\"(max-width: 1208px) 100vw, 1208px\" \/><\/p>\n<hr \/>\n<p>Dizide Nisan karakterini oynayan \u00d6zdemir, bir m\u00fczisyen rol\u00fcn\u00fc oynayacak. Dikkat \u00e7eken tan\u0131t\u0131mlarda \u00d6zdemir\u2019in \u0130stiklal Caddesi\u2019nde kalabal\u0131\u011f\u0131n i\u00e7inde \u015fark\u0131 s\u00f6yledi\u011fi sahneler \u00e7ok konu\u015fuldu. \u00d6zdemir bu performans\u0131 ile sosyal medyada binlerce yorum ald\u0131. Kimi sosyal medya kullan\u0131c\u0131s\u0131 be\u011fenirken kimisi ise ele\u015ftirilerini ifade ettiler.<\/p>\n<h3><img loading=\"lazy\" decoding=\"async\" class=\"alignnone wp-image-149258\" src=\"https:\/\/www.tgrthaber.com\/mavikadin\/wp-content\/uploads\/haber-gorselleri-fotoshop-29-1-1024x576.jpg\" alt=\"E\u015eREF R\u00dcYA DEMET \u00d6ZDEM\u0130R \u015eARKI MEKANI\" width=\"1208\" height=\"680\" title=\"\" srcset=\"https:\/\/www.tgrthaber.com\/mavikadin\/wp-content\/uploads\/haber-gorselleri-fotoshop-29-1-1024x576.jpg 1024w, https:\/\/www.tgrthaber.com\/mavikadin\/wp-content\/uploads\/haber-gorselleri-fotoshop-29-1-300x169.jpg 300w, https:\/\/www.tgrthaber.com\/mavikadin\/wp-content\/uploads\/haber-gorselleri-fotoshop-29-1-768x432.jpg 768w, https:\/\/www.tgrthaber.com\/mavikadin\/wp-content\/uploads\/haber-gorselleri-fotoshop-29-1-1536x864.jpg 1536w, https:\/\/www.tgrthaber.com\/mavikadin\/wp-content\/uploads\/haber-gorselleri-fotoshop-29-1.jpg 1600w\" sizes=\"(max-width: 1208px) 100vw, 1208px\" \/><\/h3>\n<hr \/>\n<h3>E\u015eREF R\u00dcYA D\u0130Z\u0130S\u0130 KONUSU<\/h3>\n<p>E\u015fref, \u00e7ocukken \u00e2\u015f\u0131k oldu\u011fu \u201cR\u00fcya\u201d ad\u0131n\u0131 verdi\u011fi k\u0131z\u0131 ararken g\u00fc\u00e7l\u00fc bir mafya \u00fcyesine d\u00f6n\u00fc\u015f\u00fcr. Ger\u00e7ek\u00e7i bir m\u00fczisyen olan Nisan, E\u015fref\u2019in i\u015fletti\u011fi otelde ger\u00e7ekle\u015fecek olan d\u00fc\u011f\u00fcnde sahne almas\u0131yla kendini bir tehlikenin i\u00e7inde bulur.<\/p>\n<p><img loading=\"lazy\" decoding=\"async\" class=\"alignnone wp-image-149225\" src=\"https:\/\/www.tgrthaber.com\/mavikadin\/wp-content\/uploads\/haber-gorselleri-fotoshop-23-2-1024x576.jpg\" alt=\"E\u015eREF R\u00dcYA HANG\u0130 SEMTLERDE\" width=\"1208\" height=\"680\" title=\"\" srcset=\"https:\/\/www.tgrthaber.com\/mavikadin\/wp-content\/uploads\/haber-gorselleri-fotoshop-23-2-1024x576.jpg 1024w, https:\/\/www.tgrthaber.com\/mavikadin\/wp-content\/uploads\/haber-gorselleri-fotoshop-23-2-300x169.jpg 300w, https:\/\/www.tgrthaber.com\/mavikadin\/wp-content\/uploads\/haber-gorselleri-fotoshop-23-2-768x432.jpg 768w, https:\/\/www.tgrthaber.com\/mavikadin\/wp-content\/uploads\/haber-gorselleri-fotoshop-23-2-1536x864.jpg 1536w, https:\/\/www.tgrthaber.com\/mavikadin\/wp-content\/uploads\/haber-gorselleri-fotoshop-23-2.jpg 1600w\" sizes=\"(max-width: 1208px) 100vw, 1208px\" \/><\/p>\n<hr \/>\n<p>E\u015fref, Nisan\u2019a \u00e2\u015f\u0131k olur, fakat onun asl\u0131nda y\u0131llard\u0131r pe\u015finde oldu\u011fu R\u00fcya oldu\u011funu bilmemektedir. Ayn\u0131 zamandan Nisan karakterinin polis i\u00e7in muhbirlik yapt\u0131\u011f\u0131ndan da haberi yoktur. \u00a0A\u015fk, ihanet ve g\u00fc\u00e7 m\u00fccadelesi i\u00e7inde s\u0131k\u0131\u015fan E\u015fref hem \u00e7etesiyle hem de kendi duygular\u0131yla b\u00fcy\u00fck bir hesapla\u015fmaya s\u00fcr\u00fcklenir.<\/p>\n<h3><img loading=\"lazy\" decoding=\"async\" class=\"alignnone wp-image-149257\" src=\"https:\/\/www.tgrthaber.com\/mavikadin\/wp-content\/uploads\/haber-gorselleri-fotoshop-30-1-1024x576.jpg\" alt=\"E\u015eREF R\u00dcYA DEMET \u00d6ZDEM\u0130R \u015eARKI MEKANI\" width=\"1208\" height=\"680\" title=\"\" srcset=\"https:\/\/www.tgrthaber.com\/mavikadin\/wp-content\/uploads\/haber-gorselleri-fotoshop-30-1-1024x576.jpg 1024w, https:\/\/www.tgrthaber.com\/mavikadin\/wp-content\/uploads\/haber-gorselleri-fotoshop-30-1-300x169.jpg 300w, https:\/\/www.tgrthaber.com\/mavikadin\/wp-content\/uploads\/haber-gorselleri-fotoshop-30-1-768x432.jpg 768w, https:\/\/www.tgrthaber.com\/mavikadin\/wp-content\/uploads\/haber-gorselleri-fotoshop-30-1-1536x864.jpg 1536w, https:\/\/www.tgrthaber.com\/mavikadin\/wp-content\/uploads\/haber-gorselleri-fotoshop-30-1.jpg 1600w\" sizes=\"(max-width: 1208px) 100vw, 1208px\" \/><\/h3>\n<hr \/>\n<h3>E\u015eREF R\u00dcYA OYUNCULARI<\/h3>\n<ul>\n<li>Demet \u00d6zdemir<\/li>\n<li>\u00c7a\u011fatay Ulusoy<\/li>\n<li>Necip Memili<\/li>\n<li>B\u00fc\u015fra Develi<\/li>\n<li>Tolga Tekin,<\/li>\n<li>G\u00f6rkem Sevindik<\/li>\n<li>Ahmet Y\u0131ld\u0131r\u0131m<\/li>\n<li>A\u015fk\u0131n \u015eenol<\/li>\n<\/ul>\n","protected":false},"excerpt":{"rendered":"<p>Kanal D ekranlar\u0131ndan izleyici ile bulu\u015fmaya g\u00fcn sayan E\u015fref R\u00fcya, g\u00fc\u00e7l\u00fc kadrosu ile dikkatleri \u00fczerine \u00e7ekti. Tan\u0131t\u0131mlar\u0131n\u0131n yay\u0131mlanmas\u0131n\u0131n ard\u0131ndan Demet \u00d6zdemir\u2019in \u015fark\u0131 s\u00f6yledi\u011fi anlar g\u00fcndemdeki yerini ald\u0131. E\u015fref R\u00fcya da Demet \u00d6zdemir\u2019in \u015fark\u0131 s\u00f6yledi\u011fi mek\u00e2n merak edilen konulardan biri oldu. Peki, E\u015fref R\u00fcya da Demet \u00d6zdemir\u2019in \u015fark\u0131 s\u00f6yledi\u011fi mek\u00e2n neresi? Sorusunu sizler i\u00e7in ara\u015ft\u0131rd\u0131k. Merak edilenler haberimizde\u2026<\/p>\n","protected":false},"author":34,"featured_media":149262,"comment_status":"closed","ping_status":"closed","sticky":false,"template":"","format":"standard","meta":{"rank_math_lock_modified_date":false,"footnotes":""},"categories":[602],"tags":[2570,4755,11144,11026],"class_list":["post-149253","post","type-post","status-publish","format-standard","has-post-thumbnail","hentry","category-diziler","tag-demet-ozdemir","tag-esref-ruya","tag-esref-ruya-demet-ozdemir","tag-esref-ruya-dizi"],"_links":{"self":[{"href":"https:\/\/www.tgrthaber.com\/mavikadin\/wp-json\/wp\/v2\/posts\/149253"}],"collection":[{"href":"https:\/\/www.tgrthaber.com\/mavikadin\/wp-json\/wp\/v2\/posts"}],"about":[{"href":"https:\/\/www.tgrthaber.com\/mavikadin\/wp-json\/wp\/v2\/types\/post"}],"author":[{"embeddable":true,"href":"https:\/\/www.tgrthaber.com\/mavikadin\/wp-json\/wp\/v2\/users\/34"}],"replies":[{"embeddable":true,"href":"https:\/\/www.tgrthaber.com\/mavikadin\/wp-json\/wp\/v2\/comments?post=149253"}],"version-history":[{"count":2,"href":"https:\/\/www.tgrthaber.com\/mavikadin\/wp-json\/wp\/v2\/posts\/149253\/revisions"}],"predecessor-version":[{"id":149272,"href":"https:\/\/www.tgrthaber.com\/mavikadin\/wp-json\/wp\/v2\/posts\/149253\/revisions\/149272"}],"wp:featuredmedia":[{"embeddable":true,"href":"https:\/\/www.tgrthaber.com\/mavikadin\/wp-json\/wp\/v2\/media\/149262"}],"wp:attachment":[{"href":"https:\/\/www.tgrthaber.com\/mavikadin\/wp-json\/wp\/v2\/media?parent=149253"}],"wp:term":[{"taxonomy":"category","embeddable":true,"href":"https:\/\/www.tgrthaber.com\/mavikadin\/wp-json\/wp\/v2\/categories?post=149253"},{"taxonomy":"post_tag","embeddable":true,"href":"https:\/\/www.tgrthaber.com\/mavikadin\/wp-json\/wp\/v2\/tags?post=149253"}],"curies":[{"name":"wp","href":"https:\/\/api.w.org\/{rel}","templated":true}]}}