{"id":149270,"date":"2025-03-19T12:54:29","date_gmt":"2025-03-19T09:54:29","guid":{"rendered":"https:\/\/www.tgrthaber.com\/mavikadin\/?p=149270"},"modified":"2025-03-19T12:57:37","modified_gmt":"2025-03-19T09:57:37","slug":"siradan-bir-bahar-alerjisi-deyip-gecmeyin-kor-olma-ihtimaliniz-var","status":"publish","type":"post","link":"https:\/\/www.tgrthaber.com\/mavikadin\/siradan-bir-bahar-alerjisi-deyip-gecmeyin-kor-olma-ihtimaliniz-var\/","title":{"rendered":"S\u0131radan bir bahar alerjisi deyip ge\u00e7meyin! K\u00f6r olma ihtimaliniz var"},"content":{"rendered":"<p>Bahar aylar\u0131nda polen seviyelerinin y\u00fckselmesi sebebiyle alerjiye yatk\u0131n insanlar i\u00e7in rahats\u0131z edici s\u0131radan gibi g\u00f6r\u00fclen g\u00f6z alerjisi, g\u00f6rme bozuklu\u011fu ya da g\u00f6rme kayb\u0131na sebep olabiliyor.<\/p>\n<h3>BAHAR ALERJ\u0130S\u0130 K\u00d6R EDEB\u0130L\u0130YOR<\/h3>\n<p>Bu d\u00f6nemde alerjik b\u00fcnyede olan pek \u00e7ok ki\u015finin g\u00f6zlerinde k\u0131rm\u0131z\u0131l\u0131k, sulanma, batma ve ka\u015f\u0131nma ya\u015fayabildi\u011fini ve bu durumun k\u0131sa s\u00fcrede ge\u00e7ece\u011fini d\u00fc\u015f\u00fcnd\u00fc\u011f\u00fcn\u00fc ifade eden Op. Dr. Adnan \u0130p\u00e7io\u011flu, bahar d\u00f6neminde g\u00f6z sa\u011fl\u0131\u011f\u0131 konusunda uyar\u0131larda bulundu. Bahar aylar\u0131nda en \u00e7ok g\u00f6r\u00fclen hastal\u0131klar aras\u0131nda ba\u015f\u0131 \u00e7eken g\u00f6z alerjileri, alerjik b\u00fcnyedeki ki\u015fileri olumsuz etkiliyor. Medicana Bursa Hastanesi G\u00f6z Sa\u011fl\u0131\u011f\u0131 ve Hastal\u0131klar\u0131 B\u00f6l\u00fcm\u00fc Op. Dr. Adnan \u0130p\u00e7io\u011flu, bahar aylar\u0131nda yo\u011funla\u015fan polenlerin ve g\u00f6zle g\u00f6r\u00fclmeyen tozlar\u0131n g\u00f6zlerde alerjiye yol a\u00e7t\u0131\u011f\u0131n\u0131 belirterek, bunun tedavi edilmedi\u011finde g\u00f6rme kayb\u0131na kadar uzanan ciddi sorunlara sebep olabilece\u011fini s\u00f6yledi.<\/p>\n<p><img loading=\"lazy\" decoding=\"async\" class=\"alignnone size-full wp-image-149275\" src=\"https:\/\/www.tgrthaber.com\/mavikadin\/wp-content\/uploads\/goz-sagligi-6.jpg\" alt=\"\" width=\"1208\" height=\"680\" title=\"\" srcset=\"https:\/\/www.tgrthaber.com\/mavikadin\/wp-content\/uploads\/goz-sagligi-6.jpg 1208w, https:\/\/www.tgrthaber.com\/mavikadin\/wp-content\/uploads\/goz-sagligi-6-300x169.jpg 300w, https:\/\/www.tgrthaber.com\/mavikadin\/wp-content\/uploads\/goz-sagligi-6-1024x576.jpg 1024w, https:\/\/www.tgrthaber.com\/mavikadin\/wp-content\/uploads\/goz-sagligi-6-768x432.jpg 768w\" sizes=\"(max-width: 1208px) 100vw, 1208px\" \/><\/p>\n<hr \/>\n<h3>E\u011e\u0130T\u0130M VE FARKINDALIK ARTIRMA<\/h3>\n<p>Bahar aylar\u0131nda g\u00f6z alerjilerinin daha yo\u011fun hale geldi\u011fi bu d\u00f6nemde, toplumda fark\u0131ndal\u0131k olu\u015fturmak b\u00fcy\u00fck bir \u00f6nem ta\u015f\u0131yor. \u00d6zellikle alerjik b\u00fcnyesi olan ki\u015filerin, g\u00f6z sa\u011fl\u0131\u011f\u0131na dikkat etmeleri gerekti\u011fi konusunda bilgilendirme kampanyalar\u0131 d\u00fczenlenebilir. Sosyal medya, sa\u011fl\u0131k platformlar\u0131 ve topluluk etkinlikleri \u00fczerinden alerjilerin belirtileri ve korunma yollar\u0131 hakk\u0131nda bilgi verilebilir.<\/p>\n<p><img loading=\"lazy\" decoding=\"async\" class=\"alignnone size-full wp-image-149282\" src=\"https:\/\/www.tgrthaber.com\/mavikadin\/wp-content\/uploads\/bahar-1-3.jpg\" alt=\"\" width=\"1208\" height=\"680\" title=\"\" srcset=\"https:\/\/www.tgrthaber.com\/mavikadin\/wp-content\/uploads\/bahar-1-3.jpg 1208w, https:\/\/www.tgrthaber.com\/mavikadin\/wp-content\/uploads\/bahar-1-3-300x169.jpg 300w, https:\/\/www.tgrthaber.com\/mavikadin\/wp-content\/uploads\/bahar-1-3-1024x576.jpg 1024w, https:\/\/www.tgrthaber.com\/mavikadin\/wp-content\/uploads\/bahar-1-3-768x432.jpg 768w\" sizes=\"(max-width: 1208px) 100vw, 1208px\" \/><\/p>\n<hr \/>\n<h3>DO\u011eAL \u00c7\u00d6Z\u00dcMLER VE EVDE ALINACAK \u00d6NLEMLER<\/h3>\n<p>Alerjik reaksiyonlar\u0131 hafifletmek ad\u0131na evde yap\u0131labilecek basit \u00e7\u00f6z\u00fcmler \u00f6nerilebilir. \u00d6rne\u011fin, g\u00f6zleri rahatlatmak i\u00e7in so\u011fuk kompres uygulamak veya buharla g\u00f6zleri nemlendirmek gibi pratik y\u00f6ntemler, ki\u015filerin rahatlamas\u0131n\u0131 sa\u011flayabilir. Ayr\u0131ca, polenlerin yo\u011fun oldu\u011fu d\u00f6nemlerde d\u0131\u015far\u0131 \u00e7\u0131k\u0131lmadan \u00f6nce g\u00f6zl\u00fck takmak ve g\u00fcne\u015fe kar\u015f\u0131 UV korumas\u0131 sa\u011flamak gibi \u00f6nlemler te\u015fvik edilebilir.<\/p>\n<p>Dijital Uygulamalar ve Takip Sistemleri: Alerjiye duyarl\u0131 bireyler i\u00e7in polen seviyelerini takip eden ve potansiyel alerjenleri \u00f6nceden bildiren mobil uygulamalar geli\u015ftirilmesi, ki\u015filerin tedbir almas\u0131n\u0131 kolayla\u015ft\u0131rabilir. Ayr\u0131ca, ki\u015fisel sa\u011fl\u0131k verileri \u00fczerinden alerjik reaksiyonlar\u0131n daha iyi takip edilmesini sa\u011flayan dijital sa\u011fl\u0131k ara\u00e7lar\u0131 da kullan\u0131labilir.<\/p>\n<p><img loading=\"lazy\" decoding=\"async\" class=\"alignnone size-full wp-image-149283\" src=\"https:\/\/www.tgrthaber.com\/mavikadin\/wp-content\/uploads\/bahar-2-3.jpg\" alt=\"\" width=\"1208\" height=\"680\" title=\"\" srcset=\"https:\/\/www.tgrthaber.com\/mavikadin\/wp-content\/uploads\/bahar-2-3.jpg 1208w, https:\/\/www.tgrthaber.com\/mavikadin\/wp-content\/uploads\/bahar-2-3-300x169.jpg 300w, https:\/\/www.tgrthaber.com\/mavikadin\/wp-content\/uploads\/bahar-2-3-1024x576.jpg 1024w, https:\/\/www.tgrthaber.com\/mavikadin\/wp-content\/uploads\/bahar-2-3-768x432.jpg 768w\" sizes=\"(max-width: 1208px) 100vw, 1208px\" \/><\/p>\n<hr \/>\n<h3>\u0130LERI TEDAV\u0130 Y\u00d6NTEMLER\u0130 VE YEN\u0130L\u0130K\u00c7\u0130 ARA\u015eTIRMALAR<\/h3>\n<p>G\u00f6z alerjileri i\u00e7in daha etkili tedavi y\u00f6ntemleri \u00fczerine ara\u015ft\u0131rmalar yap\u0131labilir. \u00d6rne\u011fin, polenlerin etkisini azaltmaya y\u00f6nelik yeni ila\u00e7 tedavileri, genetik veya ba\u011f\u0131\u015f\u0131kl\u0131k sistemi \u00fczerine yap\u0131lan \u00e7al\u0131\u015fmalar ile g\u00f6z alerjilerinin daha etkin tedavi edilmesi sa\u011flanabilir. Ayr\u0131ca, alerjik konjonktivit gibi ileri d\u00fczeydeki hastal\u0131klar i\u00e7in yeni tedavi protokolleri geli\u015ftirilebilir.<\/p>\n<h3>G\u00d6Z SA\u011eLI\u011eINA Y\u00d6NEL\u0130K SA\u011eLIKLI YA\u015eAM ALI\u015eKANLIKLARI<\/h3>\n<p>D\u00fczenli uyku, dengeli beslenme ve yeterli su t\u00fcketimi gibi sa\u011fl\u0131kl\u0131 ya\u015fam al\u0131\u015fkanl\u0131klar\u0131, g\u00f6z sa\u011fl\u0131\u011f\u0131n\u0131 genel olarak destekler ve alerjik reaksiyonlar\u0131n \u015fiddetini azaltabilir. Bu al\u0131\u015fkanl\u0131klar hakk\u0131nda bilgi verilebilir ve sa\u011fl\u0131kl\u0131 ya\u015fam tarz\u0131 benimsemeye y\u00f6nelik te\u015fviklerde bulunulabilir.<\/p>\n<p><img loading=\"lazy\" decoding=\"async\" class=\"alignnone size-full wp-image-149286\" src=\"https:\/\/www.tgrthaber.com\/mavikadin\/wp-content\/uploads\/bahar-4-2.jpg\" alt=\"\" width=\"1208\" height=\"680\" title=\"\" srcset=\"https:\/\/www.tgrthaber.com\/mavikadin\/wp-content\/uploads\/bahar-4-2.jpg 1208w, https:\/\/www.tgrthaber.com\/mavikadin\/wp-content\/uploads\/bahar-4-2-300x169.jpg 300w, https:\/\/www.tgrthaber.com\/mavikadin\/wp-content\/uploads\/bahar-4-2-1024x576.jpg 1024w, https:\/\/www.tgrthaber.com\/mavikadin\/wp-content\/uploads\/bahar-4-2-768x432.jpg 768w\" sizes=\"(max-width: 1208px) 100vw, 1208px\" \/><\/p>\n<hr \/>\n<h3>DOKTOR KONTROL\u00dcN\u00dcN \u00d6NEM\u0130N\u0130 VURGULAMAK<\/h3>\n<p>G\u00f6z alerjileri hafife al\u0131nmamal\u0131 ve tedavi s\u00fcreci ba\u015flat\u0131lmadan \u00f6nce uzman bir doktora ba\u015fvurulmas\u0131 gerekti\u011fi vurgulanmal\u0131d\u0131r. Doktorlar\u0131n alerji tedavisine y\u00f6nelik \u00f6nerilerini ve re\u00e7etelerini payla\u015fmak, erken tedavi ile ciddi sa\u011fl\u0131k sorunlar\u0131n\u0131n \u00f6n\u00fcne ge\u00e7ilmesine yard\u0131mc\u0131 olabilir.<\/p>\n","protected":false},"excerpt":{"rendered":"<p>Bahar aylar\u0131ndaki g\u00f6z alerjisi g\u00f6rme kayb\u0131na neden olabiliyor. Polen seviyelerinin y\u00fckselmesi sebebiyle alerjiye yatk\u0131n insanlar i\u00e7in rahats\u0131z edici s\u0131radan gibi g\u00f6r\u00fclen alerji g\u00f6rme kayb\u0131 ya\u015fatabiliyor.<\/p>\n","protected":false},"author":5,"featured_media":149273,"comment_status":"closed","ping_status":"closed","sticky":false,"template":"","format":"standard","meta":{"rank_math_lock_modified_date":false,"footnotes":""},"categories":[1991],"tags":[14771],"class_list":["post-149270","post","type-post","status-publish","format-standard","has-post-thumbnail","hentry","category-saglik","tag-bahar-alerjisi"],"_links":{"self":[{"href":"https:\/\/www.tgrthaber.com\/mavikadin\/wp-json\/wp\/v2\/posts\/149270"}],"collection":[{"href":"https:\/\/www.tgrthaber.com\/mavikadin\/wp-json\/wp\/v2\/posts"}],"about":[{"href":"https:\/\/www.tgrthaber.com\/mavikadin\/wp-json\/wp\/v2\/types\/post"}],"author":[{"embeddable":true,"href":"https:\/\/www.tgrthaber.com\/mavikadin\/wp-json\/wp\/v2\/users\/5"}],"replies":[{"embeddable":true,"href":"https:\/\/www.tgrthaber.com\/mavikadin\/wp-json\/wp\/v2\/comments?post=149270"}],"version-history":[{"count":4,"href":"https:\/\/www.tgrthaber.com\/mavikadin\/wp-json\/wp\/v2\/posts\/149270\/revisions"}],"predecessor-version":[{"id":149287,"href":"https:\/\/www.tgrthaber.com\/mavikadin\/wp-json\/wp\/v2\/posts\/149270\/revisions\/149287"}],"wp:featuredmedia":[{"embeddable":true,"href":"https:\/\/www.tgrthaber.com\/mavikadin\/wp-json\/wp\/v2\/media\/149273"}],"wp:attachment":[{"href":"https:\/\/www.tgrthaber.com\/mavikadin\/wp-json\/wp\/v2\/media?parent=149270"}],"wp:term":[{"taxonomy":"category","embeddable":true,"href":"https:\/\/www.tgrthaber.com\/mavikadin\/wp-json\/wp\/v2\/categories?post=149270"},{"taxonomy":"post_tag","embeddable":true,"href":"https:\/\/www.tgrthaber.com\/mavikadin\/wp-json\/wp\/v2\/tags?post=149270"}],"curies":[{"name":"wp","href":"https:\/\/api.w.org\/{rel}","templated":true}]}}