{"id":149396,"date":"2025-03-19T15:35:36","date_gmt":"2025-03-19T12:35:36","guid":{"rendered":"https:\/\/www.tgrthaber.com\/mavikadin\/?p=149396"},"modified":"2025-03-19T15:35:37","modified_gmt":"2025-03-19T12:35:37","slug":"kanser-hucrelerine-dikkat-vucudumuzun-her-yeri-tehlikede-olabilir","status":"publish","type":"post","link":"https:\/\/www.tgrthaber.com\/mavikadin\/kanser-hucrelerine-dikkat-vucudumuzun-her-yeri-tehlikede-olabilir\/","title":{"rendered":"Kanser h\u00fccrelerine dikkat! V\u00fccudumuzun her yeri tehlikede olabilir"},"content":{"rendered":"<p>Kal\u0131n Ba\u011f\u0131rsak Fark\u0131ndal\u0131k Ay\u0131 nedeniyle a\u00e7\u0131klama yapan Prof. Dr. Y\u0131ld\u0131r\u0131m, kanserin, v\u00fccuttaki h\u00fccrelerin kontrolden \u00e7\u0131k\u0131p h\u0131zla \u00e7o\u011falmas\u0131yla ba\u015flad\u0131\u011f\u0131n\u0131 s\u00f6yledi.<\/p>\n<h3>KOLOREKTAL KANSER NED\u0130R?<\/h3>\n<p>Kolorektal kanserin, kal\u0131n ba\u011f\u0131rsak (Kolon) ya da rektumda ba\u015flad\u0131\u011f\u0131n\u0131 hat\u0131rlatan Prof. Dr. Y\u0131ld\u0131r\u0131m, &#8220;Bu kanserler, ba\u015flad\u0131klar\u0131 yere g\u00f6re kolon kanseri ya da rektal kanser diye isimlendirilir. Kolon kanseri ve rektal kanser genellikle bir\u00e7ok ortak \u00f6zelli\u011fe sahip oldu\u011fundan birlikte de\u011ferlendirilir&#8221; \u015feklinde konu\u015ftu.<\/p>\n<p><img loading=\"lazy\" decoding=\"async\" class=\"alignnone size-full wp-image-149398\" src=\"https:\/\/www.tgrthaber.com\/mavikadin\/wp-content\/uploads\/kanser-3.jpg\" alt=\"\" width=\"1208\" height=\"680\" title=\"\" srcset=\"https:\/\/www.tgrthaber.com\/mavikadin\/wp-content\/uploads\/kanser-3.jpg 1208w, https:\/\/www.tgrthaber.com\/mavikadin\/wp-content\/uploads\/kanser-3-300x169.jpg 300w, https:\/\/www.tgrthaber.com\/mavikadin\/wp-content\/uploads\/kanser-3-1024x576.jpg 1024w, https:\/\/www.tgrthaber.com\/mavikadin\/wp-content\/uploads\/kanser-3-768x432.jpg 768w\" sizes=\"(max-width: 1208px) 100vw, 1208px\" \/><\/p>\n<hr \/>\n<h3>KANSER\u0130N ERKEN D\u00d6NEM BEL\u0130RT\u0130LER\u0130N\u0130N TANINMASI<\/h3>\n<p>Kolorektal kanserin erken evrelerinde belirti vermeyebilece\u011fi i\u00e7in, kanserin geli\u015fimine dair erken i\u015faretlerin tan\u0131nmas\u0131 gereklidir. Bu, toplumu daha dikkatli olmaya te\u015fvik edebilir. \u00d6rne\u011fin, kronik kab\u0131zl\u0131k, kar\u0131n a\u011fr\u0131lar\u0131, d\u0131\u015fk\u0131da kan g\u00f6rme gibi belirtilere kar\u015f\u0131 duyarl\u0131l\u0131k art\u0131r\u0131labilir.<\/p>\n<p><img loading=\"lazy\" decoding=\"async\" class=\"alignnone size-full wp-image-149401\" src=\"https:\/\/www.tgrthaber.com\/mavikadin\/wp-content\/uploads\/kanser-2.jpg\" alt=\"\" width=\"1208\" height=\"680\" title=\"\" srcset=\"https:\/\/www.tgrthaber.com\/mavikadin\/wp-content\/uploads\/kanser-2.jpg 1208w, https:\/\/www.tgrthaber.com\/mavikadin\/wp-content\/uploads\/kanser-2-300x169.jpg 300w, https:\/\/www.tgrthaber.com\/mavikadin\/wp-content\/uploads\/kanser-2-1024x576.jpg 1024w, https:\/\/www.tgrthaber.com\/mavikadin\/wp-content\/uploads\/kanser-2-768x432.jpg 768w\" sizes=\"(max-width: 1208px) 100vw, 1208px\" \/><\/p>\n<hr \/>\n<h3>MULT\u0130D\u0130S\u0130PL\u0130NER TEDAV\u0130 YAKLA\u015eIMLARI<\/h3>\n<p>Kolorektal kanser tedavisi, birden fazla uzmanl\u0131k alan\u0131n\u0131n i\u015fbirli\u011fi ile yap\u0131l\u0131yor. Bu ba\u011flamda, multidisipliner yakla\u015f\u0131m\u0131n daha \u00e7ok vurgulanmas\u0131, tedavi s\u00fcre\u00e7lerini daha etkili hale getirebilir. \u00d6zellikle hastalar\u0131n tedavi s\u00fcre\u00e7leri hakk\u0131nda bilin\u00e7li olmalar\u0131n\u0131 sa\u011flamak \u00f6nemli.<\/p>\n<p><img loading=\"lazy\" decoding=\"async\" class=\"alignnone size-full wp-image-149399\" src=\"https:\/\/www.tgrthaber.com\/mavikadin\/wp-content\/uploads\/kanser-1.jpg\" alt=\"\" width=\"1208\" height=\"680\" title=\"\" srcset=\"https:\/\/www.tgrthaber.com\/mavikadin\/wp-content\/uploads\/kanser-1.jpg 1208w, https:\/\/www.tgrthaber.com\/mavikadin\/wp-content\/uploads\/kanser-1-300x169.jpg 300w, https:\/\/www.tgrthaber.com\/mavikadin\/wp-content\/uploads\/kanser-1-1024x576.jpg 1024w, https:\/\/www.tgrthaber.com\/mavikadin\/wp-content\/uploads\/kanser-1-768x432.jpg 768w\" sizes=\"(max-width: 1208px) 100vw, 1208px\" \/><\/p>\n<hr \/>\n<h3>GENET\u0130K YATKINLIK VE A\u0130LEV\u0130 KANSER GE\u00c7M\u0130\u015e\u0130<\/h3>\n<p>Kolorektal kanser, genetik yatk\u0131nl\u0131kla da ili\u015fkili olabiliyor. Bu nedenle, ailesinde kanser \u00f6yk\u00fcs\u00fc bulunan bireylerin d\u00fczenli taramalara y\u00f6nlendirilmesi ve genetik testler ile daha erken te\u015fhis imkan\u0131 sunulabilir.<\/p>\n<p><img loading=\"lazy\" decoding=\"async\" class=\"alignnone size-full wp-image-149400\" src=\"https:\/\/www.tgrthaber.com\/mavikadin\/wp-content\/uploads\/kanser-5.jpg\" alt=\"\" width=\"1208\" height=\"680\" title=\"\" srcset=\"https:\/\/www.tgrthaber.com\/mavikadin\/wp-content\/uploads\/kanser-5.jpg 1208w, https:\/\/www.tgrthaber.com\/mavikadin\/wp-content\/uploads\/kanser-5-300x169.jpg 300w, https:\/\/www.tgrthaber.com\/mavikadin\/wp-content\/uploads\/kanser-5-1024x576.jpg 1024w, https:\/\/www.tgrthaber.com\/mavikadin\/wp-content\/uploads\/kanser-5-768x432.jpg 768w\" sizes=\"(max-width: 1208px) 100vw, 1208px\" \/><\/p>\n<hr \/>\n<h3>PS\u0130KO-SOSYAL DESTEK<\/h3>\n<p>Kanser tedavisi s\u00fcreci, sadece fiziksel de\u011fil, psikolojik anlamda da olduk\u00e7a zorlu bir s\u00fcre\u00e7tir. Bu nedenle psikolojik destek hizmetleri, kanserle m\u00fccadele eden bireylerin tedavi s\u00fcrecinde \u00f6nemli bir yer tutmaktad\u0131r. \u00d6zellikle kanserin tan\u0131s\u0131 ve tedavisi s\u0131ras\u0131nda psikoterapi ve destek gruplar\u0131 ile hastalar\u0131n psikolojik iyilik halleri korunabilir.<\/p>\n","protected":false},"excerpt":{"rendered":"<p>SANKO \u00dcniversitesi T\u0131p Fak\u00fcltesi \u0130\u00e7 Hastal\u0131klar\u0131 Anabilim Dal\u0131 \/ Onkoloji Bilim Dal\u0131\u2019ndan Prof. Dr. Y\u0131ld\u0131r\u0131m, &#8220;V\u00fccudun hemen her b\u00f6lgesindeki h\u00fccreler, kanser h\u00fccrelerine d\u00f6n\u00fc\u015febilir&#8221; dedi.<\/p>\n","protected":false},"author":5,"featured_media":149397,"comment_status":"closed","ping_status":"closed","sticky":false,"template":"","format":"standard","meta":{"rank_math_lock_modified_date":false,"footnotes":""},"categories":[1991],"tags":[340,14788],"class_list":["post-149396","post","type-post","status-publish","format-standard","has-post-thumbnail","hentry","category-saglik","tag-kanser","tag-kanser-hucreleri"],"_links":{"self":[{"href":"https:\/\/www.tgrthaber.com\/mavikadin\/wp-json\/wp\/v2\/posts\/149396"}],"collection":[{"href":"https:\/\/www.tgrthaber.com\/mavikadin\/wp-json\/wp\/v2\/posts"}],"about":[{"href":"https:\/\/www.tgrthaber.com\/mavikadin\/wp-json\/wp\/v2\/types\/post"}],"author":[{"embeddable":true,"href":"https:\/\/www.tgrthaber.com\/mavikadin\/wp-json\/wp\/v2\/users\/5"}],"replies":[{"embeddable":true,"href":"https:\/\/www.tgrthaber.com\/mavikadin\/wp-json\/wp\/v2\/comments?post=149396"}],"version-history":[{"count":2,"href":"https:\/\/www.tgrthaber.com\/mavikadin\/wp-json\/wp\/v2\/posts\/149396\/revisions"}],"predecessor-version":[{"id":149405,"href":"https:\/\/www.tgrthaber.com\/mavikadin\/wp-json\/wp\/v2\/posts\/149396\/revisions\/149405"}],"wp:featuredmedia":[{"embeddable":true,"href":"https:\/\/www.tgrthaber.com\/mavikadin\/wp-json\/wp\/v2\/media\/149397"}],"wp:attachment":[{"href":"https:\/\/www.tgrthaber.com\/mavikadin\/wp-json\/wp\/v2\/media?parent=149396"}],"wp:term":[{"taxonomy":"category","embeddable":true,"href":"https:\/\/www.tgrthaber.com\/mavikadin\/wp-json\/wp\/v2\/categories?post=149396"},{"taxonomy":"post_tag","embeddable":true,"href":"https:\/\/www.tgrthaber.com\/mavikadin\/wp-json\/wp\/v2\/tags?post=149396"}],"curies":[{"name":"wp","href":"https:\/\/api.w.org\/{rel}","templated":true}]}}