{"id":149741,"date":"2025-03-20T01:29:03","date_gmt":"2025-03-19T22:29:03","guid":{"rendered":"https:\/\/www.tgrthaber.com\/mavikadin\/?p=149741"},"modified":"2025-03-20T01:29:03","modified_gmt":"2025-03-19T22:29:03","slug":"orjinalini-sadece-ankaralilar-biliyor-etle-yapiliyor-lezzeti-parmak-yediriyor-iste-ankara-tava-tarifi","status":"publish","type":"post","link":"https:\/\/www.tgrthaber.com\/mavikadin\/orjinalini-sadece-ankaralilar-biliyor-etle-yapiliyor-lezzeti-parmak-yediriyor-iste-ankara-tava-tarifi\/","title":{"rendered":"Orjinalini sadece Ankaral\u0131lar biliyor? Etle yap\u0131l\u0131yor, lezzeti parmak yediriyor! \u0130\u015fte Ankara tava tarifi"},"content":{"rendered":"<p class=\"p1\">Ankara\u2019n\u0131n mutfak k\u00fclt\u00fcr\u00fcnde \u00f6zel bir yere sahip olan Ankara tava, \u015fehrin kendine has lezzetlerinden biridir. Sadece ger\u00e7ek Ankaral\u0131lar\u0131n bildi\u011fi bu nefis yemek, kokusuyla kom\u015fular\u0131 kap\u0131n\u0131za kadar getirebilir. Tad\u0131 ve haz\u0131rlan\u0131\u015f\u0131yla a\u011f\u0131zlar\u0131 tatland\u0131ran bu geleneksel tarif, \u00f6zellikle et severler i\u00e7in vazge\u00e7ilmez bir se\u00e7enek. Peki, Ankara tava nas\u0131l yap\u0131l\u0131r? \u0130\u015fte bu enfes yeme\u011fi evinizde haz\u0131rlamak i\u00e7in ihtiyac\u0131n\u0131z olan malzemeler ve ad\u0131m ad\u0131m haz\u0131rlan\u0131\u015f\u0131\u2026<\/p>\n<h3>ANKARA TAVA NASIL YAPILIR?<\/h3>\n<p class=\"p1\"><b>Malzemeler:<\/b><b><\/b><\/p>\n<p class=\"p1\">500 gram kuzu eti (kemiksiz, ku\u015fba\u015f\u0131 do\u011franm\u0131\u015f)<\/p>\n<p class=\"p1\">2 yemek ka\u015f\u0131\u011f\u0131 tereya\u011f\u0131<\/p>\n<p class=\"p1\">1 adet b\u00fcy\u00fck so\u011fan (ince do\u011franm\u0131\u015f)<\/p>\n<p class=\"p1\">2 adet domates (rendelenmi\u015f)<\/p>\n<p class=\"p1\">2 adet ye\u015fil biber (do\u011franm\u0131\u015f)<\/p>\n<p class=\"p1\">3 di\u015f sar\u0131msak (ezilmi\u015f)<\/p>\n<p><img loading=\"lazy\" decoding=\"async\" class=\"alignnone wp-image-149744 size-large\" src=\"https:\/\/www.tgrthaber.com\/mavikadin\/wp-content\/uploads\/Ekran-Resmi-2025-03-20-01.23.31-1024x592.png\" alt=\"\" width=\"1024\" height=\"592\" title=\"\" srcset=\"https:\/\/www.tgrthaber.com\/mavikadin\/wp-content\/uploads\/Ekran-Resmi-2025-03-20-01.23.31-1024x592.png 1024w, https:\/\/www.tgrthaber.com\/mavikadin\/wp-content\/uploads\/Ekran-Resmi-2025-03-20-01.23.31-300x173.png 300w, https:\/\/www.tgrthaber.com\/mavikadin\/wp-content\/uploads\/Ekran-Resmi-2025-03-20-01.23.31-768x444.png 768w, https:\/\/www.tgrthaber.com\/mavikadin\/wp-content\/uploads\/Ekran-Resmi-2025-03-20-01.23.31-1536x887.png 1536w, https:\/\/www.tgrthaber.com\/mavikadin\/wp-content\/uploads\/Ekran-Resmi-2025-03-20-01.23.31.png 1634w\" sizes=\"(max-width: 1024px) 100vw, 1024px\" \/><\/p>\n<hr \/>\n<p class=\"p1\">1 su barda\u011f\u0131 nohut (ha\u015flanm\u0131\u015f)<\/p>\n<p class=\"p1\">1 \u00e7ay barda\u011f\u0131 s\u0131cak su<\/p>\n<p class=\"p1\">Tuz, karabiber, pul biber<\/p>\n<p class=\"p1\">1 tatl\u0131 ka\u015f\u0131\u011f\u0131 kekik<\/p>\n<p class=\"p1\">1 tatl\u0131 ka\u015f\u0131\u011f\u0131 kimyon<\/p>\n<p><img loading=\"lazy\" decoding=\"async\" class=\"alignnone wp-image-149745 \" src=\"https:\/\/www.tgrthaber.com\/mavikadin\/wp-content\/uploads\/Ekran-Resmi-2025-03-20-01.23.51-810x1024.png\" alt=\"\" width=\"965\" height=\"1220\" title=\"\" srcset=\"https:\/\/www.tgrthaber.com\/mavikadin\/wp-content\/uploads\/Ekran-Resmi-2025-03-20-01.23.51-810x1024.png 810w, https:\/\/www.tgrthaber.com\/mavikadin\/wp-content\/uploads\/Ekran-Resmi-2025-03-20-01.23.51-237x300.png 237w, https:\/\/www.tgrthaber.com\/mavikadin\/wp-content\/uploads\/Ekran-Resmi-2025-03-20-01.23.51-768x970.png 768w, https:\/\/www.tgrthaber.com\/mavikadin\/wp-content\/uploads\/Ekran-Resmi-2025-03-20-01.23.51.png 1108w\" sizes=\"(max-width: 965px) 100vw, 965px\" \/><\/p>\n<hr \/>\n<p class=\"p1\"><b>Haz\u0131rlan\u0131\u015f\u0131:<\/b><b><\/b><\/p>\n<p class=\"p1\">\u00d6ncelikle etleri geni\u015f bir tencerede tereya\u011f\u0131nda g\u00fczelce kavurun. Etler suyunu sal\u0131p \u00e7ekene kadar pi\u015firmeye devam edin. Ard\u0131ndan do\u011franm\u0131\u015f so\u011fanlar\u0131 ve biberleri ekleyin, so\u011fanlar yumu\u015fayana kadar kavurmaya devam edin. Sonra, rendelenmi\u015f domatesleri ve ezilmi\u015f sar\u0131msaklar\u0131 ekleyin, kar\u0131\u015ft\u0131r\u0131n ve domatesler suyunu sal\u0131p \u00e7ekene kadar pi\u015firin. Ha\u015flanm\u0131\u015f nohutlar\u0131 da tencereye ekleyip kar\u0131\u015ft\u0131r\u0131n. Baharatlar\u0131 (tuz, karabiber, pul biber, kekik, kimyon) ekleyin, ard\u0131ndan 1 \u00e7ay barda\u011f\u0131 s\u0131cak suyu ekleyin. K\u0131s\u0131k ate\u015fte 15-20 dakika kadar pi\u015firerek, etlerin ve nohutlar\u0131n birbirine ge\u00e7mesini sa\u011flay\u0131n. Son olarak, tavan\u0131n alt\u0131n\u0131 kapat\u0131p yeme\u011finizi s\u0131cak servis edebilirsiniz. \u015eimdiden afiyetler olsun.<\/p>\n<p><img loading=\"lazy\" decoding=\"async\" class=\"alignnone wp-image-149746 size-large\" src=\"https:\/\/www.tgrthaber.com\/mavikadin\/wp-content\/uploads\/Ekran-Resmi-2025-03-20-01.23.45-1024x655.png\" alt=\"\" width=\"1024\" height=\"655\" title=\"\" srcset=\"https:\/\/www.tgrthaber.com\/mavikadin\/wp-content\/uploads\/Ekran-Resmi-2025-03-20-01.23.45-1024x655.png 1024w, https:\/\/www.tgrthaber.com\/mavikadin\/wp-content\/uploads\/Ekran-Resmi-2025-03-20-01.23.45-300x192.png 300w, https:\/\/www.tgrthaber.com\/mavikadin\/wp-content\/uploads\/Ekran-Resmi-2025-03-20-01.23.45-768x491.png 768w, https:\/\/www.tgrthaber.com\/mavikadin\/wp-content\/uploads\/Ekran-Resmi-2025-03-20-01.23.45-1536x982.png 1536w, https:\/\/www.tgrthaber.com\/mavikadin\/wp-content\/uploads\/Ekran-Resmi-2025-03-20-01.23.45.png 1586w\" sizes=\"(max-width: 1024px) 100vw, 1024px\" \/><\/p>\n<hr \/>\n<h3>ANKARA TAVANIN YANINDA NE YEN\u0130R?<\/h3>\n<p class=\"p1\">Ankara tava, zengin ve lezzetli bir yemek oldu\u011fu i\u00e7in yan\u0131nda hafif ve dengeleyici tatlar tercih etmek iyi bir fikirdir. Yan\u0131nda taze bir yo\u011furt, yeme\u011fin a\u011f\u0131r lezzetini hafifletirken, pide veya somun ekme\u011fi ile birlikte servis edebilirsiniz. Ayr\u0131ca, mevsim salatas\u0131 ya da k\u0131s\u0131r gibi ferahlat\u0131c\u0131 bir yan yemek de m\u00fckemmel bir uyum sa\u011flar. Evinizde haz\u0131rlayabilece\u011finiz bir f\u0131r\u0131n patates ya da zeytinya\u011fl\u0131 enginar da, bu doyurucu yeme\u011fi dengeleyecek sa\u011fl\u0131kl\u0131 se\u00e7enekler aras\u0131nda yer al\u0131r.<\/p>\n","protected":false},"excerpt":{"rendered":"<p>Ankara tava, ba\u015fkentin mutfa\u011f\u0131n\u0131n vazge\u00e7ilmez lezzetlerinden biridir. Sadece ger\u00e7ek Ankaral\u0131lar\u0131n bildi\u011fi bu nefis yemek, kokusuyla kom\u015fular\u0131 bile cezbedebilir. Etin yumu\u015fakl\u0131\u011f\u0131 ve baharatlar\u0131n m\u00fckemmel uyumu ile haz\u0131rlanan Ankara tavan\u0131n nas\u0131l yap\u0131ld\u0131\u011f\u0131n\u0131 merak ediyorsan\u0131z i\u00e7eri\u011fimize g\u00f6z atabilirsiniz. \u0130\u015fte detayl\u0131 tarifi.. <\/p>\n","protected":false},"author":16,"featured_media":149747,"comment_status":"closed","ping_status":"closed","sticky":false,"template":"","format":"standard","meta":{"rank_math_lock_modified_date":false,"footnotes":""},"categories":[191],"tags":[5914,5913],"class_list":["post-149741","post","type-post","status-publish","format-standard","has-post-thumbnail","hentry","category-yemek-tarifleri","tag-ankara-tava-nasil-yapilir","tag-ankara-tava-tarifi"],"_links":{"self":[{"href":"https:\/\/www.tgrthaber.com\/mavikadin\/wp-json\/wp\/v2\/posts\/149741"}],"collection":[{"href":"https:\/\/www.tgrthaber.com\/mavikadin\/wp-json\/wp\/v2\/posts"}],"about":[{"href":"https:\/\/www.tgrthaber.com\/mavikadin\/wp-json\/wp\/v2\/types\/post"}],"author":[{"embeddable":true,"href":"https:\/\/www.tgrthaber.com\/mavikadin\/wp-json\/wp\/v2\/users\/16"}],"replies":[{"embeddable":true,"href":"https:\/\/www.tgrthaber.com\/mavikadin\/wp-json\/wp\/v2\/comments?post=149741"}],"version-history":[{"count":2,"href":"https:\/\/www.tgrthaber.com\/mavikadin\/wp-json\/wp\/v2\/posts\/149741\/revisions"}],"predecessor-version":[{"id":149749,"href":"https:\/\/www.tgrthaber.com\/mavikadin\/wp-json\/wp\/v2\/posts\/149741\/revisions\/149749"}],"wp:featuredmedia":[{"embeddable":true,"href":"https:\/\/www.tgrthaber.com\/mavikadin\/wp-json\/wp\/v2\/media\/149747"}],"wp:attachment":[{"href":"https:\/\/www.tgrthaber.com\/mavikadin\/wp-json\/wp\/v2\/media?parent=149741"}],"wp:term":[{"taxonomy":"category","embeddable":true,"href":"https:\/\/www.tgrthaber.com\/mavikadin\/wp-json\/wp\/v2\/categories?post=149741"},{"taxonomy":"post_tag","embeddable":true,"href":"https:\/\/www.tgrthaber.com\/mavikadin\/wp-json\/wp\/v2\/tags?post=149741"}],"curies":[{"name":"wp","href":"https:\/\/api.w.org\/{rel}","templated":true}]}}