{"id":149835,"date":"2025-03-20T12:08:14","date_gmt":"2025-03-20T09:08:14","guid":{"rendered":"https:\/\/www.tgrthaber.com\/mavikadin\/?p=149835"},"modified":"2025-03-20T12:08:14","modified_gmt":"2025-03-20T09:08:14","slug":"nevruz-bayrami-ne-zaman-2025-nevruz-nedir-neden-kutlanir","status":"publish","type":"post","link":"https:\/\/www.tgrthaber.com\/mavikadin\/nevruz-bayrami-ne-zaman-2025-nevruz-nedir-neden-kutlanir\/","title":{"rendered":"Nevruz Bayram\u0131 ne zaman 2025? Nevruz nedir, neden kutlan\u0131r?"},"content":{"rendered":"<p>S\u0131cakl\u0131klar\u0131n y\u00fckselmesi ve bahar\u0131n m\u00fcjdecisi cemrelerin d\u00fc\u015fmesiyle birlikte Nevruz Bayram\u0131 ne zaman 2025? sorusu g\u00fcndeme geldi. Nevruz Bayram\u0131 2025 i\u00e7in geri say\u0131m ba\u015flad\u0131. Vatanda\u015flar\u0131n b\u00fcy\u00fck bir heyecanla bekledi\u011fi Nevruz Bayram\u0131, bu y\u0131lda \u00e7e\u015fitli etkinlikler ve geleneklerle ger\u00e7ekle\u015fecek. Peki, Nevruz Bayram\u0131 ne zaman 2025? Nevruz nedir, neden kutlan\u0131r? Nevruz Bayram\u0131\u2019nda hangi etkinlikler ve gelenekler yap\u0131l\u0131r? Hangi \u00fclkelerde Nevruz Bayram\u0131 kutlan\u0131r? Nevruz Bayram\u0131na dair detaylar\u0131 sizin i\u00e7in ara\u015ft\u0131rd\u0131k. \u0130\u015fte Nevruz Bayram\u0131 hakk\u0131nda merak edilenler\u2026<\/p>\n<h3>NEVRUZ BAYRAMI NE ZAMAN 2025?<\/h3>\n<p>Nevruz 2025 y\u0131l\u0131nda 21 Mart Cuma g\u00fcn\u00fcne denk geliyor. Her y\u0131l 21 Mart\u2019ta kutlanan bahar\u0131n geli\u015fini m\u00fcjdeleyen Nevruz, bu y\u0131l 21 Mart Cuma g\u00fcn\u00fc \u201cNevruz Bayram\u0131\u201d olarak kutlanacak. Binlerce y\u0131ll\u0131k ge\u00e7mi\u015fiyle bir\u00e7ok k\u00fclt\u00fcrde \u00f6nemli bir yer tutan Nevruz, do\u011fan\u0131n uyan\u0131\u015f\u0131n\u0131, yeni ba\u015flang\u0131\u00e7lar\u0131 ve birlikteli\u011fi simgeliyor.<\/p>\n<p><img loading=\"lazy\" decoding=\"async\" class=\"alignnone wp-image-149838\" src=\"https:\/\/www.tgrthaber.com\/mavikadin\/wp-content\/uploads\/nevruz-3-1024x576.jpg\" alt=\"Nevruz Bayram\u0131 ne zaman 2025? \" width=\"1208\" height=\"680\" title=\"\" srcset=\"https:\/\/www.tgrthaber.com\/mavikadin\/wp-content\/uploads\/nevruz-3-1024x576.jpg 1024w, https:\/\/www.tgrthaber.com\/mavikadin\/wp-content\/uploads\/nevruz-3-300x169.jpg 300w, https:\/\/www.tgrthaber.com\/mavikadin\/wp-content\/uploads\/nevruz-3-768x432.jpg 768w, https:\/\/www.tgrthaber.com\/mavikadin\/wp-content\/uploads\/nevruz-3-1536x864.jpg 1536w, https:\/\/www.tgrthaber.com\/mavikadin\/wp-content\/uploads\/nevruz-3.jpg 1600w\" sizes=\"(max-width: 1208px) 100vw, 1208px\" \/><\/p>\n<hr \/>\n<p>T\u00fcrkiye\u2019den Orta Asya\u2019ya, Balkanlar\u2019dan \u0130ran\u2019a kadar geni\u015f bir co\u011frafyada co\u015fkuyla kutlanan bu \u00f6zel g\u00fcn i\u00e7in haz\u0131rl\u0131klar t\u00fcm h\u0131z\u0131yla devam ediyor. Vatanda\u015flar\u0131n b\u00fcy\u00fck bir heyecanla bekledi\u011fi bu \u00f6zel g\u00fcn\u00fcn 21 Mart\u2019ta kutlanmas\u0131n\u0131n sebebi ise G\u00fcne\u015f 21 Mart\u2019a kadar g\u00fcney yar\u0131mk\u00fcreye daha \u00e7ok \u0131s\u0131 ve \u0131\u015f\u0131k verirken, bu denge 21 Mart\u2019ta e\u015fitlenip, daha sonra kuzey yar\u0131mk\u00fcre lehine bozuluyor.<\/p>\n<h3>NEVRUZ NED\u0130R, NEDEN KUTLANIR?<\/h3>\n<p>Nevruz, do\u011fan\u0131n uyan\u0131\u015f\u0131n\u0131, bahar\u0131n geli\u015fini ve yeni y\u0131l\u0131n ba\u015flang\u0131c\u0131n\u0131 simgeleyen milli bir bayramd\u0131r. T\u00fcrk, \u0130ran, K\u00fcrt, Azeri, Orta Asya ve Balkan halklar\u0131 taraf\u0131ndan binlerce y\u0131ld\u0131r kutlanan Nevruz, kelime olarak Fars\u00e7a k\u00f6kenlidir ve \u201cYeni G\u00fcn\u201d anlam\u0131na gelir. Do\u011fa Bayram\u0131 olarak da kabul edilen \u201cNevruz\u201d as\u0131rlard\u0131r devam eden gelenekleriyle Anadolu&#8217;da co\u015fkuyla kutlan\u0131r. Nevruz, T\u00fcrkiye\u2019de milli g\u00fcnler aras\u0131nda say\u0131l\u0131r. Nevruz\u2019un dini hi\u00e7bir y\u00f6n\u00fc yoktur.<\/p>\n<p><img loading=\"lazy\" decoding=\"async\" class=\"alignnone wp-image-149839\" src=\"https:\/\/www.tgrthaber.com\/mavikadin\/wp-content\/uploads\/nevruz-7-1024x576.jpg\" alt=\"Nevruz Bayram\u0131 ne zaman 2025? \" width=\"1208\" height=\"680\" title=\"\" srcset=\"https:\/\/www.tgrthaber.com\/mavikadin\/wp-content\/uploads\/nevruz-7-1024x576.jpg 1024w, https:\/\/www.tgrthaber.com\/mavikadin\/wp-content\/uploads\/nevruz-7-300x169.jpg 300w, https:\/\/www.tgrthaber.com\/mavikadin\/wp-content\/uploads\/nevruz-7-768x432.jpg 768w, https:\/\/www.tgrthaber.com\/mavikadin\/wp-content\/uploads\/nevruz-7-1536x864.jpg 1536w, https:\/\/www.tgrthaber.com\/mavikadin\/wp-content\/uploads\/nevruz-7.jpg 1600w\" sizes=\"(max-width: 1208px) 100vw, 1208px\" \/><\/p>\n<hr \/>\n<p>Bu bayram\u0131n k\u00f6keni \u00e7ok eskilere dayan\u0131r. Orta Asya T\u00fcrk topluluklar\u0131nda, G\u00f6kt\u00fcrkler\u2019in Ergenekon\u2019dan \u00e7\u0131k\u0131\u015f\u0131 ve demir da\u011flar\u0131 eriterek \u00f6zg\u00fcrl\u00fc\u011fe kavu\u015fmalar\u0131yla ili\u015fkilendirilirken, \u0130ran k\u00fclt\u00fcr\u00fcnde Nevruz, Zerd\u00fc\u015ftl\u00fckten gelen bir bahar bayram\u0131 olarak kabul edilir. Ayn\u0131 zamanda eski Mezopotamya ve Anadolu k\u00fclt\u00fcrlerinde de \u00f6nemli bir yere sahiptir.<\/p>\n<p>Nevruz, kelime anlam\u0131yla \u201cYeni G\u00fcn\u201d olarak an\u0131l\u0131yor. Kadim T\u00fcrk mitolojisinde Ergenekon\u2019dan \u00e7\u0131k\u0131\u015f g\u00fcn\u00fc olarak kabul edilen Nevruz, \u0130ran k\u00fclt\u00fcr\u00fcnde yeni y\u0131l\u0131n ba\u015flang\u0131c\u0131 olarak kabul ediliyor. Orta Asya\u2019dan Anadolu\u2019ya uzanan bu gelene\u011fin, bahar\u0131n geli\u015fiyle birlikte bereket, umut ve yeniden do\u011fu\u015fu temsil etti\u011fi d\u00fc\u015f\u00fcn\u00fcl\u00fcyor.<\/p>\n<p><img loading=\"lazy\" decoding=\"async\" class=\"alignnone wp-image-149840\" src=\"https:\/\/www.tgrthaber.com\/mavikadin\/wp-content\/uploads\/nevruz-5-1024x576.jpg\" alt=\"Nevruz Bayram\u0131 ne zaman 2025? \" width=\"1208\" height=\"680\" title=\"\" srcset=\"https:\/\/www.tgrthaber.com\/mavikadin\/wp-content\/uploads\/nevruz-5-1024x576.jpg 1024w, https:\/\/www.tgrthaber.com\/mavikadin\/wp-content\/uploads\/nevruz-5-300x169.jpg 300w, https:\/\/www.tgrthaber.com\/mavikadin\/wp-content\/uploads\/nevruz-5-768x432.jpg 768w, https:\/\/www.tgrthaber.com\/mavikadin\/wp-content\/uploads\/nevruz-5-1536x864.jpg 1536w, https:\/\/www.tgrthaber.com\/mavikadin\/wp-content\/uploads\/nevruz-5.jpg 1600w\" sizes=\"(max-width: 1208px) 100vw, 1208px\" \/><\/p>\n<hr \/>\n<h3>NEVRUZ BAYRAMI ETK\u0130NL\u0130KLER\u0130 VE GELENEKLER\u0130!<\/h3>\n<p>Uzun ve sert k\u0131\u015f aylar\u0131ndan sonra tabiat\u0131n baharla yeniden canlanmas\u0131n\u0131 sembolize eden Nevruz, UNESCO taraf\u0131ndan \u0130nsanl\u0131\u011f\u0131n Somut Olmayan K\u00fclt\u00fcrel Miras\u0131 olarak kabul edilmi\u015ftir ve T\u00fcrkiye dahil bir\u00e7ok \u00fclkede resmi olarak kutlanmaktad\u0131r. Milli bir bayram olarak kabul edilen Nevruz, resmi tatil g\u00fcnleri aras\u0131nda yer almad\u0131\u011f\u0131 i\u00e7in bug\u00fcn de kamu kurumlar\u0131yla e\u011fitim kurulu\u015flar\u0131n\u0131n kapal\u0131 olmayaca\u011f\u0131 biliniyor.<\/p>\n<p><img loading=\"lazy\" decoding=\"async\" class=\"alignnone wp-image-149841\" src=\"https:\/\/www.tgrthaber.com\/mavikadin\/wp-content\/uploads\/nevruz-6-1024x576.jpg\" alt=\"Nevruz Bayram\u0131 ne zaman 2025? \" width=\"1208\" height=\"680\" title=\"\" srcset=\"https:\/\/www.tgrthaber.com\/mavikadin\/wp-content\/uploads\/nevruz-6-1024x576.jpg 1024w, https:\/\/www.tgrthaber.com\/mavikadin\/wp-content\/uploads\/nevruz-6-300x169.jpg 300w, https:\/\/www.tgrthaber.com\/mavikadin\/wp-content\/uploads\/nevruz-6-768x432.jpg 768w, https:\/\/www.tgrthaber.com\/mavikadin\/wp-content\/uploads\/nevruz-6-1536x864.jpg 1536w, https:\/\/www.tgrthaber.com\/mavikadin\/wp-content\/uploads\/nevruz-6.jpg 1600w\" sizes=\"(max-width: 1208px) 100vw, 1208px\" \/><\/p>\n<hr \/>\n<p>Nevruz kutlamalar\u0131 k\u00fclt\u00fcrden k\u00fclt\u00fcre de\u011fi\u015fiklik g\u00f6sterse de baz\u0131 ortak gelenekler aras\u0131nda \u015fu etkinlikler ve gelenekler ge\u00e7ekle\u015fiyor;<\/p>\n<p><strong>Ate\u015f \u00dczerinden Atlamak<\/strong>: Nevruz gecesi b\u00fcy\u00fck ate\u015fler yak\u0131l\u0131r ve \u00fczerinden atlan\u0131r. Bu gelenek, k\u00f6t\u00fcl\u00fcklerden ar\u0131nmay\u0131 ve yeni y\u0131la temiz bir \u015fekilde girmeyi simgeler.<\/p>\n<p><strong>Demir D\u00f6vme<\/strong>: G\u00f6kt\u00fcrkler\u2019in Ergenekon\u2019dan \u00e7\u0131k\u0131\u015f\u0131na at\u0131fla demir d\u00f6vme gelene\u011fi, Nevruz\u2019un \u00f6nemli sembollerindendir.<\/p>\n<p><strong>Yumurta Boyama<\/strong>: Nevruz\u2019da boyal\u0131 yumurtalar kullan\u0131l\u0131r, bu gelenek bereketi ve yeniden do\u011fu\u015fu simgeler.<\/p>\n<p><strong>Nevruz Sofras\u0131 Kurma<\/strong>: Fars k\u00fclt\u00fcr\u00fcnde Haft Sin sofras\u0131 haz\u0131rlan\u0131rken, T\u00fcrk k\u00fclt\u00fcr\u00fcnde geleneksel yemekler pi\u015firilir.<\/p>\n<p><strong>Halk Oyunlar\u0131 ve \u015eenlikler<\/strong>: Nevruz g\u00fcn\u00fc \u00e7e\u015fitli halk danslar\u0131, m\u00fczik g\u00f6sterileri ve e\u011flenceler d\u00fczenlenir.<\/p>\n<p><strong>Do\u011fa Gezileri<\/strong>: \u0130nsanlar do\u011faya \u00e7\u0131karak bahar\u0131n geli\u015fini kutlar ve piknik yaparlar.<\/p>\n<p><strong>Dua Etme<\/strong>: Baz\u0131 k\u00fclt\u00fcrlerde Nevruz gecesi dualar edilir, a\u011fa\u00e7lara \u00e7aput ba\u011flan\u0131r veya suya dilek yaz\u0131l\u0131 ka\u011f\u0131tlar b\u0131rak\u0131l\u0131r.<\/p>\n","protected":false},"excerpt":{"rendered":"<p>Bahar\u0131n gelmesiyle birlikte 2025 y\u0131l\u0131 Nevruz Bayram\u0131 i\u00e7in geri say\u0131m ba\u015flad\u0131. Peki, Nevruz Bayram\u0131 ne zaman 2025? Nevruz nedir, neden kutlan\u0131r? Nevruz Bayram\u0131\u2019nda hangi etkinlikler ve gelenekler yap\u0131l\u0131r? \u0130\u015fte detaylar\u2026 <\/p>\n","protected":false},"author":26,"featured_media":149837,"comment_status":"closed","ping_status":"closed","sticky":false,"template":"","format":"standard","meta":{"rank_math_lock_modified_date":false,"footnotes":""},"categories":[78],"tags":[14884,14887,14885,14886],"class_list":["post-149835","post","type-post","status-publish","format-standard","has-post-thumbnail","hentry","category-yasam","tag-nevruz","tag-nevruz-2025","tag-nevruz-bayrami","tag-nevruz-ne-zaman"],"_links":{"self":[{"href":"https:\/\/www.tgrthaber.com\/mavikadin\/wp-json\/wp\/v2\/posts\/149835"}],"collection":[{"href":"https:\/\/www.tgrthaber.com\/mavikadin\/wp-json\/wp\/v2\/posts"}],"about":[{"href":"https:\/\/www.tgrthaber.com\/mavikadin\/wp-json\/wp\/v2\/types\/post"}],"author":[{"embeddable":true,"href":"https:\/\/www.tgrthaber.com\/mavikadin\/wp-json\/wp\/v2\/users\/26"}],"replies":[{"embeddable":true,"href":"https:\/\/www.tgrthaber.com\/mavikadin\/wp-json\/wp\/v2\/comments?post=149835"}],"version-history":[{"count":2,"href":"https:\/\/www.tgrthaber.com\/mavikadin\/wp-json\/wp\/v2\/posts\/149835\/revisions"}],"predecessor-version":[{"id":149843,"href":"https:\/\/www.tgrthaber.com\/mavikadin\/wp-json\/wp\/v2\/posts\/149835\/revisions\/149843"}],"wp:featuredmedia":[{"embeddable":true,"href":"https:\/\/www.tgrthaber.com\/mavikadin\/wp-json\/wp\/v2\/media\/149837"}],"wp:attachment":[{"href":"https:\/\/www.tgrthaber.com\/mavikadin\/wp-json\/wp\/v2\/media?parent=149835"}],"wp:term":[{"taxonomy":"category","embeddable":true,"href":"https:\/\/www.tgrthaber.com\/mavikadin\/wp-json\/wp\/v2\/categories?post=149835"},{"taxonomy":"post_tag","embeddable":true,"href":"https:\/\/www.tgrthaber.com\/mavikadin\/wp-json\/wp\/v2\/tags?post=149835"}],"curies":[{"name":"wp","href":"https:\/\/api.w.org\/{rel}","templated":true}]}}