{"id":149920,"date":"2025-03-20T15:42:36","date_gmt":"2025-03-20T12:42:36","guid":{"rendered":"https:\/\/www.tgrthaber.com\/mavikadin\/?p=149920"},"modified":"2025-03-20T15:42:36","modified_gmt":"2025-03-20T12:42:36","slug":"eski-popstar-yildizi-riza-tamer-sahnelere-geri-donuyor-sokaklardan-studyoya-geri-donus","status":"publish","type":"post","link":"https:\/\/www.tgrthaber.com\/mavikadin\/eski-popstar-yildizi-riza-tamer-sahnelere-geri-donuyor-sokaklardan-studyoya-geri-donus\/","title":{"rendered":"Eski popstar y\u0131ld\u0131z\u0131 R\u0131za Tamer sahnelere geri d\u00f6n\u00fcyor! Sokaklardan st\u00fcdyoya geri d\u00f6n\u00fc\u015f"},"content":{"rendered":"<p>&nbsp;<\/p>\n<p>&nbsp;<\/p>\n<p>Popstar y\u0131ld\u0131z\u0131 R\u0131za Tamer sokaklardan st\u00fcdyolara geri d\u00f6n\u00fcyor. Sesiyle dikkat \u00e7eken fenomen isim \u00e7al\u0131\u015fmalar\u0131n\u0131 yapaca\u011f\u0131 firmay\u0131 ise sosyal medya hesab\u0131ndan payla\u015ft\u0131.<\/p>\n<h3>RIZA TAMER SAHNELERE GER\u0130 D\u00d6N\u00dcYOR!<\/h3>\n<p>M\u00fczi\u011fe olan tutkusuyla bilinen R\u0131za Tamer sahnelere geri d\u00f6n\u00fcyor. Fenomen isim sokaklardan st\u00fcdyolara ge\u00e7i\u015f yapt\u0131\u011f\u0131n\u0131 sosyal medya hesab\u0131ndan duyurdu.<\/p>\n<h3>RIZA TAMER K\u0130MD\u0130R?<\/h3>\n<p>K\u00fc\u00e7\u00fck ya\u015flardan itibaren m\u00fczikle ilgilenen R\u0131za Tamer, Kahramanmara\u015fl\u0131 bir ailenin \u00e7ocu\u011fu olarak d\u00fcnyaya geldi.<br \/>\nAnne, baba ve karde\u015fi memleketinde ya\u015fayan R\u0131za Tamer m\u00fczi\u011fe olan ilgisi y\u00fcz\u00fcnden \u0130stanbul&#8217;a ta\u015f\u0131nd\u0131.<br \/>\nGe\u00e7ti\u011fimiz senelerde Popstar T\u00fcrkiye 2. Sezon yar\u0131\u015fmas\u0131na kat\u0131lan R\u0131za Tamer sesini milyonlara duyurmay\u0131 ba\u015fard\u0131.<br \/>\nG\u00fc\u00e7l\u00fc yorumu ve enerjisiyle dikkat \u00e7eken Tamer, yar\u0131\u015fmada da finale kadar gelmeyi ba\u015farm\u0131\u015ft\u0131.<\/p>\n<p><img loading=\"lazy\" decoding=\"async\" class=\"alignnone size-full wp-image-149926\" src=\"https:\/\/www.tgrthaber.com\/mavikadin\/wp-content\/uploads\/Riza-Tamer-3.jpg\" alt=\"\" width=\"1208\" height=\"680\" title=\"\" srcset=\"https:\/\/www.tgrthaber.com\/mavikadin\/wp-content\/uploads\/Riza-Tamer-3.jpg 1208w, https:\/\/www.tgrthaber.com\/mavikadin\/wp-content\/uploads\/Riza-Tamer-3-300x169.jpg 300w, https:\/\/www.tgrthaber.com\/mavikadin\/wp-content\/uploads\/Riza-Tamer-3-1024x576.jpg 1024w, https:\/\/www.tgrthaber.com\/mavikadin\/wp-content\/uploads\/Riza-Tamer-3-768x432.jpg 768w\" sizes=\"(max-width: 1208px) 100vw, 1208px\" \/><\/p>\n<hr \/>\n<p>Yar\u0131\u015fmadan sonra bir single alb\u00fcm \u00e7\u0131karsa da istedi\u011fi \u00e7\u0131k\u0131\u015f\u0131 elde edemedi. Ama onun m\u00fczi\u011fe olan tutkusu hi\u00e7 de\u011fi\u015fmedi ve bitmedi. R\u0131za Tamer, arka planda \u00e7al\u0131\u015fmalar\u0131n\u0131 s\u00fcrd\u00fcrd\u00fc.<\/p>\n<h3>DEN\u0130Z SEK\u0130 \u0130LE POLEM\u0130\u011e\u0130 G\u00dcNDEM OLMU\u015eTU<\/h3>\n<p>Popstar T\u00fcrkiye&#8217;de sadece g\u00f6sterdi\u011fi performanslar\u0131yla de\u011fil, j\u00fcri \u00fcyeleri ve yar\u0131\u015fmac\u0131lar aras\u0131ndaki diyaloglar\u0131yla da s\u0131k s\u0131k g\u00fcndem olan R\u0131za Tamer \u015fimdilerde yeniden g\u00fcndem oldu.<\/p>\n<p><img loading=\"lazy\" decoding=\"async\" class=\"alignnone size-full wp-image-149927\" src=\"https:\/\/www.tgrthaber.com\/mavikadin\/wp-content\/uploads\/Riza-Tamer-1.jpg\" alt=\"\" width=\"1208\" height=\"680\" title=\"\" srcset=\"https:\/\/www.tgrthaber.com\/mavikadin\/wp-content\/uploads\/Riza-Tamer-1.jpg 1208w, https:\/\/www.tgrthaber.com\/mavikadin\/wp-content\/uploads\/Riza-Tamer-1-300x169.jpg 300w, https:\/\/www.tgrthaber.com\/mavikadin\/wp-content\/uploads\/Riza-Tamer-1-1024x576.jpg 1024w, https:\/\/www.tgrthaber.com\/mavikadin\/wp-content\/uploads\/Riza-Tamer-1-768x432.jpg 768w\" sizes=\"(max-width: 1208px) 100vw, 1208px\" \/><\/p>\n<hr \/>\n<p>Deniz Seki, R\u0131za Tamer\u2019e &#8220;Sen \u00e7ok ukalas\u0131n, sinir bozucu bir tavr\u0131n var.&#8221; diyerek sert ele\u015ftiri yapm\u0131\u015ft\u0131. R\u0131za Tamer bu yorum kar\u015f\u0131s\u0131nda, \u201cBen kal\u0131rsam star olurum ama sizin karar\u0131n\u0131z \u00f6nemli. Star olmak sadece sesle de\u011fil, sahne enerjisiyle de olur. T\u00fcrkiye\u2019de bir\u00e7ok g\u00fczel ses var.\u201d \u015feklinde cevap vermi\u015fti.<\/p>\n<p>\u015eark\u0131c\u0131 Deniz Seki\u2019nin \u201cKarakterin bizi etkileyemiyor.\u201d s\u00f6zleri \u00fczerine R\u0131za Tamer duygusal anlar ya\u015fayarak g\u00f6zya\u015flar\u0131na h\u00e2kim olamam\u0131\u015ft\u0131.<\/p>\n<p><img loading=\"lazy\" decoding=\"async\" class=\"alignnone size-full wp-image-149929\" src=\"https:\/\/www.tgrthaber.com\/mavikadin\/wp-content\/uploads\/Riza-Tamer-2.jpg\" alt=\"\" width=\"1208\" height=\"680\" title=\"\" srcset=\"https:\/\/www.tgrthaber.com\/mavikadin\/wp-content\/uploads\/Riza-Tamer-2.jpg 1208w, https:\/\/www.tgrthaber.com\/mavikadin\/wp-content\/uploads\/Riza-Tamer-2-300x169.jpg 300w, https:\/\/www.tgrthaber.com\/mavikadin\/wp-content\/uploads\/Riza-Tamer-2-1024x576.jpg 1024w, https:\/\/www.tgrthaber.com\/mavikadin\/wp-content\/uploads\/Riza-Tamer-2-768x432.jpg 768w\" sizes=\"(max-width: 1208px) 100vw, 1208px\" \/><\/p>\n<hr \/>\n<h3>YILLAR SONRA YEN\u0130DEN KE\u015eFED\u0130LD\u0130<\/h3>\n<p>R\u0131za Tamer y\u0131llar sonra yeniden ke\u015ffedilerek sosyal medya payla\u015f\u0131mlar\u0131yla dikkat \u00e7ekti. Sosyal medya fenomeni Do\u011fan Cem, m\u00fczik yeteneklerini ke\u015ffetmeye y\u00f6nelik payla\u015f\u0131mlar yaparken, \u015fark\u0131 s\u00f6yleyen bir gencin videosunu payla\u015farak onun kim oldu\u011funu bulmaya \u00e7al\u0131\u015ft\u0131.<\/p>\n<p><img loading=\"lazy\" decoding=\"async\" class=\"alignnone size-full wp-image-149932\" src=\"https:\/\/www.tgrthaber.com\/mavikadin\/wp-content\/uploads\/Riza-Tamer-5.jpg\" alt=\"\" width=\"1208\" height=\"680\" title=\"\" srcset=\"https:\/\/www.tgrthaber.com\/mavikadin\/wp-content\/uploads\/Riza-Tamer-5.jpg 1208w, https:\/\/www.tgrthaber.com\/mavikadin\/wp-content\/uploads\/Riza-Tamer-5-300x169.jpg 300w, https:\/\/www.tgrthaber.com\/mavikadin\/wp-content\/uploads\/Riza-Tamer-5-1024x576.jpg 1024w, https:\/\/www.tgrthaber.com\/mavikadin\/wp-content\/uploads\/Riza-Tamer-5-768x432.jpg 768w\" sizes=\"(max-width: 1208px) 100vw, 1208px\" \/><\/p>\n<hr \/>\n<p>Do\u011fan Cem payla\u015f\u0131m\u0131nda, \u201cBu adam resmen insan\u0131 hipnotize ediyor! \u00dcnl\u00fc olmak zorunda! Ka\u00e7ar\u0131 yok, ben en \u00f6n s\u0131radan biletimi ald\u0131m bile!\u201d s\u00f6zlerine yer vererek takip\u00e7ilerinden bu yetenekli ismin kim oldu\u011funu ara\u015ft\u0131rmalar\u0131n\u0131 istedi.<\/p>\n<p>Ara\u015ft\u0131rmalar sonras\u0131nda gizemli yetene\u011fin Popstar T\u00fcrkiye 2. Sezon yar\u0131\u015fmac\u0131s\u0131 R\u0131za Tamer oldu\u011fu \u00f6\u011frenildi.<br \/>\nBu geli\u015fme sonras\u0131nda y\u0131llard\u0131r sahnelerden uzak kalan sanat\u00e7\u0131, bir anda en \u00e7ok konu\u015fulan isimler aras\u0131nda yer ald\u0131.<\/p>\n","protected":false},"excerpt":{"rendered":"<p>Eski popstar y\u0131ld\u0131z\u0131 R\u0131za Tamer sahnelere geri d\u00f6n\u00fc\u015f yap\u0131yor. Sokaklardan st\u00fcdyolara d\u00f6nen fenomen isim sosyal medyada payla\u015ft\u0131\u011f\u0131 videolar ile g\u00fcndem oldu.<\/p>\n","protected":false},"author":5,"featured_media":149934,"comment_status":"closed","ping_status":"closed","sticky":false,"template":"","format":"standard","meta":{"rank_math_lock_modified_date":false,"footnotes":""},"categories":[76],"tags":[14754],"class_list":["post-149920","post","type-post","status-publish","format-standard","has-post-thumbnail","hentry","category-magazin","tag-riza-tamer"],"_links":{"self":[{"href":"https:\/\/www.tgrthaber.com\/mavikadin\/wp-json\/wp\/v2\/posts\/149920"}],"collection":[{"href":"https:\/\/www.tgrthaber.com\/mavikadin\/wp-json\/wp\/v2\/posts"}],"about":[{"href":"https:\/\/www.tgrthaber.com\/mavikadin\/wp-json\/wp\/v2\/types\/post"}],"author":[{"embeddable":true,"href":"https:\/\/www.tgrthaber.com\/mavikadin\/wp-json\/wp\/v2\/users\/5"}],"replies":[{"embeddable":true,"href":"https:\/\/www.tgrthaber.com\/mavikadin\/wp-json\/wp\/v2\/comments?post=149920"}],"version-history":[{"count":1,"href":"https:\/\/www.tgrthaber.com\/mavikadin\/wp-json\/wp\/v2\/posts\/149920\/revisions"}],"predecessor-version":[{"id":149935,"href":"https:\/\/www.tgrthaber.com\/mavikadin\/wp-json\/wp\/v2\/posts\/149920\/revisions\/149935"}],"wp:featuredmedia":[{"embeddable":true,"href":"https:\/\/www.tgrthaber.com\/mavikadin\/wp-json\/wp\/v2\/media\/149934"}],"wp:attachment":[{"href":"https:\/\/www.tgrthaber.com\/mavikadin\/wp-json\/wp\/v2\/media?parent=149920"}],"wp:term":[{"taxonomy":"category","embeddable":true,"href":"https:\/\/www.tgrthaber.com\/mavikadin\/wp-json\/wp\/v2\/categories?post=149920"},{"taxonomy":"post_tag","embeddable":true,"href":"https:\/\/www.tgrthaber.com\/mavikadin\/wp-json\/wp\/v2\/tags?post=149920"}],"curies":[{"name":"wp","href":"https:\/\/api.w.org\/{rel}","templated":true}]}}