{"id":149975,"date":"2025-03-20T17:05:20","date_gmt":"2025-03-20T14:05:20","guid":{"rendered":"https:\/\/www.tgrthaber.com\/mavikadin\/?p=149975"},"modified":"2025-03-20T17:17:01","modified_gmt":"2025-03-20T14:17:01","slug":"osman-sinav-neden-oldu-osman-sinav-hasta-miydi","status":"publish","type":"post","link":"https:\/\/www.tgrthaber.com\/mavikadin\/osman-sinav-neden-oldu-osman-sinav-hasta-miydi\/","title":{"rendered":"Osman S\u0131nav neden \u00f6ld\u00fc? Osman S\u0131nav hasta m\u0131yd\u0131?"},"content":{"rendered":"<p>Osman S\u0131nav neden \u00f6ld\u00fc? merak ediliyor. T\u00fcrk televizyon ve sinema d\u00fcnyas\u0131n\u0131n \u00f6nemli isimlerinden yap\u0131mc\u0131 ve y\u00f6netmen Osman S\u0131nav 69 ya\u015f\u0131nda hayat\u0131n\u0131 kaybetti.<\/p>\n<h3>OSMAN SINAV NEDEN \u00d6LD\u00dc?<\/h3>\n<p>Osman S\u0131nav neden \u00f6ld\u00fc? ara\u015ft\u0131r\u0131lmaya ba\u015fland\u0131. T\u00fcrk televizyon ve sinema d\u00fcnyas\u0131n\u0131n \u00f6nemli isimlerinden, y\u00f6netmen ve yap\u0131mc\u0131 Osman S\u0131nav 69 ya\u015f\u0131nda vefat etti.<\/p>\n<p>\u201cEkmek Teknesi\u201d, \u201cDeli Y\u00fcrek\u201d ve \u201cKurtlar Vadisi\u201d gibi unutulmaz yap\u0131mlara imza atan Osman S\u0131nav uzun s\u00fcredir kanser tedavisi g\u00f6r\u00fcyordu.<\/p>\n<p><img loading=\"lazy\" decoding=\"async\" class=\"alignnone size-full wp-image-149985\" src=\"https:\/\/www.tgrthaber.com\/mavikadin\/wp-content\/uploads\/Osman-Sinav-2-1.jpg\" alt=\"\" width=\"1208\" height=\"680\" title=\"\" srcset=\"https:\/\/www.tgrthaber.com\/mavikadin\/wp-content\/uploads\/Osman-Sinav-2-1.jpg 1208w, https:\/\/www.tgrthaber.com\/mavikadin\/wp-content\/uploads\/Osman-Sinav-2-1-300x169.jpg 300w, https:\/\/www.tgrthaber.com\/mavikadin\/wp-content\/uploads\/Osman-Sinav-2-1-1024x576.jpg 1024w, https:\/\/www.tgrthaber.com\/mavikadin\/wp-content\/uploads\/Osman-Sinav-2-1-768x432.jpg 768w\" sizes=\"(max-width: 1208px) 100vw, 1208px\" \/><\/p>\n<hr \/>\n<p>Osman S\u0131nav&#8217;\u0131 ge\u00e7ti\u011fimiz ay Kurtlar Vadisi\u2019nde beraber \u00e7al\u0131\u015ft\u0131\u011f\u0131 \u00d6zg\u00fc Namal, Sel\u00e7uk Y\u00f6ntem, Oktay Kaynarca ile Mehmet Aslantu\u011f ziyaret etmi\u015fti.<\/p>\n<p>\u00dcnl\u00fc y\u00f6netmenin cenaze t\u00f6reniyle ilgili detaylar\u0131n ilerleyen saatlerde netle\u015fmesi bekleniyor.<\/p>\n<h3>OSMAN SINAV K\u0130MD\u0130R?<\/h3>\n<p>Osman S\u0131nav 1956 y\u0131l\u0131nda Burdur\u2019da d\u00fcnyaya geldi. Sanat e\u011fitimini Marmara \u00dcniversitesi G\u00fczel Sanatlar Fak\u00fcltesi\u2019nde tamamlad\u0131.<\/p>\n<p>1990\u2019l\u0131 ve 2000\u2019li y\u0131llarda y\u00f6netti\u011fi dizilerle ad\u0131n\u0131 geni\u015f kitlelere duyuran Osman S\u0131nav, T\u00fcrk televizyon tarihinde derin izler b\u0131rakt\u0131.<\/p>\n<p><img loading=\"lazy\" decoding=\"async\" class=\"alignnone size-full wp-image-149977\" src=\"https:\/\/www.tgrthaber.com\/mavikadin\/wp-content\/uploads\/Osman-Sinav-1.jpg\" alt=\"\" width=\"1208\" height=\"680\" title=\"\" srcset=\"https:\/\/www.tgrthaber.com\/mavikadin\/wp-content\/uploads\/Osman-Sinav-1.jpg 1208w, https:\/\/www.tgrthaber.com\/mavikadin\/wp-content\/uploads\/Osman-Sinav-1-300x169.jpg 300w, https:\/\/www.tgrthaber.com\/mavikadin\/wp-content\/uploads\/Osman-Sinav-1-1024x576.jpg 1024w, https:\/\/www.tgrthaber.com\/mavikadin\/wp-content\/uploads\/Osman-Sinav-1-768x432.jpg 768w\" sizes=\"(max-width: 1208px) 100vw, 1208px\" \/><\/p>\n<hr \/>\n<p>\u0130lk olarak kariyerine reklam filmleriyle ba\u015flayan \u00fcnl\u00fc isim daha sonra televizyon ve sinema d\u00fcnyas\u0131nda yer edindi.<br \/>\nOnun imzas\u0131n\u0131 ta\u015f\u0131yan yap\u0131mlar, d\u00f6nemin en \u00e7ok izlenen dizileri aras\u0131nda olmay\u0131 ba\u015fard\u0131.<\/p>\n<p>Osman S\u0131nav sadece y\u00f6netmenli\u011fiyle de\u011fil yap\u0131mc\u0131 yan\u0131yla da \u00e7ok say\u0131da projede yer ald\u0131. T\u00fcrk televizyon tarihinin en \u00f6nemli yap\u0131mlar\u0131ndan kabul edilen \u201cDeli Y\u00fcrek\u201d, 1998\u2019de yay\u0131n hayat\u0131na ba\u015flam\u0131\u015f ve geni\u015f bir hayran kitlesine ula\u015fm\u0131\u015ft\u0131.<\/p>\n<p><img loading=\"lazy\" decoding=\"async\" class=\"alignnone size-full wp-image-149978\" src=\"https:\/\/www.tgrthaber.com\/mavikadin\/wp-content\/uploads\/Osman-Sinav-4.jpg\" alt=\"\" width=\"1208\" height=\"680\" title=\"\" srcset=\"https:\/\/www.tgrthaber.com\/mavikadin\/wp-content\/uploads\/Osman-Sinav-4.jpg 1208w, https:\/\/www.tgrthaber.com\/mavikadin\/wp-content\/uploads\/Osman-Sinav-4-300x169.jpg 300w, https:\/\/www.tgrthaber.com\/mavikadin\/wp-content\/uploads\/Osman-Sinav-4-1024x576.jpg 1024w, https:\/\/www.tgrthaber.com\/mavikadin\/wp-content\/uploads\/Osman-Sinav-4-768x432.jpg 768w\" sizes=\"(max-width: 1208px) 100vw, 1208px\" \/><\/p>\n<hr \/>\n<p>S\u0131nav, ard\u0131ndan Ekmek Teknesi ile s\u0131cak mahalle hikayelerini i\u015fledi. \u00dcnl\u00fc isim daha sonra \u201cKurtlar Vadisi\u201dnin ilk sezonundaki y\u00f6netmenli\u011fiyle de b\u00fcy\u00fck ilgi g\u00f6rd\u00fc.<\/p>\n<p>\u00d6nemli i\u015flere imza atan Osman S\u0131nav sadece televizyon d\u00fcnyas\u0131nda de\u011fil sinemada da \u00f6nemli i\u015flere imza att\u0131.<\/p>\n<p><img loading=\"lazy\" decoding=\"async\" class=\"alignnone size-full wp-image-149979\" src=\"https:\/\/www.tgrthaber.com\/mavikadin\/wp-content\/uploads\/Osman-Sinav-5.jpg\" alt=\"\" width=\"1208\" height=\"680\" title=\"\" srcset=\"https:\/\/www.tgrthaber.com\/mavikadin\/wp-content\/uploads\/Osman-Sinav-5.jpg 1208w, https:\/\/www.tgrthaber.com\/mavikadin\/wp-content\/uploads\/Osman-Sinav-5-300x169.jpg 300w, https:\/\/www.tgrthaber.com\/mavikadin\/wp-content\/uploads\/Osman-Sinav-5-1024x576.jpg 1024w, https:\/\/www.tgrthaber.com\/mavikadin\/wp-content\/uploads\/Osman-Sinav-5-768x432.jpg 768w\" sizes=\"(max-width: 1208px) 100vw, 1208px\" \/><\/p>\n<hr \/>\n<p>\u201cUzun Hik\u00e2ye\u201d, \u201cSuna\u201d ve \u201cYaln\u0131z Kurt\u201d gibi projeleriyle dikkat \u00e7eken Osman S\u0131nav, kariyeri boyunca bir\u00e7ok \u00f6d\u00fcle lay\u0131k g\u00f6r\u00fcld\u00fc.<\/p>\n<p>\u00dcnl\u00fc y\u00f6netmen, T\u00fcrkiye\u2019de dramatik anlat\u0131m\u0131 de\u011fi\u015fik bir boyuta ta\u015f\u0131yan isimlerden biri olarak kabul edildi.<\/p>\n","protected":false},"excerpt":{"rendered":"<p>Osman S\u0131nav neden \u00f6ld\u00fc? merak konusu oldu. T\u00fcrk televizyon ve sinema d\u00fcnyas\u0131n\u0131n \u00f6nemli isimlerinden olan Osman S\u0131nav ani \u00f6l\u00fcm\u00fcyle sosyal medyada g\u00fcndem oldu.<\/p>\n","protected":false},"author":5,"featured_media":149984,"comment_status":"closed","ping_status":"closed","sticky":false,"template":"","format":"standard","meta":{"rank_math_lock_modified_date":false,"footnotes":""},"categories":[76],"tags":[3667],"class_list":["post-149975","post","type-post","status-publish","format-standard","has-post-thumbnail","hentry","category-magazin","tag-osman-sinav"],"_links":{"self":[{"href":"https:\/\/www.tgrthaber.com\/mavikadin\/wp-json\/wp\/v2\/posts\/149975"}],"collection":[{"href":"https:\/\/www.tgrthaber.com\/mavikadin\/wp-json\/wp\/v2\/posts"}],"about":[{"href":"https:\/\/www.tgrthaber.com\/mavikadin\/wp-json\/wp\/v2\/types\/post"}],"author":[{"embeddable":true,"href":"https:\/\/www.tgrthaber.com\/mavikadin\/wp-json\/wp\/v2\/users\/5"}],"replies":[{"embeddable":true,"href":"https:\/\/www.tgrthaber.com\/mavikadin\/wp-json\/wp\/v2\/comments?post=149975"}],"version-history":[{"count":7,"href":"https:\/\/www.tgrthaber.com\/mavikadin\/wp-json\/wp\/v2\/posts\/149975\/revisions"}],"predecessor-version":[{"id":149989,"href":"https:\/\/www.tgrthaber.com\/mavikadin\/wp-json\/wp\/v2\/posts\/149975\/revisions\/149989"}],"wp:featuredmedia":[{"embeddable":true,"href":"https:\/\/www.tgrthaber.com\/mavikadin\/wp-json\/wp\/v2\/media\/149984"}],"wp:attachment":[{"href":"https:\/\/www.tgrthaber.com\/mavikadin\/wp-json\/wp\/v2\/media?parent=149975"}],"wp:term":[{"taxonomy":"category","embeddable":true,"href":"https:\/\/www.tgrthaber.com\/mavikadin\/wp-json\/wp\/v2\/categories?post=149975"},{"taxonomy":"post_tag","embeddable":true,"href":"https:\/\/www.tgrthaber.com\/mavikadin\/wp-json\/wp\/v2\/tags?post=149975"}],"curies":[{"name":"wp","href":"https:\/\/api.w.org\/{rel}","templated":true}]}}