{"id":150120,"date":"2025-03-20T22:17:30","date_gmt":"2025-03-20T19:17:30","guid":{"rendered":"https:\/\/www.tgrthaber.com\/mavikadin\/?p=150120"},"modified":"2025-03-20T22:17:30","modified_gmt":"2025-03-20T19:17:30","slug":"siyah-kalpte-nuhtan-beklenmeyen-hareket-cihan-ve-melekin-dugunune-ayak-basiyor","status":"publish","type":"post","link":"https:\/\/www.tgrthaber.com\/mavikadin\/siyah-kalpte-nuhtan-beklenmeyen-hareket-cihan-ve-melekin-dugunune-ayak-basiyor\/","title":{"rendered":"Siyah Kalp\u2019te Nuh\u2019tan beklenmeyen hareket! Cihan ve Melek\u2019in d\u00fc\u011f\u00fcn\u00fcne ayak bas\u0131yor"},"content":{"rendered":"<p>Show TV\u2019de her Per\u015fembe ekrana gelen dizi Siyah Kalp, yay\u0131nland\u0131\u011f\u0131 g\u00fcnden bu yana ilgi ile takip ediliyor. Kadrosu ve konusu ile dikkat \u00e7eken yap\u0131mda heyecan dolu geli\u015fmeler ya\u015fan\u0131yor. Siyah Kalp bu ak\u015fam 25. Yeni b\u00f6l\u00fcm\u00fc ile seyirci kar\u015f\u0131s\u0131na \u00e7\u0131kt\u0131. Dizide Cihan ve Nuh aras\u0131ndaki buzlar\u0131n eriyip erimedi\u011fi merak konusu. Yoksa Nuh, karde\u015finin d\u00fc\u011f\u00fcn\u00fcnde olay m\u0131 \u00e7\u0131karacak?<\/p>\n<h3>S\u0130YAH KALP\u2019TE NUH VE C\u0130HAN BARI\u015eACAK MI?<\/h3>\n<p>Murat Sara\u00e7o\u011flu ve Evren Karab\u0131y\u0131k y\u00f6netmen koltu\u011funda oturdu\u011fu dizi\u015f Siyah Kalp 25. yeni b\u00f6l\u00fcm\u00fc ile ekrana geldi. Senaryosunu Y\u0131ld\u0131z Tun\u00e7\u2019un \u00fcstlendi\u011fi dizi per\u015fembe ak\u015famlar\u0131 Show TV&#8217;de izleyici ile bulu\u015fuyor. Bu hafta yine nefes kesici olaylar ya\u015fan\u0131yor. Melek ile Cihan evlenme karar\u0131 al\u0131yor ve d\u00fc\u011f\u00fcnlerine Nuh&#8217;ta kat\u0131l\u0131yor. Bu durumda Nuh ve Cihan aras\u0131nda yeni bir arkada\u015fl\u0131k m\u0131 ba\u015flayacak sinyallerini verdi.<\/p>\n<p><img loading=\"lazy\" decoding=\"async\" class=\"alignnone wp-image-150122\" src=\"https:\/\/www.tgrthaber.com\/mavikadin\/wp-content\/uploads\/Siyah-Kalp-melek-cihan-300x200.jpg\" alt=\"\" width=\"1280\" height=\"853\" title=\"\" srcset=\"https:\/\/www.tgrthaber.com\/mavikadin\/wp-content\/uploads\/Siyah-Kalp-melek-cihan-300x200.jpg 300w, https:\/\/www.tgrthaber.com\/mavikadin\/wp-content\/uploads\/Siyah-Kalp-melek-cihan-768x512.jpg 768w, https:\/\/www.tgrthaber.com\/mavikadin\/wp-content\/uploads\/Siyah-Kalp-melek-cihan.jpg 840w\" sizes=\"(max-width: 1280px) 100vw, 1280px\" \/><\/p>\n<hr \/>\n<p>Tims&amp;B Productions imzal\u0131 dizinin yap\u0131mc\u0131l\u0131\u011f\u0131n\u0131 Timur Savc\u0131 ve Burak Sa\u011fya\u015far \u00fcstleniyor. Her hafta merakla beklenen dizinin yeni b\u00f6l\u00fcm\u00fcnde \u015fa\u015f\u0131rtan olaylar ya\u015fan\u0131yor.<\/p>\n<p><img loading=\"lazy\" decoding=\"async\" class=\"alignnone wp-image-150125\" src=\"https:\/\/www.tgrthaber.com\/mavikadin\/wp-content\/uploads\/Siyah-KalpSiyah-Kalp-300x200.jpg\" alt=\"\" width=\"1280\" height=\"853\" title=\"\" srcset=\"https:\/\/www.tgrthaber.com\/mavikadin\/wp-content\/uploads\/Siyah-KalpSiyah-Kalp-300x200.jpg 300w, https:\/\/www.tgrthaber.com\/mavikadin\/wp-content\/uploads\/Siyah-KalpSiyah-Kalp-768x512.jpg 768w, https:\/\/www.tgrthaber.com\/mavikadin\/wp-content\/uploads\/Siyah-KalpSiyah-Kalp.jpg 840w\" sizes=\"(max-width: 1280px) 100vw, 1280px\" \/><\/p>\n<hr \/>\n<p>Cihan ve Melek sonunda mutlu sona kavu\u015fuyor ve evleniyorlar. D\u00fc\u011f\u00fcn g\u00fcn\u00fc ise beklenmedik bir geli\u015fme ya\u015fan\u0131yor. Nuh, Melek ve Cihan&#8217;\u0131n d\u00fc\u011f\u00fcn\u00fcne geliyor. Ayr\u0131ca, Nuh&#8217;un Cihan&#8217;a el uzat\u0131p tokala\u015fmas\u0131 acaba \u201cBar\u0131\u015facaklar m\u0131?\u201d sorusunun ortaya \u00e7\u0131kmas\u0131na neden oldu. \u00d6te yandan bak\u0131ld\u0131\u011f\u0131nda Nuh, karde\u015finin mutlulu\u011fu i\u00e7in bir ad\u0131m atm\u0131\u015f gibi g\u00f6r\u00fcn\u00fcyor.<\/p>\n<p><img loading=\"lazy\" decoding=\"async\" class=\"alignnone wp-image-150121\" src=\"https:\/\/www.tgrthaber.com\/mavikadin\/wp-content\/uploads\/Siyah-Kalp-cihan-300x200.jpg\" alt=\"\" width=\"1280\" height=\"853\" title=\"\" srcset=\"https:\/\/www.tgrthaber.com\/mavikadin\/wp-content\/uploads\/Siyah-Kalp-cihan-300x200.jpg 300w, https:\/\/www.tgrthaber.com\/mavikadin\/wp-content\/uploads\/Siyah-Kalp-cihan-768x512.jpg 768w, https:\/\/www.tgrthaber.com\/mavikadin\/wp-content\/uploads\/Siyah-Kalp-cihan.jpg 840w\" sizes=\"(max-width: 1280px) 100vw, 1280px\" \/><\/p>\n<hr \/>\n<h3>S\u0130YAH KALP OYUNCU KADROSU<\/h3>\n<p>Show TV\u2019nin sevilen dizileri aras\u0131nda bulunan Siyah Kalp\u2019\u0131n kadrosunda; Ece Uslu (Sumru), Aras Ayd\u0131n (Nuh), Hafsanur Sancaktutan (Melek), Leyla Tanlar (Sevilay), Burak Tozkoparan (Cihan), Esra Dermanc\u0131o\u011flu (Hikmet), Burak Sergen (Samet), Genco \u00d6zak (Esat), \u0130lker Aksum (Tahsin), B\u00fclent Polat (B\u00fcnyamin), Ay\u015fe Tunaboylu (Enise), G\u00f6zde C\u0131\u011fac\u0131 (Canan), Derin \u0130nce (Harika), Deniz Karaba\u015f (Esma), Ferda I\u015f\u0131l (Sakine) ve I\u015f\u0131l Y\u00fccesoy (Nihayet) gibi gen\u00e7 ve usta yetenekler bir arada bulunuyor.<\/p>\n","protected":false},"excerpt":{"rendered":"<p>Siyah Kalp dizisinde bu hafta dikkat \u00e7eken olaylardan biri ise Nuh&#8217;un, Melek ve Cihan&#8217;\u0131n d\u00fc\u011f\u00fcnlerine ad\u0131m atmas\u0131 oldu. Sevilen dizi Siyah Kalp&#8217;te her hafta yeni geli\u015fmeler seyirciyi ekran ba\u015f\u0131na kilitlemeye devam ediyor. \u0130\u015fte Siyah Kalp son b\u00f6l\u00fcmde ya\u015fananlar&#8230;<\/p>\n","protected":false},"author":33,"featured_media":150123,"comment_status":"closed","ping_status":"closed","sticky":false,"template":"","format":"standard","meta":{"rank_math_lock_modified_date":false,"footnotes":""},"categories":[602],"tags":[14949,8970,14950],"class_list":["post-150120","post","type-post","status-publish","format-standard","has-post-thumbnail","hentry","category-diziler","tag-siyah-kalp-cihan","tag-siyah-kalp-melek","tag-siyah-kalp-nuh"],"_links":{"self":[{"href":"https:\/\/www.tgrthaber.com\/mavikadin\/wp-json\/wp\/v2\/posts\/150120"}],"collection":[{"href":"https:\/\/www.tgrthaber.com\/mavikadin\/wp-json\/wp\/v2\/posts"}],"about":[{"href":"https:\/\/www.tgrthaber.com\/mavikadin\/wp-json\/wp\/v2\/types\/post"}],"author":[{"embeddable":true,"href":"https:\/\/www.tgrthaber.com\/mavikadin\/wp-json\/wp\/v2\/users\/33"}],"replies":[{"embeddable":true,"href":"https:\/\/www.tgrthaber.com\/mavikadin\/wp-json\/wp\/v2\/comments?post=150120"}],"version-history":[{"count":2,"href":"https:\/\/www.tgrthaber.com\/mavikadin\/wp-json\/wp\/v2\/posts\/150120\/revisions"}],"predecessor-version":[{"id":150128,"href":"https:\/\/www.tgrthaber.com\/mavikadin\/wp-json\/wp\/v2\/posts\/150120\/revisions\/150128"}],"wp:featuredmedia":[{"embeddable":true,"href":"https:\/\/www.tgrthaber.com\/mavikadin\/wp-json\/wp\/v2\/media\/150123"}],"wp:attachment":[{"href":"https:\/\/www.tgrthaber.com\/mavikadin\/wp-json\/wp\/v2\/media?parent=150120"}],"wp:term":[{"taxonomy":"category","embeddable":true,"href":"https:\/\/www.tgrthaber.com\/mavikadin\/wp-json\/wp\/v2\/categories?post=150120"},{"taxonomy":"post_tag","embeddable":true,"href":"https:\/\/www.tgrthaber.com\/mavikadin\/wp-json\/wp\/v2\/tags?post=150120"}],"curies":[{"name":"wp","href":"https:\/\/api.w.org\/{rel}","templated":true}]}}