{"id":150126,"date":"2025-03-20T22:21:25","date_gmt":"2025-03-20T19:21:25","guid":{"rendered":"https:\/\/www.tgrthaber.com\/mavikadin\/?p=150126"},"modified":"2025-03-20T22:21:25","modified_gmt":"2025-03-20T19:21:25","slug":"usta-oyuncu-selcuk-yontemden-osman-sinava-veda-mesaji-cok-ozleyecegim","status":"publish","type":"post","link":"https:\/\/www.tgrthaber.com\/mavikadin\/usta-oyuncu-selcuk-yontemden-osman-sinava-veda-mesaji-cok-ozleyecegim\/","title":{"rendered":"Usta oyuncu Sel\u00e7uk Y\u00f6ntem&#8217;den Osman S\u0131nav&#8217;a veda mesaj\u0131: &#8220;\u00c7ok \u00f6zleyece\u011fim&#8221;"},"content":{"rendered":"<p>Usta yap\u0131mc\u0131 ve y\u00f6netmen Osman S\u0131nav 69 ya\u015f\u0131nda hayat\u0131n\u0131 kaybetti. Uzun s\u00fcredir kanserle m\u00fccadele eden S\u0131nav, T\u00fcrk dizi ve film sekt\u00f6r\u00fcne k\u00fclt yap\u0131mlar b\u0131rakt\u0131. Kurtlar Vadisi, Deli Y\u00fcrek, Ekmek Teknesi gibi g\u00fcn\u00fcm\u00fczde hala geni\u015f hayran kitlesine sahip yap\u0131mlara imza atan Osman S\u0131nav&#8217;\u0131n vefat\u0131 sanat d\u00fcnyas\u0131n\u0131 yasa bo\u011fdu. Usta oyuncu Sel\u00e7uk Y\u00f6ntem, Osman S\u0131nav&#8217;\u0131n vefat\u0131 sonras\u0131 bir veda mesaj\u0131 yay\u0131nlad\u0131.<\/p>\n<h3>SEL\u00c7UK Y\u00d6NTEM&#8217;DEN OSMAN SINAV&#8217;A VEDA<\/h3>\n<p>2024 y\u0131l\u0131n\u0131n Aral\u0131k ay\u0131nda Sel\u00e7uk Y\u00f6ntem, Oktay Kaynarca, \u00d6zg\u00fc Namal ve Mehmet Aslantu\u011f Osman S\u0131nav&#8217;a ziyarette bulunmu\u015ftu. Ziyarete ili\u015fkin foto\u011fraf payla\u015fan Sel\u00e7uk Y\u00f6ntem, &#8220;Sevgili dostum y\u00f6netmenim Osman S\u0131nav\u2019\u0131 ziyaret ettik ve \u00e7ok g\u00fczel bir zaman ge\u00e7irdik eski g\u00fcnleri and\u0131k. \u0130yi ki vars\u0131n Osman S\u0131nav&#8221; notunu d\u00fc\u015fm\u00fc\u015ft\u00fc.<\/p>\n<p><img loading=\"lazy\" decoding=\"async\" class=\"alignnone wp-image-150130\" src=\"https:\/\/www.tgrthaber.com\/mavikadin\/wp-content\/uploads\/osman-sinav-selcuk-yontem-1-300x230.jpg\" alt=\"\" width=\"1280\" height=\"981\" title=\"\" srcset=\"https:\/\/www.tgrthaber.com\/mavikadin\/wp-content\/uploads\/osman-sinav-selcuk-yontem-1-300x230.jpg 300w, https:\/\/www.tgrthaber.com\/mavikadin\/wp-content\/uploads\/osman-sinav-selcuk-yontem-1-1024x785.jpg 1024w, https:\/\/www.tgrthaber.com\/mavikadin\/wp-content\/uploads\/osman-sinav-selcuk-yontem-1-768x589.jpg 768w, https:\/\/www.tgrthaber.com\/mavikadin\/wp-content\/uploads\/osman-sinav-selcuk-yontem-1.jpg 1200w\" sizes=\"(max-width: 1280px) 100vw, 1280px\" \/><\/p>\n<hr \/>\n<p>&nbsp;<\/p>\n<p>Usta oyuncu Sel\u00e7uk Y\u00f6ntem, Osman S\u0131nav&#8217;\u0131n vefat\u0131n\u0131n ard\u0131ndan bir veda mesaj\u0131 yay\u0131nlad\u0131. Y\u00f6ntem mesaj\u0131nda, &#8220;\u015eu an yazmak \u00e7ok zor geliyor. Sevgili dostum Osman o kadar g\u00fczel i\u015fler yapt\u0131k ki unutamam. Sinemaya dizi d\u00fcnyas\u0131na katk\u0131lar\u0131n unutulmaz. \u00c7ok \u00e7ok \u00fczg\u00fcn\u00fcm. \u00c7ok \u00f6zleyece\u011fim. Nurlarda yat. \u00c7ok \u00fczg\u00fcn\u00fcm.&#8221; ifadelerine yer verdi.<\/p>\n<p><img loading=\"lazy\" decoding=\"async\" class=\"alignnone wp-image-150136\" src=\"https:\/\/www.tgrthaber.com\/mavikadin\/wp-content\/uploads\/osmansinavvefat-300x150.jpg\" alt=\"\" width=\"1280\" height=\"640\" title=\"\" srcset=\"https:\/\/www.tgrthaber.com\/mavikadin\/wp-content\/uploads\/osmansinavvefat-300x150.jpg 300w, https:\/\/www.tgrthaber.com\/mavikadin\/wp-content\/uploads\/osmansinavvefat-1024x512.jpg 1024w, https:\/\/www.tgrthaber.com\/mavikadin\/wp-content\/uploads\/osmansinavvefat-768x384.jpg 768w, https:\/\/www.tgrthaber.com\/mavikadin\/wp-content\/uploads\/osmansinavvefat.jpg 1200w\" sizes=\"(max-width: 1280px) 100vw, 1280px\" \/><\/p>\n<hr \/>\n<h3>\u00dcNL\u00dcLERDEN OSMAN SINAV&#8217;A VEDA MESAJLARI<\/h3>\n<p>Usta yap\u0131mc\u0131 ve y\u00f6netmen Osman S\u0131nav&#8217;\u0131n vefat\u0131n\u0131n ard\u0131ndan bir\u00e7ok \u00fcnl\u00fc isim veda mesajlar\u0131 yay\u0131nlad\u0131. \u00dcnl\u00fc oyuncu H\u00fclya Ko\u00e7yi\u011fit, &#8220;Sevgili dost Osman S\u0131nav\u2019\u0131n vefat haberini b\u00fcy\u00fck bir \u00fcz\u00fcnt\u00fcyle \u00f6\u011frendim. Sinema ve televizyon d\u00fcnyas\u0131nda bir\u00e7ok ilke imza atm\u0131\u015f olan Osman S\u0131nav, halk\u0131m\u0131z\u0131 ve toplumun derinliklerini eserleriyle ustal\u0131kla yans\u0131tan \u00e7ok \u00f6nemli bir de\u011fer bizim i\u00e7in. Biliyorum ki onun yarat\u0131c\u0131 dehas\u0131 ve eserlerine olan tutkusu, bizlere her zaman ilham kayna\u011f\u0131 olmaya devam edecek. Kendisine Allah\u2019tan rahmet, ailesine ve t\u00fcm sevenlerine sab\u0131r diliyorum. Mek\u00e2n\u0131 cennet olsun sevgili Osman S\u0131nav&#8221; ifadelerini kulland\u0131.<\/p>\n<p><img loading=\"lazy\" decoding=\"async\" class=\"alignnone wp-image-150132 size-full\" src=\"https:\/\/www.tgrthaber.com\/mavikadin\/wp-content\/uploads\/osman-sinav-taziye.webp\" alt=\"\" width=\"1280\" height=\"720\" title=\"\" srcset=\"https:\/\/www.tgrthaber.com\/mavikadin\/wp-content\/uploads\/osman-sinav-taziye.webp 1280w, https:\/\/www.tgrthaber.com\/mavikadin\/wp-content\/uploads\/osman-sinav-taziye-300x169.webp 300w, https:\/\/www.tgrthaber.com\/mavikadin\/wp-content\/uploads\/osman-sinav-taziye-1024x576.webp 1024w, https:\/\/www.tgrthaber.com\/mavikadin\/wp-content\/uploads\/osman-sinav-taziye-768x432.webp 768w\" sizes=\"(max-width: 1280px) 100vw, 1280px\" \/><\/p>\n<hr \/>\n<p>Y\u0131lmaz Erdo\u011fan, Osman S\u0131nav&#8217;\u0131n bir foto\u011fraf\u0131n\u0131 payla\u015farak, &#8220;Ba\u015f\u0131m\u0131z sa\u011f olsun&#8221; notunu d\u00fc\u015ferken, Melek Baykal, &#8220;Osman S\u0131nav bug\u00fcn bize veda etti. Y\u00fczlerce hik\u00e2yesi, masal\u0131 bize miras kald\u0131. &#8216;Hayat Ba\u011flar\u0131&#8217; dizimizin yap\u0131mc\u0131s\u0131, y\u00f6netmeni ve kalbiydi. Unutulmazlar k\u00f6\u015femizde art\u0131k kendisi de var. Yolumuz iyi ki kesi\u015fmi\u015f b\u00fcy\u00fck usta&#8230; I\u015f\u0131klar i\u00e7inde uyu.&#8221; dedi.<\/p>\n<p><img loading=\"lazy\" decoding=\"async\" class=\"alignnone wp-image-150133\" src=\"https:\/\/www.tgrthaber.com\/mavikadin\/wp-content\/uploads\/osman-sinav-veda-300x169.webp\" alt=\"\" width=\"1280\" height=\"720\" title=\"\" srcset=\"https:\/\/www.tgrthaber.com\/mavikadin\/wp-content\/uploads\/osman-sinav-veda-300x169.webp 300w, https:\/\/www.tgrthaber.com\/mavikadin\/wp-content\/uploads\/osman-sinav-veda-1024x576.webp 1024w, https:\/\/www.tgrthaber.com\/mavikadin\/wp-content\/uploads\/osman-sinav-veda-768x432.webp 768w, https:\/\/www.tgrthaber.com\/mavikadin\/wp-content\/uploads\/osman-sinav-veda.webp 1200w\" sizes=\"(max-width: 1280px) 100vw, 1280px\" \/><\/p>\n<hr \/>\n<p>\u00dcnl\u00fc oyuncu Oktay Kaynarca, &#8220;Mek\u00e2n\u0131n cennet olsun day\u0131c\u0131\u011f\u0131m&#8221; derken, G\u00fcven Hokna, &#8220;Osman S\u0131nav&#8217;\u0131 kaybetmi\u015fiz. \u00dczg\u00fcn\u00fcm. Mek\u00e2n\u0131 cennet olsun.&#8221; ifadelerine yer verdi.<\/p>\n","protected":false},"excerpt":{"rendered":"<p>Kariyeri boyunca Kurtlar Vadisi, Ekmek Teknesi, Deli Y\u00fcrek gibi k\u00fclt yap\u0131mlara imza atan usta yap\u0131mc\u0131 ve y\u00f6netmen Osman S\u0131nav 69 ya\u015f\u0131nda hayat\u0131n\u0131 kaybetti. Sanat d\u00fcnyas\u0131n\u0131 yasa bo\u011fan haber sonras\u0131 usta oyuncu Sel\u00e7uk Y\u00f6ntem Osman S\u0131nav hakk\u0131nda veda mesaj\u0131 yay\u0131nlad\u0131. <\/p>\n","protected":false},"author":33,"featured_media":150137,"comment_status":"closed","ping_status":"closed","sticky":false,"template":"","format":"standard","meta":{"rank_math_lock_modified_date":false,"footnotes":""},"categories":[76],"tags":[14921,14953,14952,14951],"class_list":["post-150126","post","type-post","status-publish","format-standard","has-post-thumbnail","hentry","category-magazin","tag-osman-sinav-dizileri","tag-osman-sinav-taziye-mesajlari","tag-osman-sinav-veda-mesajlari","tag-selcuk-yontem-osman-sinav-veda"],"_links":{"self":[{"href":"https:\/\/www.tgrthaber.com\/mavikadin\/wp-json\/wp\/v2\/posts\/150126"}],"collection":[{"href":"https:\/\/www.tgrthaber.com\/mavikadin\/wp-json\/wp\/v2\/posts"}],"about":[{"href":"https:\/\/www.tgrthaber.com\/mavikadin\/wp-json\/wp\/v2\/types\/post"}],"author":[{"embeddable":true,"href":"https:\/\/www.tgrthaber.com\/mavikadin\/wp-json\/wp\/v2\/users\/33"}],"replies":[{"embeddable":true,"href":"https:\/\/www.tgrthaber.com\/mavikadin\/wp-json\/wp\/v2\/comments?post=150126"}],"version-history":[{"count":2,"href":"https:\/\/www.tgrthaber.com\/mavikadin\/wp-json\/wp\/v2\/posts\/150126\/revisions"}],"predecessor-version":[{"id":150139,"href":"https:\/\/www.tgrthaber.com\/mavikadin\/wp-json\/wp\/v2\/posts\/150126\/revisions\/150139"}],"wp:featuredmedia":[{"embeddable":true,"href":"https:\/\/www.tgrthaber.com\/mavikadin\/wp-json\/wp\/v2\/media\/150137"}],"wp:attachment":[{"href":"https:\/\/www.tgrthaber.com\/mavikadin\/wp-json\/wp\/v2\/media?parent=150126"}],"wp:term":[{"taxonomy":"category","embeddable":true,"href":"https:\/\/www.tgrthaber.com\/mavikadin\/wp-json\/wp\/v2\/categories?post=150126"},{"taxonomy":"post_tag","embeddable":true,"href":"https:\/\/www.tgrthaber.com\/mavikadin\/wp-json\/wp\/v2\/tags?post=150126"}],"curies":[{"name":"wp","href":"https:\/\/api.w.org\/{rel}","templated":true}]}}