{"id":150213,"date":"2025-03-21T00:35:40","date_gmt":"2025-03-20T21:35:40","guid":{"rendered":"https:\/\/www.tgrthaber.com\/mavikadin\/?p=150213"},"modified":"2025-03-21T00:36:10","modified_gmt":"2025-03-20T21:36:10","slug":"gonul-dagi-171-bolumde-elif-kenan-ve-cemileden-disci-musaya-surpriz-tanerden-duygusal-veda","status":"publish","type":"post","link":"https:\/\/www.tgrthaber.com\/mavikadin\/gonul-dagi-171-bolumde-elif-kenan-ve-cemileden-disci-musaya-surpriz-tanerden-duygusal-veda\/","title":{"rendered":"G\u00f6n\u00fcl Da\u011f\u0131 171. B\u00f6l\u00fcmde Elif, Kenan ve Cemile\u2019den Di\u015f\u00e7i Musa\u2019ya s\u00fcrpriz! Taner\u2019den duygusal veda!"},"content":{"rendered":"<p>TRT 1\u2019in 5 Sezon boyunca yay\u0131nlanan dizisi G\u00f6n\u00fcl Da\u011f\u0131, her Cumartesi g\u00fcn\u00fc oldu\u011fu gibi 22 Mart 2025 g\u00fcn\u00fc de izleyicileri ekran ba\u015f\u0131na kilitleyecek. G\u00f6n\u00fcl Da\u011f\u0131 171. b\u00f6l\u00fcm 2. fragman\u0131 yay\u0131nland\u0131. Peki, G\u00f6n\u00fcl Da\u011f\u0131 171. B\u00f6l\u00fcmde neler olacak? Elif, Kenan ve Cemile\u2019nin, Di\u015f\u00e7i Musa\u2019ya s\u00fcrprizi ne olacak? Taner diziye veda m\u0131 ediyor? Kasabada ya\u015fanan internet sorunu nas\u0131l \u00e7\u00f6z\u00fclecek?<\/p>\n<h3>G\u00d6N\u00dcL DA\u011eI 171. B\u00d6L\u00dcMDE TANER\u2019DEN DUYGUSAL VEDA!<\/h3>\n<p>G\u00f6n\u00fcl Da\u011f\u0131 171. B\u00f6l\u00fcm\u00fcnde Taner, ailesine ve \u00e7ocu\u011funa veda ederek, ba\u015fka bir yere gidiyor. Taner&#8217;in \u00fczerinde \u00e7al\u0131\u015ft\u0131\u011f\u0131 yeni bilimsel projeye i\u00e7in ba\u015fka bir yere gitmesi gerekiyor. Kasabadan ayr\u0131lmas\u0131 gereken Taner hem ailesiyle hem de kasabadaki arkada\u015flar\u0131yla veda edecek. Taner\u2019in gitmesi \u00fczerine kasabada h\u00fcz\u00fcn hakim olacak. Taner\u2019in e\u015fi Seher ise \u201c Ya kolundan tutar\u0131m onu buraya getiririm ya da \u00e7ocuklar\u0131 seni al\u0131r\u0131m biz gideriz.\u201d diyecek. Peki, G\u00f6n\u00fcl Da\u011f\u0131 dizisinden Taner ayr\u0131l\u0131yor mu? Ayr\u0131l\u0131k sebebi ge\u00e7ici mi? Ancak bu ayr\u0131l\u0131\u011f\u0131n ge\u00e7ici mi, yoksa kal\u0131c\u0131 m\u0131 oldu\u011fu hen\u00fcz netle\u015fmi\u015f de\u011fil.<\/p>\n<p><img loading=\"lazy\" decoding=\"async\" class=\"alignnone wp-image-150221\" src=\"https:\/\/www.tgrthaber.com\/mavikadin\/wp-content\/uploads\/gonul-dagi-171.-bolum-fragmani-300x154.jpg\" alt=\"g\u00f6n\u00fcl da\u011f\u0131 171. b\u00f6l\u00fcm fragman\u0131\" width=\"1208\" height=\"622\" title=\"\" srcset=\"https:\/\/www.tgrthaber.com\/mavikadin\/wp-content\/uploads\/gonul-dagi-171.-bolum-fragmani-300x154.jpg 300w, https:\/\/www.tgrthaber.com\/mavikadin\/wp-content\/uploads\/gonul-dagi-171.-bolum-fragmani-1024x527.jpg 1024w, https:\/\/www.tgrthaber.com\/mavikadin\/wp-content\/uploads\/gonul-dagi-171.-bolum-fragmani-768x395.jpg 768w, https:\/\/www.tgrthaber.com\/mavikadin\/wp-content\/uploads\/gonul-dagi-171.-bolum-fragmani-1536x791.jpg 1536w, https:\/\/www.tgrthaber.com\/mavikadin\/wp-content\/uploads\/gonul-dagi-171.-bolum-fragmani.jpg 1836w\" sizes=\"(max-width: 1208px) 100vw, 1208px\" \/><\/p>\n<hr \/>\n<h3>KASABADA \u0130NTERNET SORUNU<\/h3>\n<p>Kasabal\u0131lar cep telefonuna merak sarar. Her an her dakika ellerinde olan telefon y\u00fcz\u00fcnden eski ortam\u0131n bozuldu\u011funu s\u00f6ylenmesi \u00fczerine \u201c Ke\u015fke kasaba eski haline d\u00f6nse\u201d c\u00fcmlesi \u00fczerine internet gidecek. Kasabada internetin gitmesi \u00fczerine ne yapaca\u011f\u0131n\u0131 bilemeyen kasaba halk\u0131 bunun i\u00e7in \u00e7\u00f6z\u00fcm yollar\u0131 aramaya \u00e7al\u0131\u015facak. \u0130nternetin gitme sebebi olarak ise mucitler dedikleri Taner, Kenan ve ekibinden \u015f\u00fcphelenecekler. \u201c Yan\u0131n\u0131za yapt\u0131klar\u0131n\u0131z\u0131 kalmayacak\u201d notuyla kasaba halk\u0131 taraf\u0131ndan tehdit dilecekler.<\/p>\n<p><img loading=\"lazy\" decoding=\"async\" class=\"alignnone wp-image-150231\" src=\"https:\/\/www.tgrthaber.com\/mavikadin\/wp-content\/uploads\/gonul-dagi-171.-bolum-taner-ayriliyor-300x169.jpg\" alt=\"g\u00f6n\u00fcl da\u011f\u0131 171. b\u00f6l\u00fcm taner ayr\u0131l\u0131yor\" width=\"1208\" height=\"680\" title=\"\" srcset=\"https:\/\/www.tgrthaber.com\/mavikadin\/wp-content\/uploads\/gonul-dagi-171.-bolum-taner-ayriliyor-300x169.jpg 300w, https:\/\/www.tgrthaber.com\/mavikadin\/wp-content\/uploads\/gonul-dagi-171.-bolum-taner-ayriliyor-1024x576.jpg 1024w, https:\/\/www.tgrthaber.com\/mavikadin\/wp-content\/uploads\/gonul-dagi-171.-bolum-taner-ayriliyor-768x432.jpg 768w, https:\/\/www.tgrthaber.com\/mavikadin\/wp-content\/uploads\/gonul-dagi-171.-bolum-taner-ayriliyor-1536x864.jpg 1536w, https:\/\/www.tgrthaber.com\/mavikadin\/wp-content\/uploads\/gonul-dagi-171.-bolum-taner-ayriliyor.jpg 1920w\" sizes=\"(max-width: 1208px) 100vw, 1208px\" \/><\/p>\n<hr \/>\n<h3>KASABA HALKI H\u00dcZ\u00dcNL\u00dc<\/h3>\n<p>\u201c Sizler b\u00f6yle s\u0131radan bir m\u00fccit mi olmak istiyorsan\u0131z, yoksa ad\u0131n\u0131z\u0131 tarihe yazmak m\u0131 istiyorsunuz\u201d s\u00f6zleri \u00fczerine Taner\u2019e beklenmedik bir anda teklif gelecek. Taner\u2019in gidece\u011fi \u00f6\u011frenen kasaba halk\u0131na derin bir h\u00fcz\u00fcn sar\u0131yor. Herkesin hayat\u0131nda g\u00fczel bir yere sahip olan Taner\u2019in \u015fehir d\u0131\u015f\u0131nda bir yere gitmesi kasaba halk\u0131n\u0131 \u00fczecek.<\/p>\n","protected":false},"excerpt":{"rendered":"<p>TRT 1\u2019in 5 Sezon boyunca yay\u0131nlanan dizisi G\u00f6n\u00fcl Da\u011f\u0131, her Cumartesi g\u00fcn\u00fc oldu\u011fu gibi 22 Mart 2025 g\u00fcn\u00fc de izleyicileri ekran ba\u015f\u0131na kilitleyecek. Peki, G\u00f6n\u00fcl Da\u011f\u0131 171. B\u00f6l\u00fcmde neler olacak? Elif, Kenan ve Cemile\u2019nin, Di\u015f\u00e7i Musa\u2019ya s\u00fcrprizi ne olacak? Taner diziye veda m\u0131 ediyor? Kasabada ya\u015fanan internet sorunu nas\u0131l \u00e7\u00f6z\u00fclecek?<\/p>\n","protected":false},"author":10,"featured_media":150223,"comment_status":"closed","ping_status":"closed","sticky":false,"template":"","format":"standard","meta":{"rank_math_lock_modified_date":false,"footnotes":""},"categories":[602],"tags":[2628,10390,14983,14984],"class_list":["post-150213","post","type-post","status-publish","format-standard","has-post-thumbnail","hentry","category-diziler","tag-dizi-haberleri","tag-dizi-magazin","tag-gonul-dagi-171-bolum","tag-gonul-dagi-171-bolum-2-fragman"],"_links":{"self":[{"href":"https:\/\/www.tgrthaber.com\/mavikadin\/wp-json\/wp\/v2\/posts\/150213"}],"collection":[{"href":"https:\/\/www.tgrthaber.com\/mavikadin\/wp-json\/wp\/v2\/posts"}],"about":[{"href":"https:\/\/www.tgrthaber.com\/mavikadin\/wp-json\/wp\/v2\/types\/post"}],"author":[{"embeddable":true,"href":"https:\/\/www.tgrthaber.com\/mavikadin\/wp-json\/wp\/v2\/users\/10"}],"replies":[{"embeddable":true,"href":"https:\/\/www.tgrthaber.com\/mavikadin\/wp-json\/wp\/v2\/comments?post=150213"}],"version-history":[{"count":2,"href":"https:\/\/www.tgrthaber.com\/mavikadin\/wp-json\/wp\/v2\/posts\/150213\/revisions"}],"predecessor-version":[{"id":150234,"href":"https:\/\/www.tgrthaber.com\/mavikadin\/wp-json\/wp\/v2\/posts\/150213\/revisions\/150234"}],"wp:featuredmedia":[{"embeddable":true,"href":"https:\/\/www.tgrthaber.com\/mavikadin\/wp-json\/wp\/v2\/media\/150223"}],"wp:attachment":[{"href":"https:\/\/www.tgrthaber.com\/mavikadin\/wp-json\/wp\/v2\/media?parent=150213"}],"wp:term":[{"taxonomy":"category","embeddable":true,"href":"https:\/\/www.tgrthaber.com\/mavikadin\/wp-json\/wp\/v2\/categories?post=150213"},{"taxonomy":"post_tag","embeddable":true,"href":"https:\/\/www.tgrthaber.com\/mavikadin\/wp-json\/wp\/v2\/tags?post=150213"}],"curies":[{"name":"wp","href":"https:\/\/api.w.org\/{rel}","templated":true}]}}