{"id":150214,"date":"2025-03-21T00:59:34","date_gmt":"2025-03-20T21:59:34","guid":{"rendered":"https:\/\/www.tgrthaber.com\/mavikadin\/?p=150214"},"modified":"2025-03-21T01:03:24","modified_gmt":"2025-03-20T22:03:24","slug":"sutlu-tatlilarin-kralicesi-yiyen-herkesi-bayiltan-lezzet","status":"publish","type":"post","link":"https:\/\/www.tgrthaber.com\/mavikadin\/sutlu-tatlilarin-kralicesi-yiyen-herkesi-bayiltan-lezzet\/","title":{"rendered":"S\u00fctl\u00fc tatl\u0131lar\u0131n krali\u00e7esi! Yiyen herkesi bay\u0131ltan lezzet"},"content":{"rendered":"<p>\u0130\u00e7erisinde karamelin oldu\u011fu her tatl\u0131y\u0131 sorgusuz sualsiz kabul eden ve her defas\u0131nda lezzeti zirvede hissedenlerin vazge\u00e7emeyece\u011fi bir sos varsa o da hi\u00e7 \u015f\u00fcphesiz karamel sosudur.<\/p>\n<p>Karamel seven herkesin evlerinde yapma konusunda teredd\u00fct etti\u011fi ama yap\u0131l\u0131\u015f\u0131 da bir o kadar basit olan karamel sosun en g\u00fczel en masrafs\u0131z tarifini sizler i\u00e7in derledik.<\/p>\n<p>Yunanl\u0131lar\u0131n me\u015fhur tatl\u0131lar\u0131ndan olan cheesecake \u00fczerine, muhallebilerin aralar\u0131na ya da \u00fcst\u00fcne sunumlarda ve hatta sade kurabiyelerde bile severek yiyebilece\u011finiz bu karamel sosun ba\u011f\u0131ml\u0131s\u0131 olacaks\u0131n\u0131z.<\/p>\n<p><strong><em>\u0130\u015fte hem malzemesiz hem de lezzeti tavan olan karamel sos tarifi:<\/em><\/strong><\/p>\n<h3>S\u00dcTL\u00dc TATLILARIN KRAL\u0130\u00c7ES\u0130! EVDE KREMASIZ VE N\u0130\u015eASTASIZ KARAMEL SOS TAR\u0130F\u0130:<\/h3>\n<h3>MALZEMELER:<\/h3>\n<p>Bardak \u00f6l\u00e7\u00fcs\u00fc 150 ml.<\/p>\n<p>1,5 su barda\u011f\u0131 toz \u015feker<br \/>\n2 tatl\u0131 ka\u015f\u0131\u011f\u0131 tereya\u011f\u0131 (tepeleme)<br \/>\n1 su barda\u011f\u0131 s\u00fct<\/p>\n<h3>KARAMEL YAPILI\u015eI:<\/h3>\n<p>Yanmaz yap\u0131\u015fmaz bir tavan\u0131n i\u00e7ine orta ate\u015fte iken \u015fekeri koyun, \u015feker erimeye ba\u015flad\u0131ktan sonra da oca\u011f\u0131n alt\u0131n\u0131 en k\u0131s\u0131\u011fa al\u0131p hi\u00e7 kar\u0131\u015ft\u0131rma m\u00fcdahalesinde bulunmadan (e\u011fer kar\u0131\u015ft\u0131r\u0131l\u0131rsa \u015feker topak topak olur) \u015eeker k\u0131s\u0131k ate\u015fte tamamen eriyinceye dek ve k\u0131vam\u0131 da ak\u0131\u015fkan bir hal al\u0131p alt\u0131n renginde olunca\u00a0 tereya\u011f\u0131n\u0131 koyup g\u00fczelce kar\u0131\u015ft\u0131r\u0131n.<\/p>\n<p><img loading=\"lazy\" decoding=\"async\" class=\"wp-image-150239\" src=\"https:\/\/www.tgrthaber.com\/mavikadin\/wp-content\/uploads\/maxresdefault-4.jpg\" alt=\"karamel sos nas\u0131l yap\u0131l\u0131r\" width=\"1208\" height=\"680\" title=\"\" srcset=\"https:\/\/www.tgrthaber.com\/mavikadin\/wp-content\/uploads\/maxresdefault-4.jpg 1280w, https:\/\/www.tgrthaber.com\/mavikadin\/wp-content\/uploads\/maxresdefault-4-300x169.jpg 300w, https:\/\/www.tgrthaber.com\/mavikadin\/wp-content\/uploads\/maxresdefault-4-1024x576.jpg 1024w, https:\/\/www.tgrthaber.com\/mavikadin\/wp-content\/uploads\/maxresdefault-4-768x432.jpg 768w\" sizes=\"(max-width: 1208px) 100vw, 1208px\" \/><\/p>\n<hr \/>\n<p>Tereya\u011f\u0131 erir erimez \u00fczerinde yukar\u0131da belirtilen miktardaki s\u00fct\u00fc d\u00f6k\u00fcp g\u00fczelce kar\u0131\u015ft\u0131rmaya devam edin. (Bu esnada s\u00fct\u00fc d\u00f6ker d\u00f6kmez karamel topak topak olacakt\u0131r, hi\u00e7 korkmay\u0131n bu \u00e7ok normaldir. Eriyince kendi k\u0131vam\u0131n\u0131 bulacakt\u0131r)<\/p>\n<p>Karamel kaynay\u0131p, birbiriyle iyice \u00f6zle\u015fince de oca\u011f\u0131n alt\u0131n\u0131 kapat\u0131p yine hi\u00e7 kar\u0131\u015ft\u0131rmadan bir m\u00fcddet so\u011fumaya b\u0131rak\u0131n.<\/p>\n<p>So\u011fuyan karameli nerde isterseniz orada kullan\u0131ma haz\u0131r hale getirebilirsiniz. \u0130\u015fte karamel sosunuz haz\u0131r, bitti bile!<\/p>\n<p>Afiyet olsun&#8230;<\/p>\n<h3>KARAMEL SOS YAPMANIN \u0130NCEL\u0130KLER\u0130:<\/h3>\n<p>Tereya\u011f\u0131 ve krema kesinlikle oda s\u0131cakl\u0131\u011f\u0131nda kullan\u0131lmal\u0131.<\/p>\n<p>\u0130lk a\u015famada yani \u015fekerin erime esnas\u0131nda hi\u00e7bir \u015fekilde tahta ka\u015f\u0131k ya da spatula gibi mutfak gere\u00e7leri tavaya de\u011fdirilmemelidir.<\/p>\n<p>Kat\u0131 k\u0131vamda bir sos elde etmek istiyorsan\u0131z s\u00fct\u00fc az, daha ak\u0131\u015fkan istiyorsan\u0131z s\u00fct\u00fcn\u00fc biraz daha \u00e7ok koyun.<\/p>\n<p><img loading=\"lazy\" decoding=\"async\" class=\"alignnone wp-image-150244\" src=\"https:\/\/www.tgrthaber.com\/mavikadin\/wp-content\/uploads\/ee-11.png\" alt=\"\" width=\"1208\" height=\"762\" title=\"\" srcset=\"https:\/\/www.tgrthaber.com\/mavikadin\/wp-content\/uploads\/ee-11.png 968w, https:\/\/www.tgrthaber.com\/mavikadin\/wp-content\/uploads\/ee-11-300x189.png 300w, https:\/\/www.tgrthaber.com\/mavikadin\/wp-content\/uploads\/ee-11-768x485.png 768w\" sizes=\"(max-width: 1208px) 100vw, 1208px\" \/><\/p>\n<hr \/>\n<p>&nbsp;<\/p>\n","protected":false},"excerpt":{"rendered":"<p>\u015eekerini yakmadan, tam istenilen k\u0131vamda karamel sos yapmak istiyorsan\u0131z sizlere en az malzemeli ve lezzetli karamel sos tarifini sizler i\u00e7in derledik. \u0130\u015fte evde karamel sos yapman\u0131n p\u00fcf noktalar\u0131:<\/p>\n","protected":false},"author":27,"featured_media":150246,"comment_status":"closed","ping_status":"closed","sticky":false,"template":"","format":"standard","meta":{"rank_math_lock_modified_date":false,"footnotes":""},"categories":[191],"tags":[5924,14991,14990,14992],"class_list":["post-150214","post","type-post","status-publish","format-standard","has-post-thumbnail","hentry","category-yemek-tarifleri","tag-karamel","tag-karamel-sos-nasil-yapilir","tag-karamel-sos-tarifi","tag-kremasiz-karamel-sos"],"_links":{"self":[{"href":"https:\/\/www.tgrthaber.com\/mavikadin\/wp-json\/wp\/v2\/posts\/150214"}],"collection":[{"href":"https:\/\/www.tgrthaber.com\/mavikadin\/wp-json\/wp\/v2\/posts"}],"about":[{"href":"https:\/\/www.tgrthaber.com\/mavikadin\/wp-json\/wp\/v2\/types\/post"}],"author":[{"embeddable":true,"href":"https:\/\/www.tgrthaber.com\/mavikadin\/wp-json\/wp\/v2\/users\/27"}],"replies":[{"embeddable":true,"href":"https:\/\/www.tgrthaber.com\/mavikadin\/wp-json\/wp\/v2\/comments?post=150214"}],"version-history":[{"count":4,"href":"https:\/\/www.tgrthaber.com\/mavikadin\/wp-json\/wp\/v2\/posts\/150214\/revisions"}],"predecessor-version":[{"id":150253,"href":"https:\/\/www.tgrthaber.com\/mavikadin\/wp-json\/wp\/v2\/posts\/150214\/revisions\/150253"}],"wp:featuredmedia":[{"embeddable":true,"href":"https:\/\/www.tgrthaber.com\/mavikadin\/wp-json\/wp\/v2\/media\/150246"}],"wp:attachment":[{"href":"https:\/\/www.tgrthaber.com\/mavikadin\/wp-json\/wp\/v2\/media?parent=150214"}],"wp:term":[{"taxonomy":"category","embeddable":true,"href":"https:\/\/www.tgrthaber.com\/mavikadin\/wp-json\/wp\/v2\/categories?post=150214"},{"taxonomy":"post_tag","embeddable":true,"href":"https:\/\/www.tgrthaber.com\/mavikadin\/wp-json\/wp\/v2\/tags?post=150214"}],"curies":[{"name":"wp","href":"https:\/\/api.w.org\/{rel}","templated":true}]}}