{"id":150254,"date":"2025-03-21T01:31:13","date_gmt":"2025-03-20T22:31:13","guid":{"rendered":"https:\/\/www.tgrthaber.com\/mavikadin\/?p=150254"},"modified":"2025-03-21T01:31:13","modified_gmt":"2025-03-20T22:31:13","slug":"trilece-sosunuzu-dilediginizce-yapin-3-enfes-sos-tarifi","status":"publish","type":"post","link":"https:\/\/www.tgrthaber.com\/mavikadin\/trilece-sosunuzu-dilediginizce-yapin-3-enfes-sos-tarifi\/","title":{"rendered":"Trile\u00e7e sosunuzu diledi\u011finizce yap\u0131n! 3 enfes sos tarifi"},"content":{"rendered":"<p>Trile\u00e7eyi karamelsiz d\u00fc\u015f\u00fcnemiyorsan\u0131z; lezzetiyle boyut atlatacak olan \u00fc\u00e7 farkl\u0131 karamel sos tarifi ile damak zevkinize uygun olan sosu kolayl\u0131kla bulabilirsiniz. Karamelli trile\u00e7ede ya da herhangi bir s\u00fctl\u00fc tatl\u0131n\u0131n \u00fczerinde kullanabilece\u011finiz \u00fc\u00e7 ayr\u0131 sos tarifini sizlere derledik&#8230;<\/p>\n<h3>KREMALI KARAMEL SOS TAR\u0130F\u0130:<\/h3>\n<p>Di\u011fer tariflere nazaran bir t\u0131k daha maliyetli olan ama yap\u0131ld\u0131\u011f\u0131nda da kesinlikle bu lezzete de\u011fecek olan nefis kremal\u0131 karamel sos tarifini sizler i\u00e7in ara\u015ft\u0131rd\u0131k.<\/p>\n<p><img loading=\"lazy\" decoding=\"async\" class=\"alignnone size-full wp-image-150265\" src=\"https:\/\/www.tgrthaber.com\/mavikadin\/wp-content\/uploads\/333-7.png\" alt=\"\" width=\"952\" height=\"563\" title=\"\" srcset=\"https:\/\/www.tgrthaber.com\/mavikadin\/wp-content\/uploads\/333-7.png 952w, https:\/\/www.tgrthaber.com\/mavikadin\/wp-content\/uploads\/333-7-300x177.png 300w, https:\/\/www.tgrthaber.com\/mavikadin\/wp-content\/uploads\/333-7-768x454.png 768w\" sizes=\"(max-width: 952px) 100vw, 952px\" \/><\/p>\n<p>Trile\u00e7e ba\u015fta olmak \u00fczere her tatl\u0131ya ayr\u0131 bir yak\u0131\u015fan kremal\u0131 sos tarifi&#8230;<\/p>\n<h3>MALZEMELER:<\/h3>\n<p>5 su barda\u011f\u0131 toz \u015feker<br \/>\n1\/2 su barda\u011f\u0131 su<br \/>\n4 damla limon suyu<br \/>\n75 gram tereya\u011f\u0131<br \/>\n125 ml. s\u0131v\u0131 krema<\/p>\n<h3>YAPILI\u015eI:<\/h3>\n<p>Su, limon suyu ve toz \u015fekeri derin sos tenceresine koyun. Daha sonra erimekte olan \u015fekeri hi\u00e7 kar\u0131\u015ft\u0131rmadan sos tavas\u0131n\u0131 ara ara sallayarak \u015fekerin karamelizele\u015fmesini sa\u011flay\u0131n.<\/p>\n<p>Oca\u011f\u0131n alt\u0131n\u0131n \u00e7ok a\u00e7\u0131k olmamas\u0131na dikkat edin aksi halde \u015fekeriniz kolaca yanacakt\u0131r ve b\u00f6ylelikle de a\u011f\u0131za ac\u0131 bir tat gelecektir. Gold bir renk alan \u015feker kar\u0131\u015f\u0131m\u0131na so\u011fuk tereya\u011f\u0131 ekleyip tahta ka\u015f\u0131k ile kar\u0131\u015ft\u0131r\u0131n.<\/p>\n<p>Rengi giderek koyula\u015fan ve k\u0131s\u0131k ate\u015fte pi\u015fen karamel kar\u0131\u015f\u0131ma son dokunu\u015f olarak krema ekleyin ve h\u0131zl\u0131ca durmadan kar\u0131\u015ft\u0131r\u0131n. K\u0131s\u0131k ate\u015fte 2-3 dakika daha pi\u015fen karameli ocaktan al\u0131n. Karamel so\u011fuduktan sonra istedi\u011finiz tatl\u0131da kullanabilirsiniz.<\/p>\n<h3>SU \u0130LE KARAMEL SOS TAR\u0130F\u0130:<\/h3>\n<h3>MALZEMELER:<\/h3>\n<p><img loading=\"lazy\" decoding=\"async\" class=\"alignnone wp-image-150267\" src=\"https:\/\/www.tgrthaber.com\/mavikadin\/wp-content\/uploads\/22-4.png\" alt=\"\" width=\"1208\" height=\"801\" title=\"\" srcset=\"https:\/\/www.tgrthaber.com\/mavikadin\/wp-content\/uploads\/22-4.png 848w, https:\/\/www.tgrthaber.com\/mavikadin\/wp-content\/uploads\/22-4-300x199.png 300w, https:\/\/www.tgrthaber.com\/mavikadin\/wp-content\/uploads\/22-4-768x509.png 768w\" sizes=\"(max-width: 1208px) 100vw, 1208px\" \/><\/p>\n<hr \/>\n<p>1 \u00e7ay barda\u011f\u0131ndan biraz fazla toz \u015feker<br \/>\n1. 5 \u00e7ay barda\u011f\u0131 su<br \/>\n1 su barda\u011f\u0131 su ile kar\u0131\u015ft\u0131r\u0131lm\u0131\u015f 1 tatl\u0131 ka\u015f\u0131\u011f\u0131 ni\u015fasta<\/p>\n<h3>YAPILI\u015eI:<\/h3>\n<p>\u00d6ncelikle \u015fekeri tavaya al\u0131p oca\u011f\u0131n alt\u0131n\u0131 k\u0131s\u0131k ate\u015fte yak\u0131p bekleyin. \u015eeker eridikten sonra rengini de al\u0131nca \u00fczerin 1. 5 \u00e7ay barda\u011f\u0131 suyu ilave edip \u00f6zde\u015fmesini sa\u011flay\u0131n.<\/p>\n<p>Daha sonra 1 su barda\u011f\u0131 su ile \u00f6nceden a\u00e7\u0131lm\u0131\u015f ni\u015fastay\u0131 ekleyip yava\u015f\u00e7a kar\u0131\u015ft\u0131r\u0131n. Karameli 5-10 dakika sonra ocaktan alabilirsiniz.<\/p>\n<h3>OR\u0130J\u0130NAL S\u00dcTL\u00dc KARAMEL SOS TAR\u0130F\u0130!<\/h3>\n<h3>MALZEMELER:<\/h3>\n<p>1 su barda\u011f\u0131 \u015feker<br \/>\n1 su barda\u011f\u0131 s\u00fct<br \/>\n1 yemek ka\u015f\u0131\u011f\u0131 ni\u015fasta<br \/>\n2 tepeleme yemek ka\u015f\u0131\u011f\u0131 tereya\u011f (50gr)<\/p>\n<h3>YAPILI\u015eI:<\/h3>\n<p>Yukar\u0131da belirtilen miktardaki \u015fekeri tavaya koyup bir g\u00fczel erimesini bekleyin. A\u011f\u0131r ate\u015fte ocakta sallana sallana eriyen \u015feker tamamen eriyince ve alt\u0131n rengi al\u0131nca tahta ka\u015f\u0131kla kar\u0131\u015ft\u0131r\u0131n. \u015eeker tamamen kaybolunca tereya\u011f\u0131n\u0131 ekleyip kar\u0131\u015ft\u0131rarak 3-4 dakika kadar pi\u015firin.<\/p>\n<p><img loading=\"lazy\" decoding=\"async\" class=\"alignnone wp-image-150268\" src=\"https:\/\/www.tgrthaber.com\/mavikadin\/wp-content\/uploads\/ggh-1.png\" alt=\"\" width=\"1208\" height=\"807\" title=\"\" srcset=\"https:\/\/www.tgrthaber.com\/mavikadin\/wp-content\/uploads\/ggh-1.png 847w, https:\/\/www.tgrthaber.com\/mavikadin\/wp-content\/uploads\/ggh-1-300x200.png 300w, https:\/\/www.tgrthaber.com\/mavikadin\/wp-content\/uploads\/ggh-1-768x513.png 768w\" sizes=\"(max-width: 1208px) 100vw, 1208px\" \/><\/p>\n<hr \/>\n<p>Ya\u011f \u015fekerle \u00f6zle\u015fince ni\u015fastay\u0131 s\u00fctle a\u00e7\u0131p, yava\u015fca sosun \u00fczerine ekleyin ve kar\u0131\u015ft\u0131rmaya devam edin. \u0130lk etapta karameliniz g\u00f6z\u00fcn\u00fcze fazla gelebilir ama karamelin so\u011fuduk\u00e7a kat\u0131la\u015faca\u011f\u0131n\u0131 unutmay\u0131n\u0131z. Koyu bir k\u0131vamda lezzet daha fazla oluyor. Pi\u015fen karameli so\u011fumaya b\u0131rak\u0131p cam kavanozda muhafaza edebilirsiniz.<\/p>\n","protected":false},"excerpt":{"rendered":"<p>Trile\u00e7e soslar\u0131 aras\u0131ndan en be\u011fendi\u011finiz tat a\u011f\u0131zda b\u0131rakan yumu\u015fak tad\u0131yla g\u00f6n\u00fclleri fetheden karamel sos ise do\u011fru adrestesiniz! \u0130\u015fte trile\u00e7e sosu i\u00e7in yapabilece\u011finiz \u00fc\u00e7 farkl\u0131 karamel sos tarifi:<\/p>\n","protected":false},"author":27,"featured_media":150266,"comment_status":"closed","ping_status":"closed","sticky":false,"template":"","format":"standard","meta":{"rank_math_lock_modified_date":false,"footnotes":""},"categories":[191],"tags":[15002,15003,15001],"class_list":["post-150254","post","type-post","status-publish","format-standard","has-post-thumbnail","hentry","category-yemek-tarifleri","tag-karamel-sos","tag-sutlu-tatli-icin-sos-tarifi","tag-trilece-sosu"],"_links":{"self":[{"href":"https:\/\/www.tgrthaber.com\/mavikadin\/wp-json\/wp\/v2\/posts\/150254"}],"collection":[{"href":"https:\/\/www.tgrthaber.com\/mavikadin\/wp-json\/wp\/v2\/posts"}],"about":[{"href":"https:\/\/www.tgrthaber.com\/mavikadin\/wp-json\/wp\/v2\/types\/post"}],"author":[{"embeddable":true,"href":"https:\/\/www.tgrthaber.com\/mavikadin\/wp-json\/wp\/v2\/users\/27"}],"replies":[{"embeddable":true,"href":"https:\/\/www.tgrthaber.com\/mavikadin\/wp-json\/wp\/v2\/comments?post=150254"}],"version-history":[{"count":2,"href":"https:\/\/www.tgrthaber.com\/mavikadin\/wp-json\/wp\/v2\/posts\/150254\/revisions"}],"predecessor-version":[{"id":150271,"href":"https:\/\/www.tgrthaber.com\/mavikadin\/wp-json\/wp\/v2\/posts\/150254\/revisions\/150271"}],"wp:featuredmedia":[{"embeddable":true,"href":"https:\/\/www.tgrthaber.com\/mavikadin\/wp-json\/wp\/v2\/media\/150266"}],"wp:attachment":[{"href":"https:\/\/www.tgrthaber.com\/mavikadin\/wp-json\/wp\/v2\/media?parent=150254"}],"wp:term":[{"taxonomy":"category","embeddable":true,"href":"https:\/\/www.tgrthaber.com\/mavikadin\/wp-json\/wp\/v2\/categories?post=150254"},{"taxonomy":"post_tag","embeddable":true,"href":"https:\/\/www.tgrthaber.com\/mavikadin\/wp-json\/wp\/v2\/tags?post=150254"}],"curies":[{"name":"wp","href":"https:\/\/api.w.org\/{rel}","templated":true}]}}