{"id":150338,"date":"2025-03-21T10:55:51","date_gmt":"2025-03-21T07:55:51","guid":{"rendered":"https:\/\/www.tgrthaber.com\/mavikadin\/?p=150338"},"modified":"2025-03-21T10:55:51","modified_gmt":"2025-03-21T07:55:51","slug":"uzak-sehirin-pakizesi-ile-kayasi-eskiden-de-birlikte-oynamislar-sosyal-medyada-gundem-oldu","status":"publish","type":"post","link":"https:\/\/www.tgrthaber.com\/mavikadin\/uzak-sehirin-pakizesi-ile-kayasi-eskiden-de-birlikte-oynamislar-sosyal-medyada-gundem-oldu\/","title":{"rendered":"Uzak \u015eehir&#8217;in Pakize&#8217;si ile Kaya&#8217;s\u0131 eskiden de birlikte oynam\u0131\u015flar! Sosyal medyada g\u00fcndem oldu"},"content":{"rendered":"<p>Uzak \u015eehir dizisinin Pakize&#8217;si ile Kaya&#8217;s\u0131 me\u011fer \u00f6nceden de ayn\u0131 dizide oynam\u0131\u015flar. Ba\u015far\u0131l\u0131 performanslar\u0131yla dikkat \u00e7eken Yaren G\u00fcldiken ile Atakan \u00d6zkaya&#8217;n\u0131n birlikte daha \u00f6nce rol ald\u0131klar\u0131 dizi dijital platformda yay\u0131nlanan &#8216;Hi\u00e7&#8217; dizisi olarak biliniyor.<\/p>\n<h3>UZAK \u015eEH\u0130R&#8217;\u0130N PAK\u0130ZE&#8217;S\u0130 \u0130LE KAYA&#8217;SI AYNI D\u0130Z\u0130DE OYNAMI\u015e<\/h3>\n<p>Uzak \u015eehir dizisinin sevilen isimleri dizide ayn\u0131 kona\u011f\u0131n i\u00e7inde yer al\u0131yor. Kaya Albora a\u015firetinin mensubu olarak yer al\u0131rken Pakize&#8217;de Kaya&#8217;n\u0131n evinde \u00e7al\u0131\u015fan rol\u00fcnde.<\/p>\n<p><img loading=\"lazy\" decoding=\"async\" class=\"alignnone size-full wp-image-150339\" src=\"https:\/\/www.tgrthaber.com\/mavikadin\/wp-content\/uploads\/Atakan-Ozkaya-3.jpg\" alt=\"\" width=\"1208\" height=\"680\" title=\"\" srcset=\"https:\/\/www.tgrthaber.com\/mavikadin\/wp-content\/uploads\/Atakan-Ozkaya-3.jpg 1208w, https:\/\/www.tgrthaber.com\/mavikadin\/wp-content\/uploads\/Atakan-Ozkaya-3-300x169.jpg 300w, https:\/\/www.tgrthaber.com\/mavikadin\/wp-content\/uploads\/Atakan-Ozkaya-3-1024x576.jpg 1024w, https:\/\/www.tgrthaber.com\/mavikadin\/wp-content\/uploads\/Atakan-Ozkaya-3-768x432.jpg 768w\" sizes=\"(max-width: 1208px) 100vw, 1208px\" \/><\/p>\n<hr \/>\n<p><strong>Atakan \u00d6zkaya&#8217;n\u0131n rol ald\u0131\u011f\u0131 diziler:<\/strong><\/p>\n<p>\u015eeref Meselesi, O Hayat Benim, Vatan\u0131m Sensin, Kalp At\u0131\u015f\u0131, Hi\u00e7, \u0130\u00e7imizdeki Ate\u015f, Karde\u015flerim<\/p>\n<p><strong>Yaren G\u00fcldiken rol ald\u0131\u011f\u0131 diziler:<\/strong><\/p>\n<p>Uzak \u015eehir<br \/>\nHi\u00e7 (BluTV, 2021)<\/p>\n<p><img loading=\"lazy\" decoding=\"async\" class=\"alignnone size-full wp-image-150340\" src=\"https:\/\/www.tgrthaber.com\/mavikadin\/wp-content\/uploads\/Yaren-Guldiken-1-1.jpg\" alt=\"\" width=\"1208\" height=\"680\" title=\"\" srcset=\"https:\/\/www.tgrthaber.com\/mavikadin\/wp-content\/uploads\/Yaren-Guldiken-1-1.jpg 1208w, https:\/\/www.tgrthaber.com\/mavikadin\/wp-content\/uploads\/Yaren-Guldiken-1-1-300x169.jpg 300w, https:\/\/www.tgrthaber.com\/mavikadin\/wp-content\/uploads\/Yaren-Guldiken-1-1-1024x576.jpg 1024w, https:\/\/www.tgrthaber.com\/mavikadin\/wp-content\/uploads\/Yaren-Guldiken-1-1-768x432.jpg 768w\" sizes=\"(max-width: 1208px) 100vw, 1208px\" \/><\/p>\n<hr \/>\n<h3>ATAKAN \u00d6ZKAYA K\u0130MD\u0130R?<\/h3>\n<p>Atakan \u00d6zkaya tiyatro ve dizi film oyuncusudur. 1998 y\u0131l\u0131nda \u0130stanbul&#8217;da do\u011fan \u00fcnl\u00fc ismin boyu 1.77 kilosu da 68&#8217;dir.<\/p>\n<p>Atakan \u00d6zkaya, Maltepe Belediyesi Kent Konseyi ve Beykent \u00dcniversitesinde oyunculuk e\u011fitimi ald\u0131.<br \/>\nAtakan \u00d6zkaya, tiyatro \u00e7al\u0131\u015fmalar\u0131 d\u0131\u015f\u0131nda 2014 y\u0131l\u0131ndan itibaren \u015eeref Meselesi, O Hayat Benim, Vatan\u0131m Sensin, Kalp At\u0131\u015f\u0131, Hi\u00e7, \u0130\u00e7imizdeki Ate\u015f, Karde\u015flerim gibi \u00e7e\u015fitli dizilerde oynad\u0131.<\/p>\n<p><img loading=\"lazy\" decoding=\"async\" class=\"alignnone size-full wp-image-150341\" src=\"https:\/\/www.tgrthaber.com\/mavikadin\/wp-content\/uploads\/Atakan-Ozkaya-1.jpg\" alt=\"\" width=\"1208\" height=\"680\" title=\"\" srcset=\"https:\/\/www.tgrthaber.com\/mavikadin\/wp-content\/uploads\/Atakan-Ozkaya-1.jpg 1208w, https:\/\/www.tgrthaber.com\/mavikadin\/wp-content\/uploads\/Atakan-Ozkaya-1-300x169.jpg 300w, https:\/\/www.tgrthaber.com\/mavikadin\/wp-content\/uploads\/Atakan-Ozkaya-1-1024x576.jpg 1024w, https:\/\/www.tgrthaber.com\/mavikadin\/wp-content\/uploads\/Atakan-Ozkaya-1-768x432.jpg 768w\" sizes=\"(max-width: 1208px) 100vw, 1208px\" \/><\/p>\n<hr \/>\n<p><strong>Rol Ald\u0131\u011f\u0131 Baz\u0131 Tiyatro Oyunlar\u0131:<\/strong><\/p>\n<p>\u00d6l\u00fcm\u00fcn Uykudaki Duru\u015fu \/ 2019<br \/>\nKanl\u0131 Nigar<br \/>\nHacivat Karag\u00f6z<\/p>\n<p><strong>Rol Ald\u0131\u011f\u0131 Diziler:<\/strong><\/p>\n<p>Karde\u015flerim (Sarp Y\u0131lmaz, TV Dizisi 2022)<br \/>\n\u0130\u00e7imizdeki Ate\u015f (F\u0131rat, TV Dizisi 2022)<br \/>\nHi\u00e7 (Kaan, TV Dizisi 2021)<br \/>\nKalp At\u0131\u015f\u0131 (Kokut, TV Dizisi 2017)<br \/>\nVatan\u0131m Sensin (TV Dizisi 2016)<br \/>\nO Hayat Benim (TV Dizisi 2014)<br \/>\n\u015eeref Meselesi (TV Dizisi 2014)<\/p>\n<p><img loading=\"lazy\" decoding=\"async\" class=\"alignnone size-full wp-image-150342\" src=\"https:\/\/www.tgrthaber.com\/mavikadin\/wp-content\/uploads\/Atakan-Ozkaya-2.jpg\" alt=\"\" width=\"1208\" height=\"680\" title=\"\" srcset=\"https:\/\/www.tgrthaber.com\/mavikadin\/wp-content\/uploads\/Atakan-Ozkaya-2.jpg 1208w, https:\/\/www.tgrthaber.com\/mavikadin\/wp-content\/uploads\/Atakan-Ozkaya-2-300x169.jpg 300w, https:\/\/www.tgrthaber.com\/mavikadin\/wp-content\/uploads\/Atakan-Ozkaya-2-1024x576.jpg 1024w, https:\/\/www.tgrthaber.com\/mavikadin\/wp-content\/uploads\/Atakan-Ozkaya-2-768x432.jpg 768w\" sizes=\"(max-width: 1208px) 100vw, 1208px\" \/><\/p>\n<hr \/>\n<h3>YAREN G\u00dcLD\u0130KEN K\u0130MD\u0130R?<\/h3>\n<p>Sosyal medyada ayn\u0131 zamanda fenomen olan \u00fcnl\u00fc isim reklam ve dizi filmlerde yer ald\u0131.<\/p>\n<p>1998, \u0130stanbul do\u011fumlu olan Yaren G\u00fcldiken Yeditepe \u00dcniversitesi Psikoloji B\u00f6l\u00fcm\u00fc mezunu. Yaren G\u00fcldiken \u00fcniversite e\u011fitimi d\u0131\u015f\u0131nda Hilal Saral At\u00f6lye ve Craft At\u00f6lyesi ve Hasan G\u00fcng\u00f6r Oyunculuk \u2013 Menajerlik b\u00fcnyesinde oyunculuk e\u011fitimleri ald\u0131.<\/p>\n<p><img loading=\"lazy\" decoding=\"async\" class=\"alignnone size-full wp-image-150343\" src=\"https:\/\/www.tgrthaber.com\/mavikadin\/wp-content\/uploads\/Yaren-Guldiken-2-1.jpg\" alt=\"\" width=\"1208\" height=\"680\" title=\"\" srcset=\"https:\/\/www.tgrthaber.com\/mavikadin\/wp-content\/uploads\/Yaren-Guldiken-2-1.jpg 1208w, https:\/\/www.tgrthaber.com\/mavikadin\/wp-content\/uploads\/Yaren-Guldiken-2-1-300x169.jpg 300w, https:\/\/www.tgrthaber.com\/mavikadin\/wp-content\/uploads\/Yaren-Guldiken-2-1-1024x576.jpg 1024w, https:\/\/www.tgrthaber.com\/mavikadin\/wp-content\/uploads\/Yaren-Guldiken-2-1-768x432.jpg 768w\" sizes=\"(max-width: 1208px) 100vw, 1208px\" \/><\/p>\n<hr \/>\n<p>2021 y\u0131l\u0131nda Hi\u00e7 isimli dizinin oyuncu kadrosuna dahil oldu.<\/p>\n<p>Finansbank reklam filminde oynad\u0131.<\/p>\n","protected":false},"excerpt":{"rendered":"<p>Sevilen dizi Uzak \u015eehir&#8217;in Pakize&#8217;si ile Kaya&#8217;s\u0131 me\u011fer eskiden de rol arkada\u015f\u0131 olmu\u015flar. Dizinin fanlar\u0131n\u0131n ortaya \u00e7\u0131kard\u0131\u011f\u0131 bu olay sosyal medyada da g\u00fcndem oldu.<\/p>\n","protected":false},"author":5,"featured_media":150344,"comment_status":"closed","ping_status":"closed","sticky":false,"template":"","format":"standard","meta":{"rank_math_lock_modified_date":false,"footnotes":""},"categories":[76],"tags":[2882,2293,9168],"class_list":["post-150338","post","type-post","status-publish","format-standard","has-post-thumbnail","hentry","category-magazin","tag-atakan-ozkaya","tag-uzak-sehir","tag-yaren-guldiken"],"_links":{"self":[{"href":"https:\/\/www.tgrthaber.com\/mavikadin\/wp-json\/wp\/v2\/posts\/150338"}],"collection":[{"href":"https:\/\/www.tgrthaber.com\/mavikadin\/wp-json\/wp\/v2\/posts"}],"about":[{"href":"https:\/\/www.tgrthaber.com\/mavikadin\/wp-json\/wp\/v2\/types\/post"}],"author":[{"embeddable":true,"href":"https:\/\/www.tgrthaber.com\/mavikadin\/wp-json\/wp\/v2\/users\/5"}],"replies":[{"embeddable":true,"href":"https:\/\/www.tgrthaber.com\/mavikadin\/wp-json\/wp\/v2\/comments?post=150338"}],"version-history":[{"count":1,"href":"https:\/\/www.tgrthaber.com\/mavikadin\/wp-json\/wp\/v2\/posts\/150338\/revisions"}],"predecessor-version":[{"id":150345,"href":"https:\/\/www.tgrthaber.com\/mavikadin\/wp-json\/wp\/v2\/posts\/150338\/revisions\/150345"}],"wp:featuredmedia":[{"embeddable":true,"href":"https:\/\/www.tgrthaber.com\/mavikadin\/wp-json\/wp\/v2\/media\/150344"}],"wp:attachment":[{"href":"https:\/\/www.tgrthaber.com\/mavikadin\/wp-json\/wp\/v2\/media?parent=150338"}],"wp:term":[{"taxonomy":"category","embeddable":true,"href":"https:\/\/www.tgrthaber.com\/mavikadin\/wp-json\/wp\/v2\/categories?post=150338"},{"taxonomy":"post_tag","embeddable":true,"href":"https:\/\/www.tgrthaber.com\/mavikadin\/wp-json\/wp\/v2\/tags?post=150338"}],"curies":[{"name":"wp","href":"https:\/\/api.w.org\/{rel}","templated":true}]}}