{"id":150365,"date":"2025-03-21T12:37:57","date_gmt":"2025-03-21T09:37:57","guid":{"rendered":"https:\/\/www.tgrthaber.com\/mavikadin\/?p=150365"},"modified":"2025-03-21T12:53:51","modified_gmt":"2025-03-21T09:53:51","slug":"demet-akalindan-eski-popstar-yarismacisi-riza-tamere-destek-icler-acisi-hayata-son","status":"publish","type":"post","link":"https:\/\/www.tgrthaber.com\/mavikadin\/demet-akalindan-eski-popstar-yarismacisi-riza-tamere-destek-icler-acisi-hayata-son\/","title":{"rendered":"Demet Akal\u0131n&#8217;dan eski popstar yar\u0131\u015fmac\u0131s\u0131 R\u0131za Tamer&#8217;e destek! \u0130\u00e7ler ac\u0131s\u0131 hayata son"},"content":{"rendered":"<p>Demet Akal\u0131n eski popstar yar\u0131\u015fmac\u0131s\u0131 R\u0131za Tamer&#8217;e sosyal medya hesab\u0131ndan destek oldu. \u00dcnl\u00fc \u015fark\u0131c\u0131 eski popstar yar\u0131\u015fmac\u0131s\u0131n\u0131n bir foto\u011fraf\u0131n\u0131 payla\u015farak &#8220;Abinin ilk konserini bekliyoruz&#8221; notunu d\u00fc\u015ft\u00fc.<\/p>\n<h3>DEMET AKALIN&#8217;DAN RIZA TAMER&#8217;E DESTEK<\/h3>\n<p>Eski popstar yar\u0131\u015fmac\u0131s\u0131 R\u0131za Tamer y\u0131llar sonra yeniden ke\u015ffedilmi\u015f st\u00fcdyoda m\u00fczik \u00e7al\u0131\u015fmalar\u0131na ba\u015flam\u0131\u015ft\u0131. \u00dcnl\u00fc \u015fark\u0131c\u0131 Demet Akal\u0131n da R\u0131za Tamer&#8217;e destek olmak ad\u0131na sosyal medya hesab\u0131ndan payla\u015f\u0131m yapt\u0131. Akal\u0131n, eski popstar yar\u0131\u015fmac\u0131s\u0131n\u0131n bir foto\u011fraf\u0131n\u0131 payla\u015farak &#8220;Abinin ilk konserini bekliyoruz&#8221; notunu d\u00fc\u015ft\u00fc.<\/p>\n<h3><img loading=\"lazy\" decoding=\"async\" class=\"alignnone size-full wp-image-150367\" src=\"https:\/\/www.tgrthaber.com\/mavikadin\/wp-content\/uploads\/Demet-Akalin-2-3.jpg\" alt=\"\" width=\"1208\" height=\"680\" title=\"\" srcset=\"https:\/\/www.tgrthaber.com\/mavikadin\/wp-content\/uploads\/Demet-Akalin-2-3.jpg 1208w, https:\/\/www.tgrthaber.com\/mavikadin\/wp-content\/uploads\/Demet-Akalin-2-3-300x169.jpg 300w, https:\/\/www.tgrthaber.com\/mavikadin\/wp-content\/uploads\/Demet-Akalin-2-3-1024x576.jpg 1024w, https:\/\/www.tgrthaber.com\/mavikadin\/wp-content\/uploads\/Demet-Akalin-2-3-768x432.jpg 768w\" sizes=\"(max-width: 1208px) 100vw, 1208px\" \/><\/h3>\n<hr \/>\n<h3>SOKAKLARDAN ST\u00dcDYOLARA D\u00d6N\u00dc\u015e<\/h3>\n<p>R\u0131za Tamer sokaklardan st\u00fcdyolara geri d\u00f6nmek i\u00e7in haz\u0131rlan\u0131yor. Sesiyle herkesi etkileyen R\u0131za Tamer, \u00e7al\u0131\u015fmalar\u0131n\u0131 yapaca\u011f\u0131 firmay\u0131 ise sosyal medya hesab\u0131ndan payla\u015farak ne kadar mutlu oldu\u011funu g\u00f6zler \u00f6n\u00fcne serdi.<\/p>\n<p><img loading=\"lazy\" decoding=\"async\" class=\"alignnone size-full wp-image-149927\" src=\"https:\/\/www.tgrthaber.com\/mavikadin\/wp-content\/uploads\/Riza-Tamer-1.jpg\" alt=\"\" width=\"1208\" height=\"680\" title=\"\" srcset=\"https:\/\/www.tgrthaber.com\/mavikadin\/wp-content\/uploads\/Riza-Tamer-1.jpg 1208w, https:\/\/www.tgrthaber.com\/mavikadin\/wp-content\/uploads\/Riza-Tamer-1-300x169.jpg 300w, https:\/\/www.tgrthaber.com\/mavikadin\/wp-content\/uploads\/Riza-Tamer-1-1024x576.jpg 1024w, https:\/\/www.tgrthaber.com\/mavikadin\/wp-content\/uploads\/Riza-Tamer-1-768x432.jpg 768w\" sizes=\"(max-width: 1208px) 100vw, 1208px\" \/><\/p>\n<hr \/>\n<h3>RIZA TAMER YEN\u0130DEN KE\u015eFED\u0130LD\u0130<\/h3>\n<p>M\u00fczi\u011fe olan sevgisi ve tutkusuyla bilinen R\u0131za Tamer, sahnelere geri d\u00f6nmeye haz\u0131rlan\u0131yor. Bir anda sosyal medyan\u0131n en \u00e7ok konu\u015fulan isimlerinden biri haline gelen R\u0131za Tamer, sokaklardan st\u00fcdyolara ge\u00e7i\u015f yapt\u0131\u011f\u0131n\u0131 sevenlerine duyurdu.<\/p>\n<h3>RIZA TAMER K\u0130MD\u0130R?<\/h3>\n<p>M\u00fczi\u011fe k\u00fc\u00e7\u00fckl\u00fc\u011f\u00fcnden beri ilgi duyan R\u0131za Tamer, Kahramanmara\u015fl\u0131 bir ailenin \u00e7ocu\u011fu olarak do\u011fdu. Kendisi \u0130stanbul&#8217;da ya\u015fayan R\u0131za Tamer&#8217;in ailesi ise memleketinde hayat\u0131n\u0131 devam ettiriyor.<\/p>\n<p>Popstar T\u00fcrkiye 2. Sezon yar\u0131\u015fmas\u0131na kat\u0131lan R\u0131za Tamer ge\u00e7ti\u011fimiz senelerde sesini T\u00fcrkiye&#8217;ye duyurmay\u0131 ba\u015farm\u0131\u015f ancak o d\u00f6nemde elinden tutan olmam\u0131\u015ft\u0131.<\/p>\n<p><img loading=\"lazy\" decoding=\"async\" class=\"alignnone size-full wp-image-149932\" src=\"https:\/\/www.tgrthaber.com\/mavikadin\/wp-content\/uploads\/Riza-Tamer-5.jpg\" alt=\"\" width=\"1208\" height=\"680\" title=\"\" srcset=\"https:\/\/www.tgrthaber.com\/mavikadin\/wp-content\/uploads\/Riza-Tamer-5.jpg 1208w, https:\/\/www.tgrthaber.com\/mavikadin\/wp-content\/uploads\/Riza-Tamer-5-300x169.jpg 300w, https:\/\/www.tgrthaber.com\/mavikadin\/wp-content\/uploads\/Riza-Tamer-5-1024x576.jpg 1024w, https:\/\/www.tgrthaber.com\/mavikadin\/wp-content\/uploads\/Riza-Tamer-5-768x432.jpg 768w\" sizes=\"(max-width: 1208px) 100vw, 1208px\" \/><\/p>\n<hr \/>\n<p>Yar\u0131\u015fmada sesiyle herkesi etkileyen R\u0131za Tamer finale kadar gelmeyi ba\u015farm\u0131\u015ft\u0131. Yar\u0131\u015fma sonras\u0131nda single alb\u00fcm \u00e7\u0131karsa da o d\u00f6nemde istedi\u011fi ba\u015far\u0131y\u0131 elde edemedi. Ancak m\u00fczi\u011fi hi\u00e7bir zaman b\u0131rakmad\u0131.<\/p>\n<p><img loading=\"lazy\" decoding=\"async\" class=\"alignnone wp-image-149132\" src=\"https:\/\/www.tgrthaber.com\/mavikadin\/wp-content\/uploads\/Riza-Tamer-kimdir-ve-neden-gundem-oldu-Sesiyle-sosyal-medyayi-karistiran-eski-popstar-yarismacisi.jpg\" alt=\"\" width=\"1208\" height=\"680\" title=\"\" srcset=\"https:\/\/www.tgrthaber.com\/mavikadin\/wp-content\/uploads\/Riza-Tamer-kimdir-ve-neden-gundem-oldu-Sesiyle-sosyal-medyayi-karistiran-eski-popstar-yarismacisi.jpg 1920w, https:\/\/www.tgrthaber.com\/mavikadin\/wp-content\/uploads\/Riza-Tamer-kimdir-ve-neden-gundem-oldu-Sesiyle-sosyal-medyayi-karistiran-eski-popstar-yarismacisi-300x169.jpg 300w, https:\/\/www.tgrthaber.com\/mavikadin\/wp-content\/uploads\/Riza-Tamer-kimdir-ve-neden-gundem-oldu-Sesiyle-sosyal-medyayi-karistiran-eski-popstar-yarismacisi-1024x576.jpg 1024w, https:\/\/www.tgrthaber.com\/mavikadin\/wp-content\/uploads\/Riza-Tamer-kimdir-ve-neden-gundem-oldu-Sesiyle-sosyal-medyayi-karistiran-eski-popstar-yarismacisi-768x432.jpg 768w, https:\/\/www.tgrthaber.com\/mavikadin\/wp-content\/uploads\/Riza-Tamer-kimdir-ve-neden-gundem-oldu-Sesiyle-sosyal-medyayi-karistiran-eski-popstar-yarismacisi-1536x864.jpg 1536w\" sizes=\"(max-width: 1208px) 100vw, 1208px\" \/><\/p>\n<hr \/>\n<h3>DEN\u0130Z SEK\u0130 \u0130LE SORUN YA\u015eADI<\/h3>\n<p>J\u00fcri \u00fcyeleri ve yar\u0131\u015fmac\u0131larla da g\u00fcndem olan R\u0131za Tamer o d\u00f6nemde j\u00fcri \u00fcyesi Deniz Seki&#8217;yle de bir polemi\u011fe girmi\u015fti.<\/p>\n<p><img loading=\"lazy\" decoding=\"async\" class=\"alignnone size-full wp-image-149934\" src=\"https:\/\/www.tgrthaber.com\/mavikadin\/wp-content\/uploads\/Riza-Tamer-4.jpg\" alt=\"\" width=\"1208\" height=\"680\" title=\"\" srcset=\"https:\/\/www.tgrthaber.com\/mavikadin\/wp-content\/uploads\/Riza-Tamer-4.jpg 1208w, https:\/\/www.tgrthaber.com\/mavikadin\/wp-content\/uploads\/Riza-Tamer-4-300x169.jpg 300w, https:\/\/www.tgrthaber.com\/mavikadin\/wp-content\/uploads\/Riza-Tamer-4-1024x576.jpg 1024w, https:\/\/www.tgrthaber.com\/mavikadin\/wp-content\/uploads\/Riza-Tamer-4-768x432.jpg 768w\" sizes=\"(max-width: 1208px) 100vw, 1208px\" \/><\/p>\n<hr \/>\n<p>Deniz Seki, R\u0131za Tamer\u2019e \u201cSen \u00e7ok ukalas\u0131n, sinir bozucu bir tavr\u0131n var.\u201d demi\u015fti. Tamer ise bu s\u00f6zlere kar\u015f\u0131l\u0131k \u201cBen kal\u0131rsam star olurum ama sizin karar\u0131n\u0131z \u00f6nemli. Star olmak sadece sesle de\u011fil, sahne enerjisiyle de olur. T\u00fcrkiye\u2019de bir\u00e7ok g\u00fczel ses var.\u201d \u015feklinde cevap vermi\u015fti.<\/p>\n","protected":false},"excerpt":{"rendered":"<p>Demet Akal\u0131n eski popstar yar\u0131\u015fmac\u0131s\u0131 R\u0131za Tamer&#8217;e destek \u00e7\u0131kt\u0131. \u00dcnl\u00fc isim y\u0131llar sonra yeniden ke\u015ffedilen Tamer i\u00e7in sosyal medya hesab\u0131ndan payla\u015f\u0131mda bulundu. Akal\u0131n, &#8220;Abinin ilk konserini bekliyoruz&#8221; dedi.<\/p>\n","protected":false},"author":5,"featured_media":150366,"comment_status":"closed","ping_status":"closed","sticky":false,"template":"","format":"standard","meta":{"rank_math_lock_modified_date":false,"footnotes":""},"categories":[76],"tags":[130,14754],"class_list":["post-150365","post","type-post","status-publish","format-standard","has-post-thumbnail","hentry","category-magazin","tag-demet-akalin","tag-riza-tamer"],"_links":{"self":[{"href":"https:\/\/www.tgrthaber.com\/mavikadin\/wp-json\/wp\/v2\/posts\/150365"}],"collection":[{"href":"https:\/\/www.tgrthaber.com\/mavikadin\/wp-json\/wp\/v2\/posts"}],"about":[{"href":"https:\/\/www.tgrthaber.com\/mavikadin\/wp-json\/wp\/v2\/types\/post"}],"author":[{"embeddable":true,"href":"https:\/\/www.tgrthaber.com\/mavikadin\/wp-json\/wp\/v2\/users\/5"}],"replies":[{"embeddable":true,"href":"https:\/\/www.tgrthaber.com\/mavikadin\/wp-json\/wp\/v2\/comments?post=150365"}],"version-history":[{"count":3,"href":"https:\/\/www.tgrthaber.com\/mavikadin\/wp-json\/wp\/v2\/posts\/150365\/revisions"}],"predecessor-version":[{"id":150370,"href":"https:\/\/www.tgrthaber.com\/mavikadin\/wp-json\/wp\/v2\/posts\/150365\/revisions\/150370"}],"wp:featuredmedia":[{"embeddable":true,"href":"https:\/\/www.tgrthaber.com\/mavikadin\/wp-json\/wp\/v2\/media\/150366"}],"wp:attachment":[{"href":"https:\/\/www.tgrthaber.com\/mavikadin\/wp-json\/wp\/v2\/media?parent=150365"}],"wp:term":[{"taxonomy":"category","embeddable":true,"href":"https:\/\/www.tgrthaber.com\/mavikadin\/wp-json\/wp\/v2\/categories?post=150365"},{"taxonomy":"post_tag","embeddable":true,"href":"https:\/\/www.tgrthaber.com\/mavikadin\/wp-json\/wp\/v2\/tags?post=150365"}],"curies":[{"name":"wp","href":"https:\/\/api.w.org\/{rel}","templated":true}]}}