{"id":150378,"date":"2025-03-21T13:16:34","date_gmt":"2025-03-21T10:16:34","guid":{"rendered":"https:\/\/www.tgrthaber.com\/mavikadin\/?p=150378"},"modified":"2025-03-21T13:16:34","modified_gmt":"2025-03-21T10:16:34","slug":"survivordan-elenen-efecan-dianzenza-ilk-paylasiminda-o-ismi-sucladi","status":"publish","type":"post","link":"https:\/\/www.tgrthaber.com\/mavikadin\/survivordan-elenen-efecan-dianzenza-ilk-paylasiminda-o-ismi-sucladi\/","title":{"rendered":"Survivor&#8217;dan elenen Efecan Dianzenza ilk payla\u015f\u0131m\u0131nda o ismi su\u00e7lad\u0131!"},"content":{"rendered":"<p>TV8 kanal\u0131n\u0131n adrenalin dolu yar\u0131\u015fma programlar\u0131ndan olan Survivor 2025&#8217;de adaya erkenden veda eden isimlerden birisi de Efecan Dianzenza olmu\u015ftu.<\/p>\n<p>Yar\u0131\u015fmac\u0131 Efecan Dianzenza, rop\u00f6rtaj\u0131nda yapt\u0131\u011f\u0131 a\u00e7\u0131klama ile dikkat \u00e7ekmi\u015f ve tak\u0131m arkada\u015f\u0131 Adem K\u0131l\u0131\u00e7\u00e7\u0131&#8217;y\u0131 su\u00e7lay\u0131c\u0131 ifadelerde bulunmu\u015ftu.<\/p>\n<h3>EFECAN ARKADA\u015eLARINI SORUMLU TUTTU<\/h3>\n<p>Survivor&#8217;da eleme gecesine dair \u00e7arp\u0131c\u0131 ifadelerde bulunan Efecan, &#8221;D\u00fcello sonras\u0131 adaya veda ki\u015fi ben oldum. Batuhan&#8217;a kaybettim en az\u0131ndan. Batuhan ger\u00e7ekten yar\u0131\u015ft\u0131\u011f\u0131m\u0131 bildi\u011fim bir insana kaybettim. Birazc\u0131k da Batuhan kazand\u0131\u011f\u0131 kadar bana da kaybettiren bir k\u0131rm\u0131z\u0131 tak\u0131m oldu. Ellerinden geleni yapt\u0131lar.<\/p>\n<p><img loading=\"lazy\" decoding=\"async\" class=\"alignnone wp-image-150380\" src=\"https:\/\/www.tgrthaber.com\/mavikadin\/wp-content\/uploads\/rrw-5.png\" alt=\"\" width=\"1208\" height=\"755\" title=\"\" srcset=\"https:\/\/www.tgrthaber.com\/mavikadin\/wp-content\/uploads\/rrw-5.png 762w, https:\/\/www.tgrthaber.com\/mavikadin\/wp-content\/uploads\/rrw-5-300x187.png 300w\" sizes=\"(max-width: 1208px) 100vw, 1208px\" \/><\/p>\n<hr \/>\n<p>Zaten bir g\u00fcn \u00f6nce gizlice oturup, Sema, Adem ve Hikmet&#8217;in herkesten gizlice oturup farkl\u0131 bir yerde Efecan&#8217;\u0131 nas\u0131l kaybettiririz konu\u015fmalar\u0131 yap\u0131p, gizlice Batuhan&#8217;\u0131 kum torbas\u0131 \u00e7al\u0131\u015ft\u0131r\u0131p, ondan sonra bir plan yapal\u0131m; Hikmet sen Efecan ile y\u00fcr\u00fc, s\u00fcrekli onun kazanmas\u0131 i\u00e7in ba\u011f\u0131rmas\u0131, Sema&#8217;n\u0131n Batuhan \u00f6yle atma b\u00f6yle at diye ba\u011f\u0131rmas\u0131. Ben ilk defa b\u00f6yle bir d\u00fcello g\u00f6r\u00fcyorum. Biz sizle ne ara b\u00f6yle d\u00fc\u015fman olduk.&#8221; demi\u015fti.<\/p>\n<h3>EFECAN D\u0130ENZA: &#8216;ADEM \u00c7OK KORKAK&#8217;<\/h3>\n<p>Ayn\u0131 tak\u0131mda oldu\u011fu Adem K\u0131l\u0131\u00e7\u00e7\u0131&#8217;ya y\u00f6nelik su\u00e7lay\u0131c\u0131 ifadeleri olan yar\u0131\u015fmac\u0131 Efecan, &#8221;Adem&#8217;in arkas\u0131nda \u00e7ok de\u011fi\u015fik bir karakter var. \u00c7ok korkak, \u00e7ok t\u0131rsak bir karakteri var.<\/p>\n<p><img loading=\"lazy\" decoding=\"async\" class=\"alignnone wp-image-150381\" src=\"https:\/\/www.tgrthaber.com\/mavikadin\/wp-content\/uploads\/e-10.png\" alt=\"\" width=\"1208\" height=\"753\" title=\"\" srcset=\"https:\/\/www.tgrthaber.com\/mavikadin\/wp-content\/uploads\/e-10.png 762w, https:\/\/www.tgrthaber.com\/mavikadin\/wp-content\/uploads\/e-10-300x187.png 300w\" sizes=\"(max-width: 1208px) 100vw, 1208px\" \/><\/p>\n<hr \/>\n<p>\u00d6n\u00fcne bir duvar koymu\u015f ki o duvarla g\u00fc\u00e7l\u00fc durmaya \u00e7al\u0131\u015f\u0131yor. Ama duvar saydam, i\u00e7i g\u00f6r\u00fcn\u00fcyor. Onun b\u00fct\u00fcn k\u00fc\u00e7\u00fckl\u00fc\u011f\u00fcn\u00fc hissedebiliyorum. Senin ruh a\u00e7 diyorum anlam\u0131yor. Bak\u0131yor y\u00fcz\u00fcme ama anlam\u0131yor. Herkese s\u00f6yl\u00fcyorsun kaybetmeyi bileceksin diyorsun da sen hangi oyunu kaybettin de kaybetmeyi bildin ki. Ben inanm\u0131yorum o \u00f6n\u00fcndeki duvarla g\u00fc\u00e7l\u00fc durmaya \u00e7al\u0131\u015f\u0131yor.&#8221; diyerek su\u00e7lamada bulunmu\u015ftu.<\/p>\n<h3>EFECAN&#8217;DAN ELEME SONRASI \u0130LK PAYLA\u015eIM GEC\u0130KMED\u0130<\/h3>\n<p>Survivor&#8217;a y\u00f6nelik g\u00f6nderi yay\u0131nlayan Efecan ilk mesaj\u0131nda &#8221; Lobi mobi yok grrr grrr grrr. Akl\u0131m hala yapmad\u0131klar\u0131mda\u2026 Att\u0131\u011f\u0131n\u0131z mesajlar o kadar \u00f6zel ki size anlatamam. \u0130yi ki vars\u0131n\u0131z. S\u0131k\u0131nt\u0131 yok.&#8221; ifadelerine yer verdi.<\/p>\n","protected":false},"excerpt":{"rendered":"<p>Survivor 2025 yar\u0131\u015fmas\u0131na veda eden yar\u0131\u015fmac\u0131 Efecan Dianzenza, sosyal medya hesab\u0131ndan yay\u0131nlad\u0131\u011f\u0131 payla\u015f\u0131mla tak\u0131m arkada\u015f\u0131 Adem&#8217;i su\u00e7lad\u0131.<\/p>\n","protected":false},"author":27,"featured_media":117403,"comment_status":"closed","ping_status":"closed","sticky":false,"template":"","format":"standard","meta":{"rank_math_lock_modified_date":false,"footnotes":""},"categories":[76],"tags":[15014,7078,2366],"class_list":["post-150378","post","type-post","status-publish","format-standard","has-post-thumbnail","hentry","category-magazin","tag-adem-kilicci","tag-efecan-dianzenza","tag-survivor"],"_links":{"self":[{"href":"https:\/\/www.tgrthaber.com\/mavikadin\/wp-json\/wp\/v2\/posts\/150378"}],"collection":[{"href":"https:\/\/www.tgrthaber.com\/mavikadin\/wp-json\/wp\/v2\/posts"}],"about":[{"href":"https:\/\/www.tgrthaber.com\/mavikadin\/wp-json\/wp\/v2\/types\/post"}],"author":[{"embeddable":true,"href":"https:\/\/www.tgrthaber.com\/mavikadin\/wp-json\/wp\/v2\/users\/27"}],"replies":[{"embeddable":true,"href":"https:\/\/www.tgrthaber.com\/mavikadin\/wp-json\/wp\/v2\/comments?post=150378"}],"version-history":[{"count":2,"href":"https:\/\/www.tgrthaber.com\/mavikadin\/wp-json\/wp\/v2\/posts\/150378\/revisions"}],"predecessor-version":[{"id":150383,"href":"https:\/\/www.tgrthaber.com\/mavikadin\/wp-json\/wp\/v2\/posts\/150378\/revisions\/150383"}],"wp:featuredmedia":[{"embeddable":true,"href":"https:\/\/www.tgrthaber.com\/mavikadin\/wp-json\/wp\/v2\/media\/117403"}],"wp:attachment":[{"href":"https:\/\/www.tgrthaber.com\/mavikadin\/wp-json\/wp\/v2\/media?parent=150378"}],"wp:term":[{"taxonomy":"category","embeddable":true,"href":"https:\/\/www.tgrthaber.com\/mavikadin\/wp-json\/wp\/v2\/categories?post=150378"},{"taxonomy":"post_tag","embeddable":true,"href":"https:\/\/www.tgrthaber.com\/mavikadin\/wp-json\/wp\/v2\/tags?post=150378"}],"curies":[{"name":"wp","href":"https:\/\/api.w.org\/{rel}","templated":true}]}}