{"id":150407,"date":"2025-03-21T13:57:02","date_gmt":"2025-03-21T10:57:02","guid":{"rendered":"https:\/\/www.tgrthaber.com\/mavikadin\/?p=150407"},"modified":"2025-03-21T14:03:59","modified_gmt":"2025-03-21T11:03:59","slug":"komedyen-tolga-cevik-itiraf-etti-hikayemize-cogu-kisi-inanmiyor","status":"publish","type":"post","link":"https:\/\/www.tgrthaber.com\/mavikadin\/komedyen-tolga-cevik-itiraf-etti-hikayemize-cogu-kisi-inanmiyor\/","title":{"rendered":"Komedyen Tolga \u00c7evik itiraf etti: &#8220;Hikayemize \u00e7o\u011fu ki\u015fi inanm\u0131yor!&#8221;"},"content":{"rendered":"<p>2004 y\u0131l\u0131nda d\u00fcnyaevine girdi\u011fi biricik e\u015fi \u00d6zge Y\u0131lmaz ile mutlu bir evlilik hayat\u0131 s\u00fcrd\u00fcren komedyen Tolga \u00c7evik, evlilik karar\u0131na nas\u0131l vard\u0131\u011f\u0131n\u0131 ve ili\u015fkilerini nas\u0131l taze tuttuklar\u0131n\u0131n s\u0131rr\u0131n\u0131 verdi.<\/p>\n<p>Evlilik hayat\u0131ndan ve ailesinin i\u00e7inde nas\u0131l bir konumda oldu\u011fundan samimi bir \u015fekilde bahseden komedyen Tolga \u00c7evik&#8217;in i\u015fte o \u00f6zel a\u00e7\u0131klamalar\u0131&#8230;<\/p>\n<h3>\u00dcNL\u00dc \u0130S\u0130M TOLGA \u00c7EV\u0130K EVL\u0130L\u0130K KARARINI ME\u011eER O ANDA ALMI\u015e&#8230;<\/h3>\n<p>E\u015fini g\u00f6r\u00fcr g\u00f6rmez ilk on dakika i\u00e7inde evlenmeye karar verdi\u011fini itiraf eden komedyen Tolga \u00c7evik, tan\u0131\u015fma hikayesinden \u015f\u00f6yle bahsetti:<\/p>\n<p><img loading=\"lazy\" decoding=\"async\" class=\"alignnone wp-image-67107\" src=\"https:\/\/www.tgrthaber.com\/mavikadin\/wp-content\/uploads\/2024\/09\/tolga-cevik-ten-evlilik-itirafi.jpg\" alt=\"\" width=\"1208\" height=\"680\" title=\"\" srcset=\"https:\/\/www.tgrthaber.com\/mavikadin\/wp-content\/uploads\/2024\/09\/tolga-cevik-ten-evlilik-itirafi.jpg 1600w, https:\/\/www.tgrthaber.com\/mavikadin\/wp-content\/uploads\/2024\/09\/tolga-cevik-ten-evlilik-itirafi-300x169.jpg 300w, https:\/\/www.tgrthaber.com\/mavikadin\/wp-content\/uploads\/2024\/09\/tolga-cevik-ten-evlilik-itirafi-1024x576.jpg 1024w, https:\/\/www.tgrthaber.com\/mavikadin\/wp-content\/uploads\/2024\/09\/tolga-cevik-ten-evlilik-itirafi-768x432.jpg 768w, https:\/\/www.tgrthaber.com\/mavikadin\/wp-content\/uploads\/2024\/09\/tolga-cevik-ten-evlilik-itirafi-1536x864.jpg 1536w, https:\/\/www.tgrthaber.com\/mavikadin\/wp-content\/uploads\/2024\/09\/tolga-cevik-ten-evlilik-itirafi-533x300.jpg 533w, https:\/\/www.tgrthaber.com\/mavikadin\/wp-content\/uploads\/2024\/09\/tolga-cevik-ten-evlilik-itirafi-600x338.jpg 600w, https:\/\/www.tgrthaber.com\/mavikadin\/wp-content\/uploads\/2024\/09\/tolga-cevik-ten-evlilik-itirafi-30x16.jpg 30w, https:\/\/www.tgrthaber.com\/mavikadin\/wp-content\/uploads\/2024\/09\/tolga-cevik-ten-evlilik-itirafi-18x10.jpg 18w\" sizes=\"(max-width: 1208px) 100vw, 1208px\" \/><\/p>\n<hr \/>\n<p>&#8220;E\u015fimle tan\u0131\u015ft\u0131\u011f\u0131m\u0131z g\u00fcn, daha ilk 10 dakika i\u00e7inde ona &#8216;Biz seninle evlenece\u011fiz, biliyorsun de\u011fil mi?&#8217; dedim. O da &#8216;Biliyorum&#8217; diye cevap verdi. O d\u00f6nemde \u00e7ok gen\u00e7ti, bu y\u00fczden 3 y\u0131l sonra evlendik. Hikayemize \u00e7o\u011fu ki\u015fi inanm\u0131yor ama bizim yak\u0131n dostumuz R\u0131za S\u00f6nmez bu an\u0131ya \u015fahittir.&#8221;<\/p>\n<h3>KOMEDYEN TOLGA \u00c7EV\u0130K: &#8220;BEN EN \u00c7OK EVDE \u00dcNL\u00dcY\u00dcM&#8221;<\/h3>\n<p>Sahnelerde ve ekran kar\u015f\u0131s\u0131nda olduk\u00e7a geni\u015f bir hayran kitlesi var olan Tolga \u00c7evik, aile \u00fcyeleri aras\u0131ndaki konumundan esprili bir dil ile bahsetti. \u00c7evik, &#8220;Ben en \u00e7ok evde \u00fcnl\u00fcy\u00fcm. \u00c7ocuklar\u0131m &#8216;Eyvah babam geliyor!&#8217; diye espri yap\u0131yorlar.&#8221; dedi.<\/p>\n<h3>ROMANT\u0130K B\u0130R\u0130 OLAN TOLGA \u00c7EV\u0130K&#8217;TEN &#8216;A\u015eK&#8217; YORUMU!<\/h3>\n<p>E\u015fiyle aralar\u0131nda olan romantik ili\u015fkiden bahseden Tolga \u00c7evik,\u00a0&#8220;A\u015fka inan\u0131yorum ama sevgi daha b\u00fcy\u00fck bir g\u00fcc. Bizim ili\u015fkimiz de a\u015fkla ba\u015flad\u0131 ama zaman i\u00e7inde sevgi daha bask\u0131n hale geldi ve a\u015fk\u0131n tozunu att\u0131rd\u0131. Biz e\u015fimle birbirimizin z\u0131tt\u0131y\u0131z; o siyah\u0131 sever, ben k\u0131rm\u0131z\u0131 ama \u00f6nemli olan bir kriz an\u0131nda nas\u0131l kenetlendi\u011fimiz. Bunlar kelimelerle anlat\u0131lacak \u015feyler de\u011fil, ya\u015fanarak anla\u015f\u0131l\u0131yor.&#8221; ifadesinde bulundu.<\/p>\n<p><img loading=\"lazy\" decoding=\"async\" class=\"alignnone wp-image-150411\" src=\"https:\/\/www.tgrthaber.com\/mavikadin\/wp-content\/uploads\/GDDD-2.png\" alt=\"\" width=\"1208\" height=\"684\" title=\"\" srcset=\"https:\/\/www.tgrthaber.com\/mavikadin\/wp-content\/uploads\/GDDD-2.png 923w, https:\/\/www.tgrthaber.com\/mavikadin\/wp-content\/uploads\/GDDD-2-300x170.png 300w, https:\/\/www.tgrthaber.com\/mavikadin\/wp-content\/uploads\/GDDD-2-768x435.png 768w\" sizes=\"(max-width: 1208px) 100vw, 1208px\" \/><\/p>\n<hr \/>\n<p>Uzun s\u00fcreli olmak kayd\u0131 ile mutlu evlilikleriyle dikkatleri \u00fczerlerine \u00e7eken \u00fcnl\u00fc komedyen Tolga \u00c7evik ve k\u0131ymetli e\u015fi \u00d6zge Y\u0131lmaz, birbirlerine kar\u015f\u0131l\u0131kl\u0131 olarak duyduklar\u0131 sevgi ve sayg\u0131yla \u00f6rnek olmaya devam ediyor.<\/p>\n","protected":false},"excerpt":{"rendered":"<p>Sevilen komedyen Tolga \u00c7evik, uzun s\u00fcredir mutlu giden evlilik hayat\u0131na dair samimi a\u00e7\u0131klamalarda bulunarak, e\u015fiyle olan ili\u015fkisinden bahsetti.<\/p>\n","protected":false},"author":27,"featured_media":150410,"comment_status":"closed","ping_status":"closed","sticky":false,"template":"","format":"standard","meta":{"rank_math_lock_modified_date":false,"footnotes":""},"categories":[76],"tags":[133,10270,15019],"class_list":["post-150407","post","type-post","status-publish","format-standard","has-post-thumbnail","hentry","category-magazin","tag-magazin","tag-tolga-cevik","tag-tolga-cevik-ve-esi"],"_links":{"self":[{"href":"https:\/\/www.tgrthaber.com\/mavikadin\/wp-json\/wp\/v2\/posts\/150407"}],"collection":[{"href":"https:\/\/www.tgrthaber.com\/mavikadin\/wp-json\/wp\/v2\/posts"}],"about":[{"href":"https:\/\/www.tgrthaber.com\/mavikadin\/wp-json\/wp\/v2\/types\/post"}],"author":[{"embeddable":true,"href":"https:\/\/www.tgrthaber.com\/mavikadin\/wp-json\/wp\/v2\/users\/27"}],"replies":[{"embeddable":true,"href":"https:\/\/www.tgrthaber.com\/mavikadin\/wp-json\/wp\/v2\/comments?post=150407"}],"version-history":[{"count":3,"href":"https:\/\/www.tgrthaber.com\/mavikadin\/wp-json\/wp\/v2\/posts\/150407\/revisions"}],"predecessor-version":[{"id":150420,"href":"https:\/\/www.tgrthaber.com\/mavikadin\/wp-json\/wp\/v2\/posts\/150407\/revisions\/150420"}],"wp:featuredmedia":[{"embeddable":true,"href":"https:\/\/www.tgrthaber.com\/mavikadin\/wp-json\/wp\/v2\/media\/150410"}],"wp:attachment":[{"href":"https:\/\/www.tgrthaber.com\/mavikadin\/wp-json\/wp\/v2\/media?parent=150407"}],"wp:term":[{"taxonomy":"category","embeddable":true,"href":"https:\/\/www.tgrthaber.com\/mavikadin\/wp-json\/wp\/v2\/categories?post=150407"},{"taxonomy":"post_tag","embeddable":true,"href":"https:\/\/www.tgrthaber.com\/mavikadin\/wp-json\/wp\/v2\/tags?post=150407"}],"curies":[{"name":"wp","href":"https:\/\/api.w.org\/{rel}","templated":true}]}}