{"id":150437,"date":"2025-03-21T14:55:33","date_gmt":"2025-03-21T11:55:33","guid":{"rendered":"https:\/\/www.tgrthaber.com\/mavikadin\/?p=150437"},"modified":"2025-03-21T15:56:52","modified_gmt":"2025-03-21T12:56:52","slug":"gamze-ozcelik-suriye-sokaklarinda-korkusuzca-dolasti","status":"publish","type":"post","link":"https:\/\/www.tgrthaber.com\/mavikadin\/gamze-ozcelik-suriye-sokaklarinda-korkusuzca-dolasti\/","title":{"rendered":"Gamze \u00d6z\u00e7elik Suriye sokaklar\u0131nda! Korkusuzca dola\u015ft\u0131"},"content":{"rendered":"<p>\u00dcnl\u00fc oyuncu ve insani yard\u0131m aktivisti Gamze \u00d6z\u00e7elik, Umuda Ko\u015fanlar Derne\u011fi ekibiyle birlikte bir kez daha Suriye\u2019deki ihtiya\u00e7 sahiplerine yard\u0131m eli uzatt\u0131. Bu defa, sava\u015f\u0131n izlerini ta\u015f\u0131yan Suriye\u2019deki b\u00f6lgelere yap\u0131lan ziyaret s\u0131ras\u0131nda, hem yard\u0131m faaliyetlerine kat\u0131lan hem de k\u00fclt\u00fcrel miras\u0131 yerinde g\u00f6rmek ad\u0131na Emevi Camii\u2019ni de ziyaret etti.<\/p>\n<h3>SUR\u0130YE&#8217;DE YARDIM FAL\u0130YETLER\u0130 DEVAM ED\u0130YOR<\/h3>\n<p>Gamze \u00d6z\u00e7elik ve Umuda Ko\u015fanlar Derne\u011fi ekibi, Suriye\u2019deki sava\u015f ma\u011fdurlar\u0131na y\u00f6nelik yard\u0131m \u00e7al\u0131\u015fmalar\u0131na h\u0131z kesmeden devam ediyor. B\u00f6lgedeki \u00e7ocuklara, kad\u0131nlara ve ya\u015fl\u0131lara g\u0131da, k\u0131yafet, sa\u011fl\u0131k malzemeleri gibi temel ihtiya\u00e7lar\u0131 ula\u015ft\u0131ran \u00d6z\u00e7elik ve ekibi, ayn\u0131 zamanda moral ve motivasyon sa\u011flamak amac\u0131yla onlarla vakit ge\u00e7iriyor.<\/p>\n<p><img loading=\"lazy\" decoding=\"async\" class=\"alignnone wp-image-150443\" src=\"https:\/\/www.tgrthaber.com\/mavikadin\/wp-content\/uploads\/2-505.png\" alt=\"\" width=\"1208\" height=\"680\" title=\"\" srcset=\"https:\/\/www.tgrthaber.com\/mavikadin\/wp-content\/uploads\/2-505.png 1280w, https:\/\/www.tgrthaber.com\/mavikadin\/wp-content\/uploads\/2-505-300x169.png 300w, https:\/\/www.tgrthaber.com\/mavikadin\/wp-content\/uploads\/2-505-1024x576.png 1024w, https:\/\/www.tgrthaber.com\/mavikadin\/wp-content\/uploads\/2-505-768x432.png 768w\" sizes=\"(max-width: 1208px) 100vw, 1208px\" \/><\/p>\n<hr \/>\n<p>Suriye\u2019deki zorlu \u015fartlara ra\u011fmen, iyilik i\u00e7in yola \u00e7\u0131kan ekip, b\u00f6lge halk\u0131na umut olmaya devam ediyor. \u00d6z\u00e7elik, sosyal medya hesaplar\u0131ndan yapt\u0131\u011f\u0131 payla\u015f\u0131mlarda, \u201cBirlikte oldu\u011fumuz s\u00fcrece, umudu ve iyili\u011fi her yere ta\u015f\u0131yaca\u011f\u0131z\u201d diyerek, toplad\u0131\u011f\u0131 yard\u0131mlar\u0131n b\u00f6lgeye ula\u015ft\u0131r\u0131ld\u0131\u011f\u0131n\u0131 belirtti.<\/p>\n<div style=\"width: 640px;\" class=\"wp-video\"><!--[if lt IE 9]><script>document.createElement('video');<\/script><![endif]-->\n<video class=\"wp-video-shortcode\" id=\"video-150437-1\" width=\"640\" height=\"1138\" preload=\"metadata\" controls=\"controls\"><source type=\"video\/mp4\" src=\"https:\/\/www.tgrthaber.com\/mavikadin\/wp-content\/uploads\/Instagram-gamzeozcelikk-stories-3593080036467481563.mp4?_=1\" \/><a href=\"https:\/\/www.tgrthaber.com\/mavikadin\/wp-content\/uploads\/Instagram-gamzeozcelikk-stories-3593080036467481563.mp4\">https:\/\/www.tgrthaber.com\/mavikadin\/wp-content\/uploads\/Instagram-gamzeozcelikk-stories-3593080036467481563.mp4<\/a><\/video><\/div>\n<hr \/>\n<h3>EMEV\u0130 CAM\u0130\u0130 Z\u0130YARET\u0130<\/h3>\n<p>Gamze \u00d6z\u00e7elik ve ekibi, Suriye ziyaretlerinde yaln\u0131zca yard\u0131m faaliyetleriyle de\u011fil, ayn\u0131 zamanda Emevi Camii\u2019ni de ziyaret ederek k\u00fclt\u00fcrel miras\u0131 inceledi. Emevi Camii, tarihsel ve dini \u00f6nemiyle dikkat \u00e7eken bir yap\u0131d\u0131r ve b\u00f6lgedeki en \u00f6nemli simgelerden biridir. \u00d6z\u00e7elik, cami ziyareti s\u0131ras\u0131nda \u00e7ekilen foto\u011fraflar\u0131 ve videolar\u0131 sosyal medya hesaplar\u0131ndan takip\u00e7ileriyle payla\u015ft\u0131.<\/p>\n<p><img loading=\"lazy\" decoding=\"async\" class=\"alignnone wp-image-150444\" src=\"https:\/\/www.tgrthaber.com\/mavikadin\/wp-content\/uploads\/3-498.png\" alt=\"\" width=\"1208\" height=\"680\" title=\"\" srcset=\"https:\/\/www.tgrthaber.com\/mavikadin\/wp-content\/uploads\/3-498.png 1280w, https:\/\/www.tgrthaber.com\/mavikadin\/wp-content\/uploads\/3-498-300x169.png 300w, https:\/\/www.tgrthaber.com\/mavikadin\/wp-content\/uploads\/3-498-1024x576.png 1024w, https:\/\/www.tgrthaber.com\/mavikadin\/wp-content\/uploads\/3-498-768x432.png 768w\" sizes=\"(max-width: 1208px) 100vw, 1208px\" \/><\/p>\n<hr \/>\n<p>Bu payla\u015f\u0131mlar\u0131nda, Emevi Camii\u2019nin b\u00fcy\u00fcleyici atmosferini ve b\u00f6lgenin tarihi dokusunu takip\u00e7ileriyle payla\u015ft\u0131. \u00d6z\u00e7elik\u2019in bu payla\u015f\u0131mlar\u0131, sosyal medya \u00fczerinden binlerce be\u011feni ve yorum ald\u0131. Hayranlar\u0131, bu g\u00fczel ve anlaml\u0131 anlar\u0131 payla\u015fan oyuncuya te\u015fekk\u00fcrlerini iletti.<\/p>\n<p>Gamze \u00d6z\u00e7elik ve Umuda Ko\u015fanlar Derne\u011fi ekibinin Suriye\u2019ye olan yard\u0131mlar\u0131 yaln\u0131zca g\u0131da ve sa\u011fl\u0131k malzemelerinden ibaret de\u011fil. Dernek, sava\u015f\u0131n yaratt\u0131\u011f\u0131 y\u0131k\u0131m\u0131n onar\u0131lmas\u0131na katk\u0131 sa\u011flamak i\u00e7in de \u00e7e\u015fitli projeler y\u00fcr\u00fct\u00fcyor. E\u011fitim, psikolojik destek ve iyile\u015ftirici \u00e7al\u0131\u015fmalarla da Suriye halk\u0131n\u0131n yan\u0131nda olmaya devam ediyorlar.<\/p>\n<div style=\"width: 640px;\" class=\"wp-video\"><video class=\"wp-video-shortcode\" id=\"video-150437-2\" width=\"640\" height=\"1138\" preload=\"metadata\" controls=\"controls\"><source type=\"video\/mp4\" src=\"https:\/\/www.tgrthaber.com\/mavikadin\/wp-content\/uploads\/Instagram-gamzeozcelikk-stories-3593011204860224111.mp4?_=2\" \/><a href=\"https:\/\/www.tgrthaber.com\/mavikadin\/wp-content\/uploads\/Instagram-gamzeozcelikk-stories-3593011204860224111.mp4\">https:\/\/www.tgrthaber.com\/mavikadin\/wp-content\/uploads\/Instagram-gamzeozcelikk-stories-3593011204860224111.mp4<\/a><\/video><\/div>\n<hr \/>\n<p>Gamze \u00d6z\u00e7elik ve Umuda Ko\u015fanlar Derne\u011fi\u2019nin yapt\u0131\u011f\u0131 bu \u00e7al\u0131\u015fmalar, sadece bir yard\u0131m faaliyeti de\u011fil, ayn\u0131 zamanda insanl\u0131k ad\u0131na at\u0131lan \u00f6nemli ad\u0131mlar olarak dikkat \u00e7ekiyor. Hem sosyal sorumluluk projeleri hem de k\u00fclt\u00fcrel etkile\u015fim anlam\u0131nda bir\u00e7ok insan\u0131 etkileyen bu t\u00fcr ziyaretler, \u00d6z\u00e7elik\u2019in liderli\u011finde b\u00fcy\u00fcmeye devam ediyor.<\/p>\n","protected":false},"excerpt":{"rendered":"<p>Gamze \u00d6z\u00e7elik, kurucusu oldu\u011fu Umuda Ko\u015fanlar Derne\u011fi ekibiyle birlikte bir insani yard\u0131m misyonunu daha ba\u015far\u0131yla tamamlad\u0131. Bu kez, sava\u015f\u0131n y\u0131k\u0131c\u0131 etkilerini ya\u015fayan Suriye\u2019deki ihtiya\u00e7 sahiplerine yard\u0131m eli uzatan \u00d6z\u00e7elik ve ekibi, bir yandan yard\u0131m malzemelerini da\u011f\u0131t\u0131rken bir yandan da k\u00fclt\u00fcrel miras\u0131 yerinde g\u00f6rmek amac\u0131yla Emevi Camii\u2019ni ziyaret etti. Setlerinden payla\u015ft\u0131\u011f\u0131 foto\u011fraflar ve videolarla dikkat \u00e7eken \u00d6z\u00e7elik, bu anlaml\u0131 yolculu\u011funu takip\u00e7ileriyle de payla\u015ft\u0131.<\/p>\n","protected":false},"author":28,"featured_media":150441,"comment_status":"closed","ping_status":"closed","sticky":false,"template":"","format":"standard","meta":{"rank_math_lock_modified_date":false,"footnotes":""},"categories":[76],"tags":[3919,3864,15024],"class_list":["post-150437","post","type-post","status-publish","format-standard","has-post-thumbnail","hentry","category-magazin","tag-gamze-ozcelik","tag-suriye","tag-umuda-kosanlar"],"_links":{"self":[{"href":"https:\/\/www.tgrthaber.com\/mavikadin\/wp-json\/wp\/v2\/posts\/150437"}],"collection":[{"href":"https:\/\/www.tgrthaber.com\/mavikadin\/wp-json\/wp\/v2\/posts"}],"about":[{"href":"https:\/\/www.tgrthaber.com\/mavikadin\/wp-json\/wp\/v2\/types\/post"}],"author":[{"embeddable":true,"href":"https:\/\/www.tgrthaber.com\/mavikadin\/wp-json\/wp\/v2\/users\/28"}],"replies":[{"embeddable":true,"href":"https:\/\/www.tgrthaber.com\/mavikadin\/wp-json\/wp\/v2\/comments?post=150437"}],"version-history":[{"count":2,"href":"https:\/\/www.tgrthaber.com\/mavikadin\/wp-json\/wp\/v2\/posts\/150437\/revisions"}],"predecessor-version":[{"id":150449,"href":"https:\/\/www.tgrthaber.com\/mavikadin\/wp-json\/wp\/v2\/posts\/150437\/revisions\/150449"}],"wp:featuredmedia":[{"embeddable":true,"href":"https:\/\/www.tgrthaber.com\/mavikadin\/wp-json\/wp\/v2\/media\/150441"}],"wp:attachment":[{"href":"https:\/\/www.tgrthaber.com\/mavikadin\/wp-json\/wp\/v2\/media?parent=150437"}],"wp:term":[{"taxonomy":"category","embeddable":true,"href":"https:\/\/www.tgrthaber.com\/mavikadin\/wp-json\/wp\/v2\/categories?post=150437"},{"taxonomy":"post_tag","embeddable":true,"href":"https:\/\/www.tgrthaber.com\/mavikadin\/wp-json\/wp\/v2\/tags?post=150437"}],"curies":[{"name":"wp","href":"https:\/\/api.w.org\/{rel}","templated":true}]}}