{"id":150450,"date":"2025-03-21T15:09:42","date_gmt":"2025-03-21T12:09:42","guid":{"rendered":"https:\/\/www.tgrthaber.com\/mavikadin\/?p=150450"},"modified":"2025-03-21T15:53:14","modified_gmt":"2025-03-21T12:53:14","slug":"ayse-barim-neden-ortalarda-yok-ayse-barim-mahkemesi-devam-ediyor-mu","status":"publish","type":"post","link":"https:\/\/www.tgrthaber.com\/mavikadin\/ayse-barim-neden-ortalarda-yok-ayse-barim-mahkemesi-devam-ediyor-mu\/","title":{"rendered":"Ay\u015fe Bar\u0131m neden ortalarda yok? Ay\u015fe Bar\u0131m mahkemesi devam ediyor mu?"},"content":{"rendered":"<p>Gezi Park\u0131 olaylar\u0131 kapsam\u0131nda g\u00f6zalt\u0131na al\u0131nan Ay\u015fe Bar\u0131m menajerli\u011fini yapt\u0131\u011f\u0131 \u00fcnl\u00fcleri Gezi Park\u0131 odakl\u0131 eylemlere planl\u0131 \u015fekilde y\u00f6nlendirdi\u011fi iddias\u0131yla 50 g\u00fcn \u00f6nce tutuklanarak cezaevine g\u00f6nderilmi\u015fti.<\/p>\n<h3>AY\u015eE BARIM NEDEN ORTALARDA YOK?<\/h3>\n<p>Ay\u015fe Bar\u0131m&#8217;\u0131n cezaevinde tasavvufa y\u00f6neldi\u011fi ve menajerin cezaevi y\u00f6netiminden seccade talep etti\u011fi \u00f6ne s\u00fcr\u00fcld\u00fc.<\/p>\n<p>Dizi ve film sekt\u00f6r\u00fcndeki tekelle\u015fme iddialar\u0131yla dikkat \u00e7eken Ay\u015fe Bar\u0131m bir anda olaylar\u0131n ortas\u0131nda kalm\u0131\u015ft\u0131.<br \/>\nSekt\u00f6rde yer alan bir\u00e7ok \u00fcnl\u00fc ismin ba\u011fl\u0131 oldu\u011fu ID \u0130leti\u015fim\u2019in sahibi Ay\u015fe Bar\u0131m hakk\u0131nda tekelle\u015fmeye neden oldu\u011fu iddialar\u0131 sonras\u0131 savc\u0131l\u0131k re\u2019sen soru\u015fturma ba\u015flatm\u0131\u015ft\u0131.<\/p>\n<p><img loading=\"lazy\" decoding=\"async\" class=\"alignnone wp-image-127310\" src=\"https:\/\/www.tgrthaber.com\/mavikadin\/wp-content\/uploads\/Ayse-Barim-7.jpg\" alt=\"\" width=\"1208\" height=\"680\" title=\"\" srcset=\"https:\/\/www.tgrthaber.com\/mavikadin\/wp-content\/uploads\/Ayse-Barim-7.jpg 1920w, https:\/\/www.tgrthaber.com\/mavikadin\/wp-content\/uploads\/Ayse-Barim-7-300x169.jpg 300w, https:\/\/www.tgrthaber.com\/mavikadin\/wp-content\/uploads\/Ayse-Barim-7-1024x576.jpg 1024w, https:\/\/www.tgrthaber.com\/mavikadin\/wp-content\/uploads\/Ayse-Barim-7-768x432.jpg 768w, https:\/\/www.tgrthaber.com\/mavikadin\/wp-content\/uploads\/Ayse-Barim-7-1536x864.jpg 1536w\" sizes=\"(max-width: 1208px) 100vw, 1208px\" \/><\/p>\n<hr \/>\n<p>Ay\u015fe Bar\u0131m olay\u0131 sadece dizi sekt\u00f6r\u00fcndeki tekelle\u015fmeyle s\u0131n\u0131rl\u0131 kalmad\u0131 Bar\u0131m 12 y\u0131l \u00f6nceki Gezi Park\u0131 eylemlerine de ba\u011fland\u0131.<\/p>\n<h3>OCAK AYINDAN BER\u0130 CEZAEV\u0130NDE<\/h3>\n<p>Eylemin planlay\u0131c\u0131lar\u0131ndan biri oldu\u011fu iddia edilerek g\u00f6zalt\u0131na al\u0131nan Ay\u015fe Bar\u0131m, &#8216;T\u00fcrkiye Cumhuriyeti h\u00fck\u00fcmetini ortadan kald\u0131rmaya veya g\u00f6revini yapmas\u0131n\u0131 engellemeye te\u015febb\u00fcs etmek&#8217; su\u00e7lamas\u0131yla 27 Ocak&#8217;ta tutuklanarak cezaevine g\u00f6nderildi.<\/p>\n<p><img loading=\"lazy\" decoding=\"async\" class=\"alignnone wp-image-127307\" src=\"https:\/\/www.tgrthaber.com\/mavikadin\/wp-content\/uploads\/Ayse-Barim-4-2.jpg\" alt=\"\" width=\"1208\" height=\"680\" title=\"\" srcset=\"https:\/\/www.tgrthaber.com\/mavikadin\/wp-content\/uploads\/Ayse-Barim-4-2.jpg 1920w, https:\/\/www.tgrthaber.com\/mavikadin\/wp-content\/uploads\/Ayse-Barim-4-2-300x169.jpg 300w, https:\/\/www.tgrthaber.com\/mavikadin\/wp-content\/uploads\/Ayse-Barim-4-2-1024x576.jpg 1024w, https:\/\/www.tgrthaber.com\/mavikadin\/wp-content\/uploads\/Ayse-Barim-4-2-768x432.jpg 768w, https:\/\/www.tgrthaber.com\/mavikadin\/wp-content\/uploads\/Ayse-Barim-4-2-1536x864.jpg 1536w\" sizes=\"(max-width: 1208px) 100vw, 1208px\" \/><\/p>\n<hr \/>\n<p>Ancak ge\u00e7ti\u011fimiz ay Ay\u015fe Bar\u0131m\u2019\u0131n avukatlar\u0131n\u0131n \u00fcst mahkemeye yapt\u0131\u011f\u0131 itiraz kabul edilince \u00fcnl\u00fc menajer i\u00e7in tahliye karar\u0131 \u00e7\u0131kt\u0131.<\/p>\n<p>Soru\u015fturmay\u0131 y\u00fcr\u00fcten \u0130stanbul Cumhuriyet Ba\u015fsavc\u0131l\u0131\u011f\u0131 tahliye karar\u0131na \u00fcst mahkeme olan A\u011f\u0131r Ceza Mahkemesi\u2019nde itiraz etti ve Ay\u015fe Bar\u0131m cezaevinden \u00e7\u0131kamadan yine tutukland\u0131.<\/p>\n<p><img loading=\"lazy\" decoding=\"async\" class=\"alignnone wp-image-127299\" src=\"https:\/\/www.tgrthaber.com\/mavikadin\/wp-content\/uploads\/Ayse-Barim-8.jpg\" alt=\"\" width=\"1208\" height=\"680\" title=\"\" srcset=\"https:\/\/www.tgrthaber.com\/mavikadin\/wp-content\/uploads\/Ayse-Barim-8.jpg 1920w, https:\/\/www.tgrthaber.com\/mavikadin\/wp-content\/uploads\/Ayse-Barim-8-300x169.jpg 300w, https:\/\/www.tgrthaber.com\/mavikadin\/wp-content\/uploads\/Ayse-Barim-8-1024x576.jpg 1024w, https:\/\/www.tgrthaber.com\/mavikadin\/wp-content\/uploads\/Ayse-Barim-8-768x432.jpg 768w, https:\/\/www.tgrthaber.com\/mavikadin\/wp-content\/uploads\/Ayse-Barim-8-1536x864.jpg 1536w\" sizes=\"(max-width: 1208px) 100vw, 1208px\" \/><\/p>\n<hr \/>\n<p>50 g\u00fcnd\u00fcr cezaevinde bulunan menajer Ay\u015fe Bar\u0131m&#8217;dan ge\u00e7ti\u011fimiz saatlerde haber geldi\u011fi \u00f6ne s\u00fcr\u00fcld\u00fc. Cezaevi g\u00fcnlerinde kitap okuyan Ay\u015fe Bar\u0131m&#8217;\u0131n \u00f6zellikle tasavvuf kitaplar\u0131na ilgi g\u00f6stermeye ba\u015flad\u0131\u011f\u0131 iddia edildi.<\/p>\n<p>Bar\u0131m&#8217;\u0131n Mevlana Celaleddin Rumi ba\u015fta olmak \u00fczere tasavvufun \u00f6nemli isimlerinin eserlerini okudu\u011fu \u00f6\u011frenildi.<br \/>\n\u00dcnl\u00fc menajerina ayr\u0131ca cezaevi y\u00f6netiminden seccade talep etti\u011fi de iddia edildi.<\/p>\n<p><img loading=\"lazy\" decoding=\"async\" class=\"alignnone size-full wp-image-150452\" src=\"https:\/\/www.tgrthaber.com\/mavikadin\/wp-content\/uploads\/1-91.jpg\" alt=\"\" width=\"1208\" height=\"680\" title=\"\" srcset=\"https:\/\/www.tgrthaber.com\/mavikadin\/wp-content\/uploads\/1-91.jpg 1208w, https:\/\/www.tgrthaber.com\/mavikadin\/wp-content\/uploads\/1-91-300x169.jpg 300w, https:\/\/www.tgrthaber.com\/mavikadin\/wp-content\/uploads\/1-91-1024x576.jpg 1024w, https:\/\/www.tgrthaber.com\/mavikadin\/wp-content\/uploads\/1-91-768x432.jpg 768w\" sizes=\"(max-width: 1208px) 100vw, 1208px\" \/><\/p>\n<hr \/>\n<h3>AY\u015eE BARIM SAVCILIK \u0130FADES\u0130<\/h3>\n<p>Ay\u015fe Bar\u0131m savc\u0131l\u0131k ifadesinde, &#8220;Ben yak\u0131n oldu\u011fum, ortak i\u015f yapt\u0131\u011f\u0131m sanat\u00e7\u0131larla hi\u00e7bir zaman meydana \u00e7\u0131k\u0131p beyanat vermedim. Onlara da b\u00f6yle bir a\u00e7\u0131klama yapmalar\u0131 hususunda herhangi bir y\u00f6nlendirme ve telkinim asla olmad\u0131&#8221; dedi. savc\u0131l\u0131k ifadesi \u015f\u00f6yle devam etti:<\/p>\n<p>&#8220;Birlikte \u00e7al\u0131\u015ft\u0131\u011f\u0131m oyunculardan hi\u00e7birisi bana gelip birlikte Gezi Park\u0131&#8217;na gidelim gibi bir \u015fey s\u00f6ylemedi. Ben genelde onlar\u0131n gitti\u011fi g\u00fcn orada bulundum.&#8221;<\/p>\n<p><img loading=\"lazy\" decoding=\"async\" class=\"alignnone wp-image-118633\" src=\"https:\/\/www.tgrthaber.com\/mavikadin\/wp-content\/uploads\/Ayse-Barim-2.jpg\" alt=\"\" width=\"1208\" height=\"680\" title=\"\" srcset=\"https:\/\/www.tgrthaber.com\/mavikadin\/wp-content\/uploads\/Ayse-Barim-2.jpg 1920w, https:\/\/www.tgrthaber.com\/mavikadin\/wp-content\/uploads\/Ayse-Barim-2-300x169.jpg 300w, https:\/\/www.tgrthaber.com\/mavikadin\/wp-content\/uploads\/Ayse-Barim-2-1024x576.jpg 1024w, https:\/\/www.tgrthaber.com\/mavikadin\/wp-content\/uploads\/Ayse-Barim-2-768x432.jpg 768w, https:\/\/www.tgrthaber.com\/mavikadin\/wp-content\/uploads\/Ayse-Barim-2-1536x864.jpg 1536w\" sizes=\"(max-width: 1208px) 100vw, 1208px\" \/><\/p>\n<hr \/>\n<p>Bar\u0131m, Gezi Park\u0131&#8217;na hat\u0131rlad\u0131\u011f\u0131 kadar\u0131yla bir ya da iki kez gitti\u011fini s\u00f6yledi:<\/p>\n<p>&#8220;\u0130lk gitti\u011fimde sanat\u00e7\u0131lar \u015fiir okurken izleyici olarak kat\u0131ld\u0131m. \u0130kinci gitti\u011fimde \u00e7ok k\u0131sa s\u00fcreli\u011fine gittim. Biriyle beraber gidip gitmedi\u011fimi hat\u0131rlam\u0131yorum. Sanat\u00e7\u0131larla beraberdim diye hat\u0131rl\u0131yorum.&#8221;<\/p>\n","protected":false},"excerpt":{"rendered":"<p>Ay\u015fe Bar\u0131m neden ortalarda yok? merak ediliyor. Sekt\u00f6rdeki bir\u00e7ok \u00fcnl\u00fcn\u00fcn menajeri olan Ay\u015fe Bar\u0131m&#8217;\u0131n durumu ara\u015ft\u0131r\u0131lmaya ba\u015fland\u0131.<\/p>\n","protected":false},"author":5,"featured_media":150451,"comment_status":"closed","ping_status":"closed","sticky":false,"template":"","format":"standard","meta":{"rank_math_lock_modified_date":false,"footnotes":""},"categories":[76],"tags":[7462],"class_list":["post-150450","post","type-post","status-publish","format-standard","has-post-thumbnail","hentry","category-magazin","tag-ayse-barim"],"_links":{"self":[{"href":"https:\/\/www.tgrthaber.com\/mavikadin\/wp-json\/wp\/v2\/posts\/150450"}],"collection":[{"href":"https:\/\/www.tgrthaber.com\/mavikadin\/wp-json\/wp\/v2\/posts"}],"about":[{"href":"https:\/\/www.tgrthaber.com\/mavikadin\/wp-json\/wp\/v2\/types\/post"}],"author":[{"embeddable":true,"href":"https:\/\/www.tgrthaber.com\/mavikadin\/wp-json\/wp\/v2\/users\/5"}],"replies":[{"embeddable":true,"href":"https:\/\/www.tgrthaber.com\/mavikadin\/wp-json\/wp\/v2\/comments?post=150450"}],"version-history":[{"count":3,"href":"https:\/\/www.tgrthaber.com\/mavikadin\/wp-json\/wp\/v2\/posts\/150450\/revisions"}],"predecessor-version":[{"id":150455,"href":"https:\/\/www.tgrthaber.com\/mavikadin\/wp-json\/wp\/v2\/posts\/150450\/revisions\/150455"}],"wp:featuredmedia":[{"embeddable":true,"href":"https:\/\/www.tgrthaber.com\/mavikadin\/wp-json\/wp\/v2\/media\/150451"}],"wp:attachment":[{"href":"https:\/\/www.tgrthaber.com\/mavikadin\/wp-json\/wp\/v2\/media?parent=150450"}],"wp:term":[{"taxonomy":"category","embeddable":true,"href":"https:\/\/www.tgrthaber.com\/mavikadin\/wp-json\/wp\/v2\/categories?post=150450"},{"taxonomy":"post_tag","embeddable":true,"href":"https:\/\/www.tgrthaber.com\/mavikadin\/wp-json\/wp\/v2\/tags?post=150450"}],"curies":[{"name":"wp","href":"https:\/\/api.w.org\/{rel}","templated":true}]}}