{"id":150476,"date":"2025-03-21T15:52:22","date_gmt":"2025-03-21T12:52:22","guid":{"rendered":"https:\/\/www.tgrthaber.com\/mavikadin\/?p=150476"},"modified":"2025-03-21T15:52:21","modified_gmt":"2025-03-21T12:52:21","slug":"eren-hacisalihoglu-kimdir-eren-hacisalihoglu-ile-alya-neden-ayrildi","status":"publish","type":"post","link":"https:\/\/www.tgrthaber.com\/mavikadin\/eren-hacisalihoglu-kimdir-eren-hacisalihoglu-ile-alya-neden-ayrildi\/","title":{"rendered":"Eren Hac\u0131saliho\u011flu kimdir? Eren Hac\u0131saliho\u011flu ile Alya neden ayr\u0131ld\u0131?"},"content":{"rendered":"<p>Eren Hac\u0131saliho\u011flu, ba\u015far\u0131l\u0131 oyunculuk kariyerinin yan\u0131 s\u0131ra \u00f6zel hayat\u0131yla da zaman zaman g\u00fcndeme geliyor. Son d\u00f6nemde \u015fark\u0131c\u0131 Alya ile ya\u015fad\u0131\u011f\u0131 ili\u015fki ve ayr\u0131l\u0131klar\u0131, dikkatleri \u00fczerine \u00e7ekti. Peki, \u00fcnl\u00fc \u00e7iftin yollar\u0131 neden ayr\u0131ld\u0131? \u0130\u015fte Eren Hac\u0131saliho\u011flu\u2019nun kariyeri ve Alya ile ya\u015fad\u0131\u011f\u0131 ili\u015fkinin perde arkas\u0131\u2026<\/p>\n<h3>EREN HACISAL\u0130HO\u011eLU K\u0130MD\u0130R?<\/h3>\n<p>Eren Hac\u0131saliho\u011flu, 5 Haziran 1986 tarihinde Ankara\u2019da d\u00fcnyaya gelmi\u015f, gen\u00e7 ya\u015fta oyunculuk kariyerine ad\u0131m atm\u0131\u015ft\u0131r. Aslen Trabzonlu olan Hac\u0131saliho\u011flu, ailesiyle birlikte \u0130stanbul\u2019a yerle\u015ferek burada e\u011fitimini Hali\u00e7 \u00dcniversitesi\u2019nde tamamlam\u0131\u015ft\u0131r. Sanat d\u00fcnyas\u0131nda kendine sa\u011flam bir yer edinen Hac\u0131saliho\u011flu, ilk \u00f6nemli \u00e7\u0131k\u0131\u015f\u0131n\u0131 2011-2012 y\u0131llar\u0131nda TRT 1\u2019de yay\u0131mlanan \u201cMavi Kelebekler\u201d dizisinde ger\u00e7ekle\u015ftirmi\u015ftir. Bu projede g\u00f6sterdi\u011fi performans, oyunculu\u011funu geni\u015f kitlelere tan\u0131tm\u0131\u015f ve daha sonra bir\u00e7ok dizi teklifine kap\u0131 aralam\u0131\u015ft\u0131r.<\/p>\n<p><img loading=\"lazy\" decoding=\"async\" class=\"alignnone wp-image-150489\" src=\"https:\/\/www.tgrthaber.com\/mavikadin\/wp-content\/uploads\/3-499.png\" alt=\"\" width=\"1208\" height=\"680\" title=\"\" srcset=\"https:\/\/www.tgrthaber.com\/mavikadin\/wp-content\/uploads\/3-499.png 1280w, https:\/\/www.tgrthaber.com\/mavikadin\/wp-content\/uploads\/3-499-300x169.png 300w, https:\/\/www.tgrthaber.com\/mavikadin\/wp-content\/uploads\/3-499-1024x576.png 1024w, https:\/\/www.tgrthaber.com\/mavikadin\/wp-content\/uploads\/3-499-768x432.png 768w\" sizes=\"(max-width: 1208px) 100vw, 1208px\" \/><\/p>\n<hr \/>\n<p>Eren Hac\u0131saliho\u011flu, \u00f6zellikle \u201cBenim \u0130\u00e7in \u00dcz\u00fclme\u201d adl\u0131 dizisindeki Harun karakteri ile b\u00fcy\u00fck bir \u00e7\u0131k\u0131\u015f yakalam\u0131\u015f ve b\u00fcy\u00fck bir hayran kitlesine ula\u015fm\u0131\u015ft\u0131r. Ard\u0131ndan \u201c\u0130nsan Aldand\u0131\u201d ve son olarak \u201cAziz\u201d gibi projelerde de ba\u015far\u0131yla yer alarak oyunculuk kariyerini s\u00fcrd\u00fcren Hac\u0131saliho\u011flu, \u015fu anda televizyon d\u00fcnyas\u0131n\u0131n dikkat \u00e7eken isimlerinden biridir.<\/p>\n<p><img loading=\"lazy\" decoding=\"async\" class=\"alignnone wp-image-150488\" src=\"https:\/\/www.tgrthaber.com\/mavikadin\/wp-content\/uploads\/2-506.png\" alt=\"\" width=\"1208\" height=\"680\" title=\"\" srcset=\"https:\/\/www.tgrthaber.com\/mavikadin\/wp-content\/uploads\/2-506.png 1280w, https:\/\/www.tgrthaber.com\/mavikadin\/wp-content\/uploads\/2-506-300x169.png 300w, https:\/\/www.tgrthaber.com\/mavikadin\/wp-content\/uploads\/2-506-1024x576.png 1024w, https:\/\/www.tgrthaber.com\/mavikadin\/wp-content\/uploads\/2-506-768x432.png 768w\" sizes=\"(max-width: 1208px) 100vw, 1208px\" \/><\/p>\n<hr \/>\n<h3>EREN HACISAL\u0130HO\u011eLU \u0130LE ALYA NEDEN AYRILDI?<\/h3>\n<p>Eren Hac\u0131saliho\u011flu\u2019nun \u00f6zel hayat\u0131 da zaman zaman g\u00fcndeme gelmi\u015ftir. Oyuncu, 2021 y\u0131l\u0131nda \u00fcnl\u00fc \u015fark\u0131c\u0131 Alya \u015eahinler ile bir ili\u015fki ya\u015famaya ba\u015flam\u0131\u015f, ancak bu ili\u015fki yakla\u015f\u0131k iki y\u0131l sonra son bulmu\u015ftur. Ayr\u0131l\u0131\u011f\u0131n ard\u0131ndan, bir\u00e7ok magazin kayna\u011f\u0131 \u00e7iftin ili\u015fkisi ve ayr\u0131l\u0131\u011f\u0131 hakk\u0131nda \u00e7e\u015fitli iddialarda bulunmu\u015ftu. Ancak ayr\u0131l\u0131kla ilgili ger\u00e7ekler, bir s\u00fcre sonra daha net bir \u015fekilde g\u00fcn y\u00fcz\u00fcne \u00e7\u0131km\u0131\u015ft\u0131r.<\/p>\n<p><img loading=\"lazy\" decoding=\"async\" class=\"alignnone wp-image-150490\" src=\"https:\/\/www.tgrthaber.com\/mavikadin\/wp-content\/uploads\/4-412.png\" alt=\"\" width=\"1208\" height=\"680\" title=\"\" srcset=\"https:\/\/www.tgrthaber.com\/mavikadin\/wp-content\/uploads\/4-412.png 1280w, https:\/\/www.tgrthaber.com\/mavikadin\/wp-content\/uploads\/4-412-300x169.png 300w, https:\/\/www.tgrthaber.com\/mavikadin\/wp-content\/uploads\/4-412-1024x576.png 1024w, https:\/\/www.tgrthaber.com\/mavikadin\/wp-content\/uploads\/4-412-768x432.png 768w\" sizes=\"(max-width: 1208px) 100vw, 1208px\" \/><\/p>\n<hr \/>\n<p>Ece Erken, bir programda yapm\u0131\u015f oldu\u011fu a\u00e7\u0131klamalarda Alya ve Eren\u2019in ayr\u0131l\u0131\u011f\u0131n\u0131n ard\u0131ndaki sebepleri a\u00e7\u0131klad\u0131. Erken, Alya\u2019n\u0131n Eren Hac\u0131saliho\u011flu\u2019ndan gelen evlenme teklifini reddetti\u011fini ve bu reddin ard\u0131ndan ili\u015fkinin sona erdi\u011fini belirtti. Ayr\u0131ca, Alya\u2019n\u0131n Hac\u0131saliho\u011flu\u2019ndan gelen baz\u0131 mesajlar\u0131 g\u00f6rmesi sonucu \u00e7iftin ili\u015fkisini bitirdi\u011fini de ekledi. Erken\u2019in s\u00f6zleri, ayr\u0131l\u0131\u011f\u0131n nedenini g\u00f6zler \u00f6n\u00fcne serdi ve bu a\u00e7\u0131klamalar, o d\u00f6nemde pek \u00e7ok ki\u015fi taraf\u0131ndan dikkatle takip edildi.<\/p>\n<p>Ayr\u0131l\u0131\u011f\u0131n ard\u0131ndan, Alya ve Eren Hac\u0131saliho\u011flu aras\u0131nda ya\u015fanan bu geli\u015fmeler magazin d\u00fcnyas\u0131nda b\u00fcy\u00fck ilgi uyand\u0131rd\u0131. \u00c7iftin, her ikisi de ba\u015far\u0131l\u0131 kariyerlerine odaklanarak yollar\u0131na devam etti. Ancak bu ayr\u0131l\u0131k, magazin bas\u0131n\u0131nda uzun s\u00fcre konu\u015fulmaya devam etti. Erken\u2019in a\u00e7\u0131klamalar\u0131, ayr\u0131l\u0131\u011f\u0131n kesin sebeplerine dair son noktay\u0131 koydu ve bir\u00e7ok ki\u015fiye \u00e7iftin \u00f6zel hayat\u0131ndaki s\u0131rlar\u0131 \u0131\u015f\u0131k tuttu.<\/p>\n","protected":false},"excerpt":{"rendered":"<p>Eren Hac\u0131saliho\u011flu, son d\u00f6nemin dikkat \u00e7eken oyuncular\u0131ndan biri olarak, ba\u015far\u0131l\u0131 kariyeriyle ad\u0131ndan s\u0131k\u00e7a s\u00f6z ettiriyor. Ancak oyunculukla oldu\u011fu kadar \u00f6zel hayat\u0131 da zaman zaman g\u00fcndeme gelmi\u015f, \u00f6zellikle ili\u015fkileriyle merak konusu olmu\u015ftur. Son olarak, \u00fcnl\u00fc \u015fark\u0131c\u0131 Alya ile ya\u015fad\u0131\u011f\u0131 ili\u015fki ve ayr\u0131l\u0131\u011f\u0131, magazin d\u00fcnyas\u0131nda geni\u015f yank\u0131 uyand\u0131rd\u0131. Alya ile ili\u015fkisini sonland\u0131ran Hac\u0131saliho\u011flu\u2019nun, ayr\u0131l\u0131\u011f\u0131n arkas\u0131ndaki sebepler ise bir s\u00fcre sonra yap\u0131lan a\u00e7\u0131klamalarla netle\u015fti. Bu haberimizde, Eren Hac\u0131saliho\u011flu\u2019nun kariyerine ve Alya ile olan ili\u015fkisinin sonlanma s\u00fcrecine dair detaylar\u0131 sizler i\u00e7in derledik.<\/p>\n","protected":false},"author":28,"featured_media":150487,"comment_status":"closed","ping_status":"closed","sticky":false,"template":"","format":"standard","meta":{"rank_math_lock_modified_date":true,"footnotes":""},"categories":[76],"tags":[6403],"class_list":["post-150476","post","type-post","status-publish","format-standard","has-post-thumbnail","hentry","category-magazin","tag-eren-hacisalihoglu"],"_links":{"self":[{"href":"https:\/\/www.tgrthaber.com\/mavikadin\/wp-json\/wp\/v2\/posts\/150476"}],"collection":[{"href":"https:\/\/www.tgrthaber.com\/mavikadin\/wp-json\/wp\/v2\/posts"}],"about":[{"href":"https:\/\/www.tgrthaber.com\/mavikadin\/wp-json\/wp\/v2\/types\/post"}],"author":[{"embeddable":true,"href":"https:\/\/www.tgrthaber.com\/mavikadin\/wp-json\/wp\/v2\/users\/28"}],"replies":[{"embeddable":true,"href":"https:\/\/www.tgrthaber.com\/mavikadin\/wp-json\/wp\/v2\/comments?post=150476"}],"version-history":[{"count":2,"href":"https:\/\/www.tgrthaber.com\/mavikadin\/wp-json\/wp\/v2\/posts\/150476\/revisions"}],"predecessor-version":[{"id":150492,"href":"https:\/\/www.tgrthaber.com\/mavikadin\/wp-json\/wp\/v2\/posts\/150476\/revisions\/150492"}],"wp:featuredmedia":[{"embeddable":true,"href":"https:\/\/www.tgrthaber.com\/mavikadin\/wp-json\/wp\/v2\/media\/150487"}],"wp:attachment":[{"href":"https:\/\/www.tgrthaber.com\/mavikadin\/wp-json\/wp\/v2\/media?parent=150476"}],"wp:term":[{"taxonomy":"category","embeddable":true,"href":"https:\/\/www.tgrthaber.com\/mavikadin\/wp-json\/wp\/v2\/categories?post=150476"},{"taxonomy":"post_tag","embeddable":true,"href":"https:\/\/www.tgrthaber.com\/mavikadin\/wp-json\/wp\/v2\/tags?post=150476"}],"curies":[{"name":"wp","href":"https:\/\/api.w.org\/{rel}","templated":true}]}}