{"id":150626,"date":"2025-03-21T22:33:19","date_gmt":"2025-03-21T19:33:19","guid":{"rendered":"https:\/\/www.tgrthaber.com\/mavikadin\/?p=150626"},"modified":"2025-03-21T22:33:19","modified_gmt":"2025-03-21T19:33:19","slug":"mustafa-ustundag-ve-tuba-kalciktan-mutlu-haber-ikinci-bebekleri-dunyaya-geldi","status":"publish","type":"post","link":"https:\/\/www.tgrthaber.com\/mavikadin\/mustafa-ustundag-ve-tuba-kalciktan-mutlu-haber-ikinci-bebekleri-dunyaya-geldi\/","title":{"rendered":"Mustafa \u00dcst\u00fcnda\u011f ve Tuba Kal\u00e7\u0131k\u2019tan mutlu haber! \u0130kinci bebekleri d\u00fcnyaya geldi!"},"content":{"rendered":"<p class=\"p1\">\u00dcnl\u00fc oyuncu Mustafa \u00dcst\u00fcnda\u011f ve e\u015fi Tuba Kal\u00e7\u0131k, ikinci \u00e7ocuklar\u0131n\u0131 d\u00fcnyaya getirdi. Aile, bebeklerinin cinsiyeti ve ismini payla\u015fmazken, mutlu haberi meslekta\u015flar\u0131 sosyal medya arac\u0131l\u0131\u011f\u0131yla duyurdu. Ge\u00e7ti\u011fimiz g\u00fcnlerde bebekleriyle ilgili hi\u00e7 bir payla\u015f\u0131mda bulunmayan \u00e7ift, sonunda minik bebeklerini kucaklar\u0131na ald\u0131. Anne ve babal\u0131k yolculuklar\u0131nda yeni bir d\u00f6neme giren \u00dcst\u00fcnda\u011f ve Kal\u00e7\u0131k, bebeklerinin ismi ve cinsiyeti hakk\u0131nda hen\u00fcz bir a\u00e7\u0131klama yapmad\u0131.<\/p>\n<h3 class=\"p1\"><b>MUSTAFA \u00dcST\u00dcNDA\u011e \u0130K\u0130NC\u0130 KEZ BABA OLDU! M\u00dcJDEL\u0130 HABER\u0130 UMUT O\u011eUZ DUYURDU\u00a0<\/b><\/h3>\n<p class=\"p1\">Mustafa \u00dcst\u00fcnda\u011f\u2019\u0131n yak\u0131n arkada\u015f\u0131 ve meslekta\u015f\u0131 Umut O\u011fuz, sosyal medya \u00fczerinden yapt\u0131\u011f\u0131 payla\u015f\u0131m ile \u00e7iftin mutlu haberini takip\u00e7ileriyle payla\u015ft\u0131. O\u011fuz, yazd\u0131\u011f\u0131 duygusal notta; \u201c\u0130kinci kez baba olunca e\u015fkal de\u011fi\u015fmi\u015f. Allah, anal\u0131 babal\u0131 b\u00fcy\u00fcts\u00fcn karde\u015fim. Dar\u0131s\u0131 ba\u015f\u0131ma.\u201d \u015feklinde ifadeler kulland\u0131. Umut O\u011fuz\u2019un payla\u015f\u0131m\u0131, \u00dcst\u00fcnda\u011f\u2019\u0131n baba olma sevincini sevenleriyle bulu\u015fturdu.<\/p>\n<p><img loading=\"lazy\" decoding=\"async\" class=\"alignnone wp-image-150668 \" src=\"https:\/\/www.tgrthaber.com\/mavikadin\/wp-content\/uploads\/Ekran-Resmi-2025-03-21-22.26.39-823x1024.png\" alt=\"\" width=\"976\" height=\"1214\" title=\"\" srcset=\"https:\/\/www.tgrthaber.com\/mavikadin\/wp-content\/uploads\/Ekran-Resmi-2025-03-21-22.26.39-823x1024.png 823w, https:\/\/www.tgrthaber.com\/mavikadin\/wp-content\/uploads\/Ekran-Resmi-2025-03-21-22.26.39-241x300.png 241w, https:\/\/www.tgrthaber.com\/mavikadin\/wp-content\/uploads\/Ekran-Resmi-2025-03-21-22.26.39-768x956.png 768w, https:\/\/www.tgrthaber.com\/mavikadin\/wp-content\/uploads\/Ekran-Resmi-2025-03-21-22.26.39-1235x1536.png 1235w, https:\/\/www.tgrthaber.com\/mavikadin\/wp-content\/uploads\/Ekran-Resmi-2025-03-21-22.26.39.png 1286w\" sizes=\"(max-width: 976px) 100vw, 976px\" \/><\/p>\n<hr \/>\n<h3 class=\"p1\"><b>MUSTAFA \u00dcST\u00dcNDA\u011e&#8217;IN \u00d6NCEK\u0130 EVL\u0130L\u0130\u011e\u0130NDEN B\u0130R O\u011eLU VAR\u00a0<\/b><b><\/b><\/h3>\n<p class=\"p1\">Mustafa \u00dcst\u00fcnda\u011f, daha \u00f6nce oyuncu Ecem \u00d6zkaya ile 2010-2019 y\u0131llar\u0131 aras\u0131nda evliydi. Bu evlilikten Ahmet Kaan ad\u0131nda bir o\u011fullar\u0131 bulunuyor. \u00dcst\u00fcnda\u011f, ikinci kez baba olman\u0131n sevincini e\u015fi Tuba Kal\u00e7\u0131k ile birlikte ya\u015f\u0131yor. \u00c7ift, hem sosyal medya hem de ger\u00e7ek ya\u015famda payla\u015ft\u0131klar\u0131 mutlu anlar\u0131yla dikkat \u00e7ekiyor. Yeni do\u011fan bebekleri ile hayatlar\u0131n\u0131n yeni bir sayfas\u0131n\u0131 a\u00e7an \u00dcst\u00fcnda\u011f ve Kal\u00e7\u0131k, \u015fimdilerde ailelerini b\u00fcy\u00fctmenin keyfini \u00e7\u0131kar\u0131yorlar. \u0130kili her ne kadar bebeklerinin cinsiyeti ve ismini gizli tutsa da, ilerleyen g\u00fcnlerde bu konuda bir a\u00e7\u0131klama yap\u0131p yapmayacaklar\u0131 merak edildi.<\/p>\n<p><img loading=\"lazy\" decoding=\"async\" class=\"alignnone wp-image-150669 \" src=\"https:\/\/www.tgrthaber.com\/mavikadin\/wp-content\/uploads\/Ekran-Resmi-2025-03-21-22.26.25.png\" alt=\"\" width=\"970\" height=\"558\" title=\"\" srcset=\"https:\/\/www.tgrthaber.com\/mavikadin\/wp-content\/uploads\/Ekran-Resmi-2025-03-21-22.26.25.png 876w, https:\/\/www.tgrthaber.com\/mavikadin\/wp-content\/uploads\/Ekran-Resmi-2025-03-21-22.26.25-300x173.png 300w, https:\/\/www.tgrthaber.com\/mavikadin\/wp-content\/uploads\/Ekran-Resmi-2025-03-21-22.26.25-768x442.png 768w\" sizes=\"(max-width: 970px) 100vw, 970px\" \/><\/p>\n<hr \/>\n<h3>MUSTAFA \u00dcST\u00dcNDA\u011e K\u0130MD\u0130R?<\/h3>\n<p class=\"p1\">Mustafa \u00dcst\u00fcnda\u011f, 11 \u015eubat 1977\u2019de Karab\u00fck\u2019\u00fcn Safranbolu il\u00e7esinde d\u00fcnyaya geldi. \u00c7ocukluk y\u0131llar\u0131n\u0131 Adana\u2019da ge\u00e7iren oyuncu, be\u015f ya\u015f\u0131nda b\u00fcy\u00fck bir kay\u0131p ya\u015fay\u0131p ablas\u0131n\u0131 kaybetti. Sanat yolculu\u011funa M\u00fcjdat Gezen Sanat Merkezi\u2019nde tiyatro e\u011fitimi alarak ba\u015flad\u0131. Kocaeli B\u00f6lge Tiyatrosu, Kartal Sanat \u0130\u015fli\u011fi ve MSM Oyuncular\u0131 gibi \u00f6nemli sahnelerde deneyim kazand\u0131. \u00dcst\u00fcnda\u011f, oyunculuk kariyerine ilk kez Y\u0131lan Hikayesi adl\u0131 dizide rol alarak ba\u015flad\u0131 ve kameralarla tan\u0131\u015ft\u0131.<\/p>\n<p>&nbsp;<\/p>\n<p class=\"p1\">\n","protected":false},"excerpt":{"rendered":"<p>\u00dcnl\u00fc oyuncu Mustafa \u00dcst\u00fcnda\u011f ve e\u015fi Tuba Kal\u00e7\u0131k, ikinci bebeklerini d\u00fcnyaya getirdi. \u00c7ift, bebeklerinin ismini ve cinsiyetini hen\u00fcz a\u00e7\u0131klamad\u0131. Mutlu haberi ise yak\u0131n arkada\u015flar\u0131 sosyal medya \u00fczerinden payla\u015ft\u0131.<\/p>\n","protected":false},"author":16,"featured_media":150672,"comment_status":"closed","ping_status":"closed","sticky":false,"template":"","format":"standard","meta":{"rank_math_lock_modified_date":false,"footnotes":""},"categories":[76],"tags":[15078,15079,15080],"class_list":["post-150626","post","type-post","status-publish","format-standard","has-post-thumbnail","hentry","category-magazin","tag-mustada-ustundag-baba-oldu","tag-mustafa-ustundag-2-kez-baba","tag-mustafa-ustundag-tugba-kalcik-bebekleri-oldu"],"_links":{"self":[{"href":"https:\/\/www.tgrthaber.com\/mavikadin\/wp-json\/wp\/v2\/posts\/150626"}],"collection":[{"href":"https:\/\/www.tgrthaber.com\/mavikadin\/wp-json\/wp\/v2\/posts"}],"about":[{"href":"https:\/\/www.tgrthaber.com\/mavikadin\/wp-json\/wp\/v2\/types\/post"}],"author":[{"embeddable":true,"href":"https:\/\/www.tgrthaber.com\/mavikadin\/wp-json\/wp\/v2\/users\/16"}],"replies":[{"embeddable":true,"href":"https:\/\/www.tgrthaber.com\/mavikadin\/wp-json\/wp\/v2\/comments?post=150626"}],"version-history":[{"count":1,"href":"https:\/\/www.tgrthaber.com\/mavikadin\/wp-json\/wp\/v2\/posts\/150626\/revisions"}],"predecessor-version":[{"id":150673,"href":"https:\/\/www.tgrthaber.com\/mavikadin\/wp-json\/wp\/v2\/posts\/150626\/revisions\/150673"}],"wp:featuredmedia":[{"embeddable":true,"href":"https:\/\/www.tgrthaber.com\/mavikadin\/wp-json\/wp\/v2\/media\/150672"}],"wp:attachment":[{"href":"https:\/\/www.tgrthaber.com\/mavikadin\/wp-json\/wp\/v2\/media?parent=150626"}],"wp:term":[{"taxonomy":"category","embeddable":true,"href":"https:\/\/www.tgrthaber.com\/mavikadin\/wp-json\/wp\/v2\/categories?post=150626"},{"taxonomy":"post_tag","embeddable":true,"href":"https:\/\/www.tgrthaber.com\/mavikadin\/wp-json\/wp\/v2\/tags?post=150626"}],"curies":[{"name":"wp","href":"https:\/\/api.w.org\/{rel}","templated":true}]}}