{"id":150677,"date":"2025-03-21T22:55:52","date_gmt":"2025-03-21T19:55:52","guid":{"rendered":"https:\/\/www.tgrthaber.com\/mavikadin\/?p=150677"},"modified":"2025-03-21T22:55:52","modified_gmt":"2025-03-21T19:55:52","slug":"kalp-spazmi-geciren-ozcan-deniz-anjiyo-oldu-esi-hastane-odasindan-paylasti-yorum-yagdi","status":"publish","type":"post","link":"https:\/\/www.tgrthaber.com\/mavikadin\/kalp-spazmi-geciren-ozcan-deniz-anjiyo-oldu-esi-hastane-odasindan-paylasti-yorum-yagdi\/","title":{"rendered":"Kalp spazm\u0131 ge\u00e7iren \u00d6zcan Deniz anjiyo oldu! E\u015fi hastane odas\u0131ndan payla\u015ft\u0131, yorum ya\u011fd\u0131!"},"content":{"rendered":"<p class=\"p1\">\u00dcnl\u00fc \u015fark\u0131c\u0131 ve oyuncu \u00d6zcan Deniz, ge\u00e7ti\u011fimiz g\u00fcnlerde ge\u00e7irdi\u011fi kalp spazm\u0131n\u0131n ard\u0131ndan hastaneye kald\u0131r\u0131lm\u0131\u015f ve anjiyo olmu\u015ftu. E\u015fi Samar Dadgar, hastane odas\u0131ndan sa\u011fl\u0131k durumu hakk\u0131nda a\u00e7\u0131klamalarda bulundu. E\u015finin payla\u015f\u0131m\u0131 \u00fczerine sosyal medyadan \u00d6zcan Deniz&#8217;e &#8216;ge\u00e7mi\u015f olsun&#8217; mesajlar\u0131 ya\u011fd\u0131.<\/p>\n<h3 class=\"p1\"><b>KALP SPMAZMI GE\u00c7\u0130REN \u00d6ZCAN DEN\u0130Z ANJ\u0130YO OLDU<\/b><b><\/b><\/h3>\n<p class=\"p1\">\u00d6zcan Deniz, son d\u00f6nemde ailesiyle ya\u015fad\u0131\u011f\u0131 gerilimler nedeniyle s\u00fcrekli magazin g\u00fcndemindeydi. \u00d6zellikle a\u011fabeyi Ercan Deniz ile ya\u015fad\u0131\u011f\u0131 maddi anla\u015fmazl\u0131klar, \u00fcnl\u00fc ismi olumsuz bir \u015fekilde etkiledi. Ailesiyle ya\u015fad\u0131\u011f\u0131 bu s\u0131k\u0131nt\u0131lar, sa\u011fl\u0131k a\u00e7\u0131s\u0131ndan da kendini g\u00f6sterdi. \u00d6zcan Deniz, \u015eubat ay\u0131nda ailesiyle ya\u015fad\u0131\u011f\u0131 sorunlar sonras\u0131 kalp spazm\u0131 ge\u00e7irmi\u015fti. Hastaneye kald\u0131r\u0131ld\u0131ktan sonra, durumu ciddiyetini korusa da k\u0131sa s\u00fcre i\u00e7inde iyile\u015fmeye ba\u015flam\u0131\u015ft\u0131. Spazm sonras\u0131 anjiyo olan \u00d6zcan Deniz&#8217;in sa\u011fl\u0131k durumu merak edilirken ilk a\u00e7\u0131klama e\u015fi Samar Dadgar&#8217;dan geldi.<\/p>\n<p><img loading=\"lazy\" decoding=\"async\" class=\"alignnone wp-image-150681 size-large\" src=\"https:\/\/www.tgrthaber.com\/mavikadin\/wp-content\/uploads\/Ekran-Resmi-2025-03-21-22.50.34-1024x589.png\" alt=\"\" width=\"1024\" height=\"589\" title=\"\" srcset=\"https:\/\/www.tgrthaber.com\/mavikadin\/wp-content\/uploads\/Ekran-Resmi-2025-03-21-22.50.34-1024x589.png 1024w, https:\/\/www.tgrthaber.com\/mavikadin\/wp-content\/uploads\/Ekran-Resmi-2025-03-21-22.50.34-300x173.png 300w, https:\/\/www.tgrthaber.com\/mavikadin\/wp-content\/uploads\/Ekran-Resmi-2025-03-21-22.50.34-768x442.png 768w, https:\/\/www.tgrthaber.com\/mavikadin\/wp-content\/uploads\/Ekran-Resmi-2025-03-21-22.50.34.png 1286w\" sizes=\"(max-width: 1024px) 100vw, 1024px\" \/><\/p>\n<hr \/>\n<h3 class=\"p1\"><b>SAMAR DADGAR HASTANE ODASINDAN PAYLA\u015eTI<\/b><\/h3>\n<p class=\"p1\">Samar Dadgar, e\u015fi \u00d6zcan Deniz\u2019in sa\u011fl\u0131k durumu hakk\u0131nda sosyal medya hesab\u0131ndan bir payla\u015f\u0131m yapt\u0131. Dadgar,\u00a0&#8220;Biz bir anjiyo olup \u00e7\u0131kaca\u011f\u0131z. Her \u015fey yolunda, sadece yatak biraz dar, zor s\u0131\u011fd\u0131m ama kalkmam.&#8221;\u00a0dedi. Ard\u0131ndan 2. bir payla\u015f\u0131m daha yapan Dadgar, \u015funlar\u0131 yazd\u0131: &#8220;\u00c7\u0131kt\u0131 \u00fcz\u00fcml\u00fc kekim. Arayan soran herkes merak etmesin, her \u015fey yolunda.&#8221;<\/p>\n<p><img loading=\"lazy\" decoding=\"async\" class=\"alignnone wp-image-150682 \" src=\"https:\/\/www.tgrthaber.com\/mavikadin\/wp-content\/uploads\/Ekran-Resmi-2025-03-21-22.50.50-642x1024.png\" alt=\"\" width=\"970\" height=\"1547\" title=\"\" srcset=\"https:\/\/www.tgrthaber.com\/mavikadin\/wp-content\/uploads\/Ekran-Resmi-2025-03-21-22.50.50-642x1024.png 642w, https:\/\/www.tgrthaber.com\/mavikadin\/wp-content\/uploads\/Ekran-Resmi-2025-03-21-22.50.50-188x300.png 188w, https:\/\/www.tgrthaber.com\/mavikadin\/wp-content\/uploads\/Ekran-Resmi-2025-03-21-22.50.50.png 688w\" sizes=\"(max-width: 970px) 100vw, 970px\" \/><\/p>\n<hr \/>\n<h3 class=\"p1\">SAMAR DADGAR K\u0130MD\u0130R?<\/h3>\n<p class=\"p2\">Samar Dadgar, 1994 y\u0131l\u0131nda \u0130ran\u2019da d\u00fcnyaya geldi. E\u011fitimine kendi \u00fclkesinde ba\u015flayan Dadgar, daha sonra Avrupa\u2019da e\u011fitim hayat\u0131na devam etti. Son 1.5 y\u0131l i\u00e7inde \u00d6zcan Deniz ile birlikte olan ve sessiz bir \u015fekilde evlenen \u0130ranl\u0131 modac\u0131, evliliklerini sosyal medyada payla\u015ft\u0131\u011f\u0131 nikah foto\u011fraflar\u0131yla duyurdu. Samar Dadgar, ayn\u0131 zamanda House Of Galus markas\u0131n\u0131n kurucusu ve sahibidir.<\/p>\n<p><img loading=\"lazy\" decoding=\"async\" class=\"alignnone wp-image-150683 \" src=\"https:\/\/www.tgrthaber.com\/mavikadin\/wp-content\/uploads\/Ekran-Resmi-2025-03-21-22.50.58-762x1024.png\" alt=\"\" width=\"967\" height=\"1299\" title=\"\" srcset=\"https:\/\/www.tgrthaber.com\/mavikadin\/wp-content\/uploads\/Ekran-Resmi-2025-03-21-22.50.58-762x1024.png 762w, https:\/\/www.tgrthaber.com\/mavikadin\/wp-content\/uploads\/Ekran-Resmi-2025-03-21-22.50.58-223x300.png 223w, https:\/\/www.tgrthaber.com\/mavikadin\/wp-content\/uploads\/Ekran-Resmi-2025-03-21-22.50.58-768x1032.png 768w, https:\/\/www.tgrthaber.com\/mavikadin\/wp-content\/uploads\/Ekran-Resmi-2025-03-21-22.50.58.png 820w\" sizes=\"(max-width: 967px) 100vw, 967px\" \/><\/p>\n<hr \/>\n<h3>\u00d6ZCAN DEN\u0130Z K\u0130MD\u0130R?<\/h3>\n<p class=\"p2\">\u00d6zcan Deniz, 19 May\u0131s 1972 tarihinde Ankara\u2019da d\u00fcnyaya gelmi\u015ftir. Ailesi, 1977 y\u0131l\u0131nda Ayd\u0131n\u2019a g\u00f6\u00e7 ettikten sonra, gen\u00e7lik y\u0131llar\u0131n\u0131 burada ge\u00e7iren \u00fcnl\u00fc sanat\u00e7\u0131, m\u00fczi\u011fe olan ilgisini erken ya\u015fta ke\u015ffetmi\u015ftir. K\u00fc\u00e7\u00fck ya\u015flarda amat\u00f6r tiyatro oyunlar\u0131 sergileyerek sanata olan tutkusunu geli\u015ftiren Deniz, 1985\u2019te Ayd\u0131n\u2019da orkestra solisti olarak tan\u0131nm\u0131\u015ft\u0131r.<\/p>\n<p><img loading=\"lazy\" decoding=\"async\" class=\"alignnone wp-image-150684 \" src=\"https:\/\/www.tgrthaber.com\/mavikadin\/wp-content\/uploads\/Ekran-Resmi-2025-03-21-22.53.12.png\" alt=\"\" width=\"974\" height=\"554\" title=\"\" srcset=\"https:\/\/www.tgrthaber.com\/mavikadin\/wp-content\/uploads\/Ekran-Resmi-2025-03-21-22.53.12.png 932w, https:\/\/www.tgrthaber.com\/mavikadin\/wp-content\/uploads\/Ekran-Resmi-2025-03-21-22.53.12-300x171.png 300w, https:\/\/www.tgrthaber.com\/mavikadin\/wp-content\/uploads\/Ekran-Resmi-2025-03-21-22.53.12-768x437.png 768w\" sizes=\"(max-width: 974px) 100vw, 974px\" \/><\/p>\n<hr \/>\n<p class=\"p2\">M\u00fczik kariyerine \u0130zmir ve Antalya\u2019da devam ettikten sonra, 1988\u2019de \u0130stanbul\u2019a ta\u015f\u0131nm\u0131\u015f, sonras\u0131nda Almanya\u2019ya gitmi\u015ftir. 1992 y\u0131l\u0131nda ilk alb\u00fcm\u00fcn\u00fc \u00e7\u0131karan \u00d6zcan Deniz, 1993\u2019te &#8216;Mele\u011fim&#8217; alb\u00fcm\u00fcyle b\u00fcy\u00fck bir \u00e7\u0131k\u0131\u015f yapm\u0131\u015ft\u0131r.<\/p>\n","protected":false},"excerpt":{"rendered":"<p>\u00dcnl\u00fc \u015fark\u0131c\u0131 ve oyuncu \u00d6zcan Deniz, yak\u0131n zamanda kalp spazm\u0131 ge\u00e7irerek hastaneye kald\u0131r\u0131lm\u0131\u015f ve anjiyo olmu\u015ftu. E\u015fi Samar Dadgar, hastanede bulundu\u011fu s\u0131rada sa\u011fl\u0131k durumu hakk\u0131nda sosyal medyadan a\u00e7\u0131klamalarda bulundu. Samar Dadgar\u2019\u0131n yapt\u0131\u011f\u0131 payla\u015f\u0131m sonras\u0131, hayranlar\u0131 ve takip\u00e7ileri \u00d6zcan Deniz\u2019e ge\u00e7mi\u015f olsun dileklerini iletti.<\/p>\n","protected":false},"author":16,"featured_media":150685,"comment_status":"closed","ping_status":"closed","sticky":false,"template":"","format":"standard","meta":{"rank_math_lock_modified_date":false,"footnotes":""},"categories":[76],"tags":[15084,15085,15086],"class_list":["post-150677","post","type-post","status-publish","format-standard","has-post-thumbnail","hentry","category-magazin","tag-ozcan-deniz-anjiyo","tag-ozcan-deniz-samar-dadgar-anjiyo","tag-samar-dadgar-hastane-paylasim-ozcan-deniz"],"_links":{"self":[{"href":"https:\/\/www.tgrthaber.com\/mavikadin\/wp-json\/wp\/v2\/posts\/150677"}],"collection":[{"href":"https:\/\/www.tgrthaber.com\/mavikadin\/wp-json\/wp\/v2\/posts"}],"about":[{"href":"https:\/\/www.tgrthaber.com\/mavikadin\/wp-json\/wp\/v2\/types\/post"}],"author":[{"embeddable":true,"href":"https:\/\/www.tgrthaber.com\/mavikadin\/wp-json\/wp\/v2\/users\/16"}],"replies":[{"embeddable":true,"href":"https:\/\/www.tgrthaber.com\/mavikadin\/wp-json\/wp\/v2\/comments?post=150677"}],"version-history":[{"count":2,"href":"https:\/\/www.tgrthaber.com\/mavikadin\/wp-json\/wp\/v2\/posts\/150677\/revisions"}],"predecessor-version":[{"id":150687,"href":"https:\/\/www.tgrthaber.com\/mavikadin\/wp-json\/wp\/v2\/posts\/150677\/revisions\/150687"}],"wp:featuredmedia":[{"embeddable":true,"href":"https:\/\/www.tgrthaber.com\/mavikadin\/wp-json\/wp\/v2\/media\/150685"}],"wp:attachment":[{"href":"https:\/\/www.tgrthaber.com\/mavikadin\/wp-json\/wp\/v2\/media?parent=150677"}],"wp:term":[{"taxonomy":"category","embeddable":true,"href":"https:\/\/www.tgrthaber.com\/mavikadin\/wp-json\/wp\/v2\/categories?post=150677"},{"taxonomy":"post_tag","embeddable":true,"href":"https:\/\/www.tgrthaber.com\/mavikadin\/wp-json\/wp\/v2\/tags?post=150677"}],"curies":[{"name":"wp","href":"https:\/\/api.w.org\/{rel}","templated":true}]}}