{"id":150678,"date":"2025-03-21T22:59:04","date_gmt":"2025-03-21T19:59:04","guid":{"rendered":"https:\/\/www.tgrthaber.com\/mavikadin\/?p=150678"},"modified":"2025-03-21T22:59:05","modified_gmt":"2025-03-21T19:59:05","slug":"ebru-gundes-hayranlarini-korkuttu-mide-endoskopisi-yapildigi-ortaya-cikti","status":"publish","type":"post","link":"https:\/\/www.tgrthaber.com\/mavikadin\/ebru-gundes-hayranlarini-korkuttu-mide-endoskopisi-yapildigi-ortaya-cikti\/","title":{"rendered":"Ebru G\u00fcnde\u015f hayranlar\u0131n\u0131 korkuttu! Mide endoskopisi yap\u0131ld\u0131\u011f\u0131 ortaya \u00e7\u0131kt\u0131!"},"content":{"rendered":"<p>\u00dcnl\u00fc \u015fark\u0131c\u0131 Ebru G\u00fcnde\u015f, sabah saatlerinde hastaneye giderek, endoskopi i\u015flemi yapt\u0131rd\u0131. Mide rahats\u0131zl\u0131\u011f\u0131 ya\u015fayan Ebru G\u00fcnde\u015f, rahats\u0131zl\u0131\u011f\u0131n\u0131n nedeninin anla\u015f\u0131lmas\u0131 i\u00e7in \u00f6zel bir hastanede doktorunun iste\u011fi \u00fczerine mide endoskopi i\u015flemi yap\u0131ld\u0131. \u0130\u015flem bittikten sonra hastaneden sessizce ayr\u0131larak evine gitti.<\/p>\n<h3>EBRU G\u00dcNDE\u015e M\u0130DE ENDOSKOP\u0130S\u0130 YAPILDI<\/h3>\n<p>Habert\u00fcrk&#8217;ten Nazif \u015eahin Karpuz&#8217;un haberine g\u00f6re; Ebru G\u00fcnde\u015f, ya\u015fad\u0131\u011f\u0131 mide rahats\u0131zl\u0131\u011f\u0131ndan \u00f6t\u00fcr\u00fc sabah saatlerinde \u00f6zel bir hastaneye gitti. Doktorunun kontrol ama\u00e7l\u0131 yapt\u0131rd\u0131\u011f\u0131 mide endoskopisi i\u015flemi i\u00e7in hastaneye giden Ebru G\u00fcnde\u015f, i\u015flem sonras\u0131 dinlendikten sonra hastaneden ayr\u0131ld\u0131. G\u00fcnde\u015f\u2019in rahats\u0131zl\u0131\u011f\u0131yla alakal\u0131 i\u015flemler tamamland\u0131ktan sonra hastaneden sessizce dikkat \u00e7ekmeden arabas\u0131na binerek evine gitti.<\/p>\n<p><img loading=\"lazy\" decoding=\"async\" class=\"alignnone wp-image-150688\" src=\"https:\/\/www.tgrthaber.com\/mavikadin\/wp-content\/uploads\/ebru-gundes-mide-rahatsizligi-300x169.jpg\" alt=\"ebru g\u00fcnde\u015f mide rahats\u0131zl\u0131\u011f\u0131\" width=\"1208\" height=\"680\" title=\"\" srcset=\"https:\/\/www.tgrthaber.com\/mavikadin\/wp-content\/uploads\/ebru-gundes-mide-rahatsizligi-300x169.jpg 300w, https:\/\/www.tgrthaber.com\/mavikadin\/wp-content\/uploads\/ebru-gundes-mide-rahatsizligi-1024x576.jpg 1024w, https:\/\/www.tgrthaber.com\/mavikadin\/wp-content\/uploads\/ebru-gundes-mide-rahatsizligi-768x432.jpg 768w, https:\/\/www.tgrthaber.com\/mavikadin\/wp-content\/uploads\/ebru-gundes-mide-rahatsizligi-1536x864.jpg 1536w, https:\/\/www.tgrthaber.com\/mavikadin\/wp-content\/uploads\/ebru-gundes-mide-rahatsizligi.jpg 1920w\" sizes=\"(max-width: 1208px) 100vw, 1208px\" \/><\/p>\n<hr \/>\n<h3>EBRU G\u00dcNDE\u015e HAYRANLARINI KORKUTTU<\/h3>\n<p>Ebru G\u00fcnde\u015f\u2019in rahats\u0131zl\u0131\u011f\u0131ndan kaynakl\u0131 hastaneye gitti\u011fini \u00f6\u011frenen hayranlar\u0131 ve sevenleri, sanat\u00e7\u0131n\u0131n durumunu merak etti. Y\u0131llar \u00f6nce ya\u015fad\u0131\u011f\u0131 beyin kanamas\u0131 sonucu \u00f6l\u00fcmden d\u00f6nen \u00fcnl\u00fc sanat\u00e7\u0131 Ebru G\u00fcnde\u015f\u2019in midesinden kaynakl\u0131 hastaneye gitmesi hayranlar\u0131n\u0131 korkuttu. G\u00fcnde\u015f\u2019in sa\u011fl\u0131k durumuyla ilgili ak\u0131betin ne oldu\u011fu konusunda herhangi bir bilgi bulunmaktad\u0131r.<\/p>\n","protected":false},"excerpt":{"rendered":"<p>\u00dcnl\u00fc \u015fark\u0131c\u0131 Ebru G\u00fcnde\u015f, sabah saatlerinde hastaneye giderek, endoskopi i\u015flemi yapt\u0131rd\u0131. Mide rahats\u0131zl\u0131\u011f\u0131 ya\u015fayan Ebru G\u00fcnde\u015f, rahats\u0131zl\u0131\u011f\u0131n\u0131n nedeninin anla\u015f\u0131lmas\u0131 i\u00e7in \u00f6zel bir hastanede doktorunun iste\u011fi \u00fczerine mide endoskopi i\u015flemi yap\u0131ld\u0131. \u0130\u015flem bittikten sonra hastaneden sessizce ayr\u0131larak evine gitti. <\/p>\n","protected":false},"author":10,"featured_media":150689,"comment_status":"closed","ping_status":"closed","sticky":false,"template":"","format":"standard","meta":{"rank_math_lock_modified_date":false,"footnotes":""},"categories":[76],"tags":[3084,247,133,2218,15087],"class_list":["post-150678","post","type-post","status-publish","format-standard","has-post-thumbnail","hentry","category-magazin","tag-ebru-gundes","tag-kesfet","tag-magazin","tag-magazin-haberleri","tag-mide-endoskopisi"],"_links":{"self":[{"href":"https:\/\/www.tgrthaber.com\/mavikadin\/wp-json\/wp\/v2\/posts\/150678"}],"collection":[{"href":"https:\/\/www.tgrthaber.com\/mavikadin\/wp-json\/wp\/v2\/posts"}],"about":[{"href":"https:\/\/www.tgrthaber.com\/mavikadin\/wp-json\/wp\/v2\/types\/post"}],"author":[{"embeddable":true,"href":"https:\/\/www.tgrthaber.com\/mavikadin\/wp-json\/wp\/v2\/users\/10"}],"replies":[{"embeddable":true,"href":"https:\/\/www.tgrthaber.com\/mavikadin\/wp-json\/wp\/v2\/comments?post=150678"}],"version-history":[{"count":1,"href":"https:\/\/www.tgrthaber.com\/mavikadin\/wp-json\/wp\/v2\/posts\/150678\/revisions"}],"predecessor-version":[{"id":150690,"href":"https:\/\/www.tgrthaber.com\/mavikadin\/wp-json\/wp\/v2\/posts\/150678\/revisions\/150690"}],"wp:featuredmedia":[{"embeddable":true,"href":"https:\/\/www.tgrthaber.com\/mavikadin\/wp-json\/wp\/v2\/media\/150689"}],"wp:attachment":[{"href":"https:\/\/www.tgrthaber.com\/mavikadin\/wp-json\/wp\/v2\/media?parent=150678"}],"wp:term":[{"taxonomy":"category","embeddable":true,"href":"https:\/\/www.tgrthaber.com\/mavikadin\/wp-json\/wp\/v2\/categories?post=150678"},{"taxonomy":"post_tag","embeddable":true,"href":"https:\/\/www.tgrthaber.com\/mavikadin\/wp-json\/wp\/v2\/tags?post=150678"}],"curies":[{"name":"wp","href":"https:\/\/api.w.org\/{rel}","templated":true}]}}