{"id":150705,"date":"2025-03-22T00:20:42","date_gmt":"2025-03-21T21:20:42","guid":{"rendered":"https:\/\/www.tgrthaber.com\/mavikadin\/?p=150705"},"modified":"2025-03-22T00:20:42","modified_gmt":"2025-03-21T21:20:42","slug":"10-yil-sonra-ekranlara-geri-donuyor-onur-buyuktopcu-kamil-roluyle-cift-kisilik-oda-dizisine-dahil-oldu","status":"publish","type":"post","link":"https:\/\/www.tgrthaber.com\/mavikadin\/10-yil-sonra-ekranlara-geri-donuyor-onur-buyuktopcu-kamil-roluyle-cift-kisilik-oda-dizisine-dahil-oldu\/","title":{"rendered":"10 y\u0131l sonra ekranlara geri d\u00f6n\u00fcyor! Onur B\u00fcy\u00fcktop\u00e7u, Kamil rol\u00fcyle \u00c7ift Ki\u015filik Oda dizisine dahil oldu!"},"content":{"rendered":"<p>Kiral\u0131k A\u015fk dizisinde Koray Sarg\u0131n rol\u00fcyle geni\u015f bir hedef kitleye uzanan Onur B\u00fcy\u00fcktop\u00e7u, y\u0131llar sonra ekranlara geri d\u00f6n\u00fcyor. Uzun s\u00fcredir istedi\u011fi tarzda bir dizi olmad\u0131\u011f\u0131n\u0131 s\u00f6yleyen oyuncu Onur B\u00fcy\u00fcktop\u00e7u, hayranlar\u0131n\u0131 sevindirecek haberi duyurdu. Onur B\u00fcy\u00fcktop\u00e7u, \u00c7ift Ki\u015filik Oda dizisinde Kamil karakterini oynayacak.<\/p>\n<h3>10 YIL SONRA GER\u0130 D\u00d6N\u00dcYOR<\/h3>\n<p>Kiral\u0131k A\u015fk dizisinde Koray Sarg\u0131n rol\u00fc ile izleyenlerin g\u00f6nl\u00fcn\u00fc feth eden Onur B\u00fcy\u00fcktop\u00e7u, \u201cKori\u015f\u201d lakab\u0131yla herkes taraf\u0131ndan sevilen bir oyuncu oldu. Onur B\u00fcy\u00fcktop\u00e7u, 2 farkl\u0131 projede k\u0131sa s\u00fcreli yer alm\u0131\u015f olsa da dizi sekt\u00f6r\u00fcnden uzun bir s\u00fcre uzak kald\u0131. Bir d\u00f6nemde televizyonda sunuculuk yapan Onur B\u00fcy\u00fcktop\u00e7u, istedi\u011fi ba\u015far\u0131 elde edemedi.<\/p>\n<p>Yusuf Pirhasan taraf\u0131ndan y\u00f6netilecek ve Ay\u015fe \u00dcner Kutlu\u2019nun kaleminden yaz\u0131lacak olan \u00c7ift Ki\u015filik Oda dizisinde Kamil rol\u00fcyle ekranlara geri d\u00f6necek. Onur B\u00fcy\u00fcktop\u00e7u, hem yeni imaj\u0131 hem de yeni karakteriyle izleyicilerinin kar\u015f\u0131s\u0131na \u00e7\u0131kacak.<\/p>\n<p><img loading=\"lazy\" decoding=\"async\" class=\"alignnone wp-image-150714\" src=\"https:\/\/www.tgrthaber.com\/mavikadin\/wp-content\/uploads\/onur-buyuktopcu-ekranlara-geri-donuyor-300x169.jpg\" alt=\"onur b\u00fcy\u00fcktop\u00e7u ekranlara geri d\u00f6n\u00fcyor\" width=\"1208\" height=\"680\" title=\"\" srcset=\"https:\/\/www.tgrthaber.com\/mavikadin\/wp-content\/uploads\/onur-buyuktopcu-ekranlara-geri-donuyor-300x169.jpg 300w, https:\/\/www.tgrthaber.com\/mavikadin\/wp-content\/uploads\/onur-buyuktopcu-ekranlara-geri-donuyor-1024x576.jpg 1024w, https:\/\/www.tgrthaber.com\/mavikadin\/wp-content\/uploads\/onur-buyuktopcu-ekranlara-geri-donuyor-768x432.jpg 768w, https:\/\/www.tgrthaber.com\/mavikadin\/wp-content\/uploads\/onur-buyuktopcu-ekranlara-geri-donuyor-1536x864.jpg 1536w, https:\/\/www.tgrthaber.com\/mavikadin\/wp-content\/uploads\/onur-buyuktopcu-ekranlara-geri-donuyor.jpg 1920w\" sizes=\"(max-width: 1208px) 100vw, 1208px\" \/><\/p>\n<hr \/>\n<h3>ONUR B\u00dcY\u00dcKTOP\u00c7U 16 K\u0130LO VERD\u0130<\/h3>\n<p>Onur B\u00fcy\u00fcktop\u00e7u, ekranlarda uzak durdu\u011fu s\u00fcre zarf\u0131nda d\u0131\u015f g\u00f6r\u00fcn\u00fc\u015f\u00fcnde de\u011fi\u015fikli\u011fe gitti. \u00dcnl\u00fc oyuncu ve sunucu Onur B\u00fcy\u00fcktop\u00e7u, kilo verme s\u00fcrecine ad\u0131m atm\u0131\u015ft\u0131. Sa\u011fl\u0131kl\u0131 beslenme y\u00f6ntemiyle B\u00fcy\u00fcktop\u00e7u, tam olarak 16 kilo verdi. Yeni imaj\u0131 ve g\u00f6r\u00fcn\u00fcm\u00fcyle takip\u00e7ilerinin dikkatini \u00e7eken Onur B\u00fcy\u00fcktop\u00e7u, yepyeni bir proje ile seyircileriyle bulu\u015fmaya haz\u0131rlan\u0131yor.<\/p>\n<p>\u00c7ift Ki\u015filik Oda dizisinde l\u00fcks otelin kral dairesinden sorumlu butler\u2019\u0131 olan Kamil\u2019e oynayacak. Kamil, Nil\u00fcfer ve Kaan aras\u0131nda ya\u015fan\u0131lan sorunlar\u0131 dengede tutabilmek i\u00e7in elinden gelen yapan ki\u015fiyi oynayarak, yeni bir karakterle seyircisinin be\u011fenisini kazanmaya \u00e7al\u0131\u015facak.<\/p>\n<p><img loading=\"lazy\" decoding=\"async\" class=\"alignnone wp-image-150719\" src=\"https:\/\/www.tgrthaber.com\/mavikadin\/wp-content\/uploads\/onur-buyuktopcu-cift-kisilik-oda-dizisinde-300x169.jpg\" alt=\"onur b\u00fcy\u00fcktop\u00e7u \u00e7ift ki\u015filik oda dizisinde\" width=\"1208\" height=\"680\" title=\"\" srcset=\"https:\/\/www.tgrthaber.com\/mavikadin\/wp-content\/uploads\/onur-buyuktopcu-cift-kisilik-oda-dizisinde-300x169.jpg 300w, https:\/\/www.tgrthaber.com\/mavikadin\/wp-content\/uploads\/onur-buyuktopcu-cift-kisilik-oda-dizisinde-1024x576.jpg 1024w, https:\/\/www.tgrthaber.com\/mavikadin\/wp-content\/uploads\/onur-buyuktopcu-cift-kisilik-oda-dizisinde-768x432.jpg 768w, https:\/\/www.tgrthaber.com\/mavikadin\/wp-content\/uploads\/onur-buyuktopcu-cift-kisilik-oda-dizisinde-1536x864.jpg 1536w, https:\/\/www.tgrthaber.com\/mavikadin\/wp-content\/uploads\/onur-buyuktopcu-cift-kisilik-oda-dizisinde.jpg 1920w\" sizes=\"(max-width: 1208px) 100vw, 1208px\" \/><\/p>\n<hr \/>\n<h3>\u00c7\u0130FT K\u0130\u015e\u0130L\u0130K ODA D\u0130Z\u0130S\u0130N\u0130N OYUNCU KADROSU<\/h3>\n<p>MFYap\u0131m imzal\u0131 \u00c7ift Ki\u015filik Oda dizisi Now Tv\u2019de ekranlara gelecek. Nisan ay\u0131nda sete \u00e7\u0131kmas\u0131 planlanan \u00c7ift Ki\u015filik Oda dizisinin oyuncu kadrosunda;<\/p>\n<ul>\n<li>Ula\u015f Tuna Astepe\u2019nin \u201cKaan\u201d<\/li>\n<li>Devrim \u00d6zkan\u2019\u0131n \u201cNil\u00fcfer\u201d<\/li>\n<li>Onur B\u00fcy\u00fcktop\u00e7u \u201c Kamil\u201d<\/li>\n<li>G\u00f6zde Seda Altuner (Sevil)<\/li>\n<li>Seren \u015eirince (Beg\u00fcm)<\/li>\n<li>G\u00f6zde T\u00fcrker (Gamze)<\/li>\n<li>Serkan T\u0131nmaz (Ferit)<\/li>\n<li>Hivda Zizan Alp (Melike)<\/li>\n<\/ul>\n","protected":false},"excerpt":{"rendered":"<p>Kiral\u0131k A\u015fk dizisinde Koray Sarg\u0131n rol\u00fcyle geni\u015f bir hedef kitleye uzanan Onur B\u00fcy\u00fcktop\u00e7u, y\u0131llar sonra ekranlara geri d\u00f6n\u00fcyor. Uzun s\u00fcredir istedi\u011fi tarzda bir dizi olmad\u0131\u011f\u0131n\u0131 s\u00f6yleyen oyuncu Onur B\u00fcy\u00fcktop\u00e7u, hayranlar\u0131n\u0131 sevindirecek haberi duyurdu. Onur B\u00fcy\u00fcktop\u00e7u, \u00c7ift Ki\u015filik Oda dizisinde Kamil karakterini oynayacak. <\/p>\n","protected":false},"author":10,"featured_media":150714,"comment_status":"closed","ping_status":"closed","sticky":false,"template":"","format":"standard","meta":{"rank_math_lock_modified_date":false,"footnotes":""},"categories":[602],"tags":[10275,11857,2628,10390,247,6039],"class_list":["post-150705","post","type-post","status-publish","format-standard","has-post-thumbnail","hentry","category-diziler","tag-cift-kisilik-oda","tag-cift-kisilik-oda-dizisi","tag-dizi-haberleri","tag-dizi-magazin","tag-kesfet","tag-onur-buyuktopcu"],"_links":{"self":[{"href":"https:\/\/www.tgrthaber.com\/mavikadin\/wp-json\/wp\/v2\/posts\/150705"}],"collection":[{"href":"https:\/\/www.tgrthaber.com\/mavikadin\/wp-json\/wp\/v2\/posts"}],"about":[{"href":"https:\/\/www.tgrthaber.com\/mavikadin\/wp-json\/wp\/v2\/types\/post"}],"author":[{"embeddable":true,"href":"https:\/\/www.tgrthaber.com\/mavikadin\/wp-json\/wp\/v2\/users\/10"}],"replies":[{"embeddable":true,"href":"https:\/\/www.tgrthaber.com\/mavikadin\/wp-json\/wp\/v2\/comments?post=150705"}],"version-history":[{"count":1,"href":"https:\/\/www.tgrthaber.com\/mavikadin\/wp-json\/wp\/v2\/posts\/150705\/revisions"}],"predecessor-version":[{"id":150725,"href":"https:\/\/www.tgrthaber.com\/mavikadin\/wp-json\/wp\/v2\/posts\/150705\/revisions\/150725"}],"wp:featuredmedia":[{"embeddable":true,"href":"https:\/\/www.tgrthaber.com\/mavikadin\/wp-json\/wp\/v2\/media\/150714"}],"wp:attachment":[{"href":"https:\/\/www.tgrthaber.com\/mavikadin\/wp-json\/wp\/v2\/media?parent=150705"}],"wp:term":[{"taxonomy":"category","embeddable":true,"href":"https:\/\/www.tgrthaber.com\/mavikadin\/wp-json\/wp\/v2\/categories?post=150705"},{"taxonomy":"post_tag","embeddable":true,"href":"https:\/\/www.tgrthaber.com\/mavikadin\/wp-json\/wp\/v2\/tags?post=150705"}],"curies":[{"name":"wp","href":"https:\/\/api.w.org\/{rel}","templated":true}]}}